{"id":3983,"date":"2014-04-03T17:07:46","date_gmt":"2014-04-03T20:07:46","guid":{"rendered":"http:\/\/www.atecordoba.org\/?p=3983"},"modified":"2014-04-03T17:07:46","modified_gmt":"2014-04-03T20:07:46","slug":"primer-curso-formacion-para-nuevos-delegados-2014","status":"publish","type":"post","link":"https:\/\/atecordoba.org\/?p=3983","title":{"rendered":"Primer curso formaci\u00f3n para nuevos delegados 2014"},"content":{"rendered":"<p style=\"text-align: left;\" align=\"center\"><em>El taller tiene el objetivo introducir a los delegados recientemente electos en los contenidos b\u00e1sicos de la actividad gremial.<\/em><\/p>\n<p style=\"text-align: center;\" align=\"center\"><a href=\"http:\/\/www.atecordoba.org\/wp-content\/uploads\/2014\/04\/IMG_6055.jpg\"><img loading=\"lazy\" decoding=\"async\" class=\"aligncenter  wp-image-3984\" alt=\"IMG_6055\" src=\"http:\/\/www.atecordoba.org\/wp-content\/uploads\/2014\/04\/IMG_6055.jpg\" width=\"580\" height=\"327\" \/><\/a><\/p>\n<p>En la sede del CISPREN, el viernes 28 de marzo se llev\u00f3 a cabo el primer encuentro de formaci\u00f3n 2014 para nuevos delegados de nuestro gremio, organizado por la Secretar\u00eda de Formaci\u00f3n del Consejo Directivo Provincial (CDP) se realiz\u00f3 este viernes 28 de Marzo\u00a0 en la sede del CISPREN.<\/p>\n<p>Alrededor de 30 compa\u00f1eros y compa\u00f1eras participaron de este espacio colectivo de formaci\u00f3n donde se abordaron temas como la representaci\u00f3n gremial, modelos sindicales, democracia, participaci\u00f3n, etc.<\/p>\n<p>El equipo de Formaci\u00f3n tuvo a su cargo la organizaci\u00f3n de contenidos y entrega de material bibliogr\u00e1fico, destinado a las delegadas y delegados, donde se destaca la entrega del Manual del Delegado de ATE, elaborado y\u00a0 editado por nuestro CDN, que constituye una herramienta fundamental de trabajo para los activistas de nuestro gremio.<\/p>\n<p><a href=\"http:\/\/www.atecordoba.org\/wp-content\/uploads\/2014\/04\/IMG_6046-e1396555574474.jpg\"><img loading=\"lazy\" decoding=\"async\" class=\" wp-image-3985 alignright\" alt=\"IMG_6046\" src=\"http:\/\/www.atecordoba.org\/wp-content\/uploads\/2014\/04\/IMG_6046-e1396555574474.jpg\" width=\"336\" height=\"189\" \/><\/a>Cabe destacar la alta participaci\u00f3n de todos las compa\u00f1eras y compa\u00f1eros, consolidando una vez m\u00e1s el principio que sustenta ATE: el conocimiento es una construcci\u00f3n colectiva y no el resultado de clases magistrales o imposici\u00f3n de de recetas de c\u00f3mo debe ser la pr\u00e1ctica gremial<\/p>\n<p>En la oportunidad estuvieron presentes los miembros del CDP Diego Guerra, secretario Gremial, y Daniel Pawluchuck, secretario de Prensa, entendiendo que la formaci\u00f3n no es una tarea un\u00edvoca de una secretar\u00eda si no que debe ir unida en forma dial\u00e9ctica a la acci\u00f3n gremial cotidiana de los compa\u00f1eros.<\/p>\n<p>Vale recordar que este encuentro es el inicio de las actividades de la Secretar\u00eda Formaci\u00f3n, con una serie espacios de formaci\u00f3n cuyos destinatarios ser\u00e1n tanto delegados y militantes de de ATE como p\u00fablico en general.<\/p>\n<p>&nbsp;<\/p>\n<p>&nbsp;<\/p>\n<p>&nbsp;<\/p>\n","protected":false},"excerpt":{"rendered":"<p>El taller tiene el objetivo introducir a los delegados recientemente electos en los contenidos b\u00e1sicos de la actividad gremial. En la sede del CISPREN, el viernes 28 de marzo se llev\u00f3 a cabo el primer encuentro de formaci\u00f3n 2014 para nuevos delegados de nuestro gremio, organizado por la Secretar\u00eda de Formaci\u00f3n del Consejo Directivo Provincial [&hellip;]<\/p>\n","protected":false},"author":1,"featured_media":19220,"comment_status":"open","ping_status":"open","sticky":false,"template":"","format":"standard","meta":{"_exactmetrics_skip_tracking":false,"_exactmetrics_sitenote_active":false,"_exactmetrics_sitenote_note":"","_exactmetrics_sitenote_category":0,"jnews-multi-image_gallery":[],"jnews_single_post":[],"jnews_primary_category":[],"jnews_social_meta":[],"jnews_review":[],"enable_review":"","type":"","name":"","summary":"","brand":"","sku":"","good":[],"bad":[],"score_override":"","override_value":"","rating":[],"price":[],"jnews_override_counter":[],"jnews_post_split":[],"footnotes":""},"categories":[88],"tags":[],"class_list":["post-3983","post","type-post","status-publish","format-standard","has-post-thumbnail","hentry","category-formacion"],"jetpack_featured_media_url":"https:\/\/atecordoba.org\/wp-content\/uploads\/2020\/05\/logo-nuevochico-e1561581322808.png","_links":{"self":[{"href":"https:\/\/atecordoba.org\/index.php?rest_route=\/wp\/v2\/posts\/3983","targetHints":{"allow":["GET"]}}],"collection":[{"href":"https:\/\/atecordoba.org\/index.php?rest_route=\/wp\/v2\/posts"}],"about":[{"href":"https:\/\/atecordoba.org\/index.php?rest_route=\/wp\/v2\/types\/post"}],"author":[{"embeddable":true,"href":"https:\/\/atecordoba.org\/index.php?rest_route=\/wp\/v2\/users\/1"}],"replies":[{"embeddable":true,"href":"https:\/\/atecordoba.org\/index.php?rest_route=%2Fwp%2Fv2%2Fcomments&post=3983"}],"version-history":[{"count":0,"href":"https:\/\/atecordoba.org\/index.php?rest_route=\/wp\/v2\/posts\/3983\/revisions"}],"wp:featuredmedia":[{"embeddable":true,"href":"https:\/\/atecordoba.org\/index.php?rest_route=\/wp\/v2\/media\/19220"}],"wp:attachment":[{"href":"https:\/\/atecordoba.org\/index.php?rest_route=%2Fwp%2Fv2%2Fmedia&parent=3983"}],"wp:term":[{"taxonomy":"category","embeddable":true,"href":"https:\/\/atecordoba.org\/index.php?rest_route=%2Fwp%2Fv2%2Fcategories&post=3983"},{"taxonomy":"post_tag","embeddable":true,"href":"https:\/\/atecordoba.org\/index.php?rest_route=%2Fwp%2Fv2%2Ftags&post=3983"}],"curies":[{"name":"wp","href":"https:\/\/api.w.org\/{rel}","templated":true}]}}