{"id":39823,"date":"2023-11-14T10:27:18","date_gmt":"2023-11-14T13:27:18","guid":{"rendered":"https:\/\/atecordoba.org\/?p=39823"},"modified":"2023-11-14T10:27:19","modified_gmt":"2023-11-14T13:27:19","slug":"a-31-anos-de-la-fundacion-de-la-cta-que-nuestra-dignidad-se-ponga-en-marcha","status":"publish","type":"post","link":"https:\/\/atecordoba.org\/?p=39823","title":{"rendered":"A 31 a\u00f1os de la fundaci\u00f3n de la CTA: \u201cque nuestra dignidad se ponga en marcha\u201d"},"content":{"rendered":"<div class=\"wp-block-image\">\n<figure class=\"aligncenter size-full\"><img loading=\"lazy\" decoding=\"async\" width=\"650\" height=\"518\" src=\"https:\/\/atecordoba.org\/wp-content\/uploads\/2023\/11\/ctafundacion.jpg\" alt=\"\" class=\"wp-image-39825\" srcset=\"https:\/\/atecordoba.org\/wp-content\/uploads\/2023\/11\/ctafundacion.jpg 650w, https:\/\/atecordoba.org\/wp-content\/uploads\/2023\/11\/ctafundacion-300x239.jpg 300w\" sizes=\"auto, (max-width: 650px) 100vw, 650px\" \/><\/figure>\n<\/div>\n\n\n<p>La Central de Trabajadores de la Argentina (CTA Aut\u00f3noma) de la provincia de C\u00f3rdoba conmemora hoy los 31 a\u00f1os de la constituci\u00f3n de la CTA aquel 14 de noviembre de 1992. En los tiempos que corren, traer a la memoria esta gesta y a aquellos dirigentes hist\u00f3ricos constituye un nuevo aliento hacia la unidad de los trabajadores, \u00fanica opci\u00f3n para que esta singular coyuntura pol\u00edtica no sea sin\u00f3nimo de ajuste y mayores penurias para nuestro pueblo.<\/p>\n\n\n\n<p>Ya en los 90, la avanzada de este modelo de saqueo y entrega comenzaba a mostrar su rostro m\u00e1s cruel y a lo largo de los a\u00f1os la desocupaci\u00f3n y el hambre se constituir\u00edan en la moneda de cambio de una pol\u00edtica basada en la privatizaci\u00f3n de las principales empresas del Estado. Un profundo ajuste se aplicaba sobre la sociedad mientras pueblos enteros, que hab\u00edan crecido junto a la estatal YPF y los ferrocarriles argentinos, desaparec\u00edan. Era un contexto particularmente dif\u00edcil para los trabajadores y vastos sectores de la comunidad.<\/p>\n\n\n<div class=\"wp-block-image\">\n<figure class=\"alignleft size-full is-resized\"><img loading=\"lazy\" decoding=\"async\" src=\"https:\/\/atecordoba.org\/wp-content\/uploads\/2023\/11\/Abdala-fundacion-CTA.jpg\" alt=\"\" class=\"wp-image-39824\" width=\"480\" height=\"308\" srcset=\"https:\/\/atecordoba.org\/wp-content\/uploads\/2023\/11\/Abdala-fundacion-CTA.jpg 960w, https:\/\/atecordoba.org\/wp-content\/uploads\/2023\/11\/Abdala-fundacion-CTA-300x193.jpg 300w, https:\/\/atecordoba.org\/wp-content\/uploads\/2023\/11\/Abdala-fundacion-CTA-768x493.jpg 768w, https:\/\/atecordoba.org\/wp-content\/uploads\/2023\/11\/Abdala-fundacion-CTA-750x481.jpg 750w\" sizes=\"auto, (max-width: 480px) 100vw, 480px\" \/><\/figure>\n<\/div>\n\n\n<p>En este marco, con un fuerte impulso y decisi\u00f3n pol\u00edtica desde ATE, junto con otras organizaciones, comenzaba a gestarse la creaci\u00f3n de una nueva central sindical. Fue en este contexto que&nbsp;el 17 de diciembre de 1991, en Burzaco, frente al ajuste y las privatizaciones del presidente Carlos Sa\u00fal Menem, un grupo de dirigentes se propone construir un sindicalismo aut\u00f3nomo de los partidos pol\u00edticos, los gobiernos y los empresarios en lo que se va a conocer como \u201cEl Grito de Burzaco\u201d.<\/p>\n\n\n\n<p>En abril de 1992, en Rosario, se denuncia la pol\u00edtica de la CGT y se impulsa una organizaci\u00f3n sindical que no excluya a ning\u00fan trabajador. El 1\u00ba de Mayo de 1992, en Corrientes, se denuncia la concentraci\u00f3n econ\u00f3mica mundial, la corrupci\u00f3n nacional y el feudalismo provincial.<\/p>\n\n\n\n<p>El Congreso Fundacional de la CTA se hace en el Parque Sarmiento con la presencia de m\u00e1s de 2.500 delegados, se vota el Estatuto que habilita la afiliaci\u00f3n y el voto directo y se elige una conducci\u00f3n provisoria.<\/p>\n\n\n\n<p><strong>Paso a paso<\/strong><\/p>\n\n\n\n<p>Al \u201cGrito de Burzaco\u201d de aquel 17 de diciembre del \u201991 le continu\u00f3 el Encuentro de Rosario bajo el lema \u201cPara que nuestra dignidad se ponga en marcha\u201d, del que participaron 1.571 dirigentes de veinte provincias en representaci\u00f3n de 10 organizaciones nacionales, 122 sindicatos de base y 38 comisiones internas. All\u00ed se elabor\u00f3 un documento pol\u00edtico sobre la situaci\u00f3n del pa\u00eds, se conform\u00f3 una Mesa Nacional Provisoria con representantes de los sindicatos, las organizaciones de jubilados y desocupados y&nbsp;se convoc\u00f3 al Congreso de los Trabajadores Argentinos (CTA) que finalmente tuvo lugar en las instalaciones de Parque Sarmiento el 14 de noviembre de 1992 con la participaci\u00f3n de m\u00e1s de 2500 delegados de todo el pa\u00eds.&nbsp;Lo que comenz\u00f3 como una agrupaci\u00f3n de dirigentes sindicales pasar\u00eda luego a transformarse en una nueva central obrera en el pa\u00eds.<\/p>\n\n\n\n<p>Ese objetivo se concret\u00f3 finalmente el 14 de noviembre de 1992 cuando se funda el CTA como Congreso de los Trabajadores Argentinos ante la presencia de m\u00e1s de 2.500 delegados, y se firma una declaraci\u00f3n de principios, en la cual se establecen las caracter\u00edsticas organizativas que asumir\u00eda el nuevo nucleamiento sindical. De all\u00ed en m\u00e1s, los pasos dados se orientaron al logro de que ese nuevo espacio, cuya ra\u00edz se hallaba en los sindicatos, fuera reconocido oficialmente.<\/p>\n\n\n<div class=\"wp-block-image\">\n<figure class=\"alignright size-full is-resized\"><img loading=\"lazy\" decoding=\"async\" src=\"https:\/\/atecordoba.org\/wp-content\/uploads\/2023\/11\/fundacioncongreso.jpg\" alt=\"\" class=\"wp-image-39826\" width=\"629\" height=\"341\" \/><\/figure>\n<\/div>\n\n\n<p>La mesa provisoria que qued\u00f3 conformada en ese encuentro fue integrada por: Cayo Ayala, Sindicato Argentino de Obreros Navales (SAON); V\u00edctor De Gennaro, Asociaci\u00f3n Trabajadores del Estado (ATE); Mary S\u00e1nchez, Confederaci\u00f3n de Trabajadores de la Educaci\u00f3n de la Rep\u00fablica Argentina (CTERA); Eduardo Otero, Federaci\u00f3n de Vialidad Nacional; \u00c9lido Veschi, Asociaci\u00f3n del Personal de Direcci\u00f3n de Ferrocarriles Argentinos (APEDEFA); Eduardo Fern\u00e1ndez Novoa, Federaci\u00f3n Judicial Argentina (FJA); Pedro Wasiejko, Sindicato \u00danico de Trabajadores del Neum\u00e1tico Argentino (SUTNA); Roberto Miller,&nbsp;Sindicato de la Industria Cinematogr\u00e1fica Argentina (SICA); Alberto Jos\u00e9 Piccinini, UOM-Villa Constituci\u00f3n; Edgardo Quiroga, CGT-San Lorenzo; Amancio Pafundi y Jos\u00e9 Z\u00e1rate, Plenario de Organizaciones de Jubilados.<\/p>\n\n\n\n<p>\u201cA pesar de los muchos conversos, de los muchos que se han cambiado la ropa, los muchos que se han lavado la cabeza, nosotros&nbsp;seguimos creyendo que hay un pa\u00eds para cambiar, una sociedad nueva para construir, una camino nuevo para alumbrar\u201d, dir\u00eda en aquel momento Germ\u00e1n Abdala, quien se hac\u00eda presente a pesar de estar en medio de un fuerte tratamiento en Estados Unidos donde intentaba frenar el avance de su larga y penosa enfermedad.<\/p>\n\n\n\n<p>Dice el acta confeccionada aquel d\u00eda: \u201cPasado su tratamiento y luego de una larga lista de oradores es&nbsp;aprobado por unanimidad la fundaci\u00f3n del Congreso de Trabajadores Argentinos\u201d. La primera tarea que se dio el reci\u00e9n fundado Congreso de los Trabajadores Argentinos fue para el verano de 1992-1993: Impulsar la juntada de un mill\u00f3n de firmas contra la jubilaci\u00f3n privada.<\/p>\n\n\n\n<p>Debe destacarse una de las definiciones m\u00e1s importantes que se tomaran en la CTA: La afiliaci\u00f3n directa de los trabajadores, especificados estos como los que trabajan o trabajaron o buscan trabajo, tambi\u00e9n incorporando la votaci\u00f3n directa en las elecciones de sus dirigentes. En el 7\u00b0 Congreso Nacional de Delegados al modificarse el Estatuto se cambi\u00f3 el nombre por\u00a0Central de Trabajadores de la Argentina.<\/p>\n\n\n\n<p><strong>Primer Congreso de Delegados<\/strong><\/p>\n\n\n\n<p>Con los a\u00f1os el movimiento fue creciendo sin pausa y el 4 y 5 de noviembre de 1996 se realizar\u00eda el&nbsp;primer Congreso Nacional de Delegados de la Central de Trabajadores de la Argentina (CTA)&nbsp;en el teatro Luna Park de la Ciudad de Buenos Aires.<\/p>\n\n\n\n<p>Este Primer Congreso Nacional suced\u00eda luego de que al menos 11.000 personas a lo largo y a lo ancho del pa\u00eds hubieran debatido c\u00f3mo afrontar los desaf\u00edos que la dif\u00edcil situaci\u00f3n argentina les planteaba a los trabajadores. As\u00ed,&nbsp;como un faro en medio de la oscuridad, los trabajadores de todo el pa\u00eds se reun\u00edan no solo en busca de resistir al modelo reinante, sino de debatir profundamente un programa que permitiera una salida.<\/p>\n\n\n\n<p>\u201cHemos realizado un proceso in\u00e9dito de discusi\u00f3n, movilizaci\u00f3n y organizaci\u00f3n. Proceso que refleja la decisi\u00f3n de ratificar la voluntad pol\u00edtica de consolidar esta nueva Central de los Trabajadores Argentinos. Hecho que demuestra adem\u00e1s un acto de militancia y compromiso con la voluntad de afirmar un pa\u00eds donde la idea de Naci\u00f3n, integrada al mundo pero soberana en sus decisiones, siga teniendo sentido. Un pa\u00eds donde la solidaridad rija las relaciones entre los hombres, y donde la democracia se nutra de la creciente participaci\u00f3n popular y sea puesta en funci\u00f3n de la voluntad y necesidad de aquellos que trabajan en esta tierra\u201d, se\u00f1ala el documento final, donde quedaron registrados los principales ejes del debate y las propuestas que se alumbraron y que lejos de cerrar el debate lo abr\u00eda. Porque como se dejaba asentado, \u201cpara los trabajadores el debate pol\u00edtico no es una abstracci\u00f3n, es el proceso natural y consecuente. De nuestra pr\u00e1ctica y nuestra lucha. \u00danico marco en el cual las mejores ideas pueden transformarse en poder pol\u00edtico y abrir la esperanza para la construcci\u00f3n de un ma\u00f1ana mejor\u201d.<\/p>\n\n\n<div class=\"wp-block-image\">\n<figure class=\"alignleft size-large is-resized\"><img loading=\"lazy\" decoding=\"async\" src=\"https:\/\/atecordoba.org\/wp-content\/uploads\/2023\/11\/cta-autonomawebp-1024x629.webp\" alt=\"\" class=\"wp-image-39827\" width=\"512\" height=\"315\" srcset=\"https:\/\/atecordoba.org\/wp-content\/uploads\/2023\/11\/cta-autonomawebp-1024x629.webp 1024w, https:\/\/atecordoba.org\/wp-content\/uploads\/2023\/11\/cta-autonomawebp-300x184.webp 300w, https:\/\/atecordoba.org\/wp-content\/uploads\/2023\/11\/cta-autonomawebp-768x472.webp 768w, https:\/\/atecordoba.org\/wp-content\/uploads\/2023\/11\/cta-autonomawebp-750x461.webp 750w, https:\/\/atecordoba.org\/wp-content\/uploads\/2023\/11\/cta-autonomawebp.webp 1140w\" sizes=\"auto, (max-width: 512px) 100vw, 512px\" \/><\/figure>\n<\/div>\n\n\n<p>V\u00edctor De Gennaro recuerda: \u201cLuego de realizar plenarios en todo el pa\u00eds, fundamos el Congreso de los Trabajadores Argentinos el 14 de Noviembre en 1992, en Parque Sarmiento (Buenos Aires).&nbsp;El 6 de julio de 1994 lleg\u00e1bamos en la hist\u00f3rica Marcha Federal, que reuni\u00f3 en la Plaza de Mayo a miles y miles de argentinos provenientes de todos los rincones del pa\u00eds.&nbsp;All\u00ed llamamos al Paro Nacional del 2 de agosto, que fue contundente a lo largo y ancho de la Patria. En 1996 dimos nacimiento formal a la Central de Trabajadores Argentinos (CTA), consolidando la lucha de todos esos a\u00f1os, un verdadero hito hist\u00f3rico del movimiento obrero\u201d.<\/p>\n\n\n\n<p>El \u201cTano\u201d confiesa: \u201cTuve el orgullo de ser electo Secretario General acompa\u00f1ado por la compa\u00f1era Marta Maffei como Secretaria Adjunta, y luego del reconocimiento de la Inscripci\u00f3n Gremial por parte del Ministerio de Trabajo ratificado por el voto directo de los afiliados en el a\u00f1o 1998. Cargos para el que fuimos reelectos conjuntamente hasta el 2006\u201d.<\/p>\n\n\n\n<p><strong>Fragmentos de documento<\/strong><\/p>\n\n\n\n<ul class=\"wp-block-list\">\n<li>\u201cPara volver a creer que es posible una sociedad m\u00e1s justa. Para que nuestra dignidad se ponga en marcha\u201d, era el t\u00edtulo de la s\u00edntesis del encuentro celebrado en Rosario, el 4 de abril de 1992.<\/li>\n\n\n\n<li>\u201cEs este el primer compromiso que aqu\u00ed asumimos los trabajadores: protagonizar solidariamente los conflictos sociales que son consecuencia directa de las pol\u00edticas de ajuste salvaje de este gobierno, cuyo an\u00e1lisis realiz\u00e1ramos en los primeros dos documentos surgidos del Encuentro Sindical efectuado en Burzaco, provincia de Buenos Aires, el pasado 17 de diciembre de 1991\u201d.<\/li>\n\n\n\n<li>\u201cEste nuevo espacio de unidad de los trabajadores se plantea como independiente de los partidos pol\u00edticos, del Estado y de los patrones: es por lo tanto aut\u00f3nomo. As\u00ed lo ofrecemos hoy desde su misma fundaci\u00f3n, al conjunto de los sectores comunitarios como espacio de referencia sindical para una estrategia de poder nacional, capaz de transformar en demandas pol\u00edticas los conflictos sociales concretos que cotidianamente sacuden a nuestro pueblo\u201d.<\/li>\n\n\n\n<li>\u201cEn este sentido, nuestra preocupaci\u00f3n central es lograr que este nuevo espacio sindical se constituya en herramienta eficaz y abierta al resto de la comunidad, para transformar en pol\u00edticamente productiva la resistencia fragmentada pero cotidiana y sistem\u00e1tica de tantos compatriotas castigados por las pol\u00edticas gubernamentales. Es necesario terminar ya con la soledad que envuelve a todos los que sufren las consecuencias del modelo de pa\u00eds que se intenta implantar rompiendo el silencio organizativo en el que hace largo tiempo ya estamos sumergidos\u201d.<\/li>\n<\/ul>\n","protected":false},"excerpt":{"rendered":"<p>La Central de Trabajadores de la Argentina (CTA Aut\u00f3noma) de la provincia de C\u00f3rdoba conmemora hoy los 31 a\u00f1os de la constituci\u00f3n de la CTA aquel 14 de noviembre de 1992. En los tiempos que corren, traer a la memoria esta gesta y a aquellos dirigentes hist\u00f3ricos constituye un nuevo aliento hacia la unidad de [&hellip;]<\/p>\n","protected":false},"author":7,"featured_media":39826,"comment_status":"open","ping_status":"open","sticky":false,"template":"","format":"standard","meta":{"_exactmetrics_skip_tracking":false,"_exactmetrics_sitenote_active":false,"_exactmetrics_sitenote_note":"","_exactmetrics_sitenote_category":0,"jnews-multi-image_gallery":[],"jnews_single_post":{"subtitle":"Con un fuerte impulso y decisi\u00f3n pol\u00edtica desde ATE, junto con otras organizaciones, se gest\u00f3 la creaci\u00f3n de una nueva central sindical, el 17 de diciembre de 1991 en Burzaco, provincia de Buenos Aires, frente al ajuste y las privatizaciones del gobierno neoliberal de Carlos Sa\u00fal Menem.","format":"standard","video":"","gallery":"","source_name":"","source_url":"","via_name":"","via_url":"","override_template":"0","override":[{"template":"1","single_blog_custom":"","parallax":"1","fullscreen":"1","layout":"no-sidebar-narrow","sidebar":"default-sidebar","second_sidebar":"default-sidebar","sticky_sidebar":"1","share_position":"bottom","share_float_style":"share-monocrhome","show_share_counter":"1","show_view_counter":"1","show_featured":"0","show_post_meta":"1","show_post_author":"0","show_post_author_image":"1","show_post_date":"1","post_date_format":"default","post_date_format_custom":"Y\/m\/d","show_post_category":"1","show_post_reading_time":"0","post_reading_time_wpm":"300","show_zoom_button":"0","zoom_button_out_step":"2","zoom_button_in_step":"3","show_post_tag":"1","show_prev_next_post":"0","show_popup_post":"0","number_popup_post":"1","show_author_box":"0","show_post_related":"1","show_inline_post_related":"0"}],"override_image_size":"0","image_override":[{"single_post_thumbnail_size":"crop-500","single_post_gallery_size":"crop-500"}],"trending_post":"0","trending_post_position":"meta","trending_post_label":"Trending","sponsored_post":"0","sponsored_post_label":"Sponsored by","sponsored_post_name":"","sponsored_post_url":"","sponsored_post_logo_enable":"0","sponsored_post_logo":"","sponsored_post_desc":"","disable_ad":"0"},"jnews_primary_category":{"id":"","hide":""},"jnews_social_meta":{"fb_title":"","fb_description":"","fb_image":"","twitter_title":"","twitter_description":"","twitter_image":""},"jnews_review":[],"enable_review":"0","type":"percentage","name":"","summary":"","brand":"","sku":"","good":[{"good_text":""}],"bad":[{"bad_text":""}],"score_override":"","override_value":"","rating":[{"rating_text":"","rating_number":"10"}],"price":[{"shop":"","price":"","link":"","icon":""}],"jnews_override_counter":{"override_view_counter":"0","view_counter_number":"0","override_share_counter":"0","share_counter_number":"0","override_like_counter":"0","like_counter_number":"0","override_dislike_counter":"0","dislike_counter_number":"0"},"jnews_post_split":{"enable_post_split":"0","post_split":[{"template":"1","tag":"h2","numbering":"asc","mode":"normal","first":"0","enable_toc":"0","toc_type":"normal"}]},"footnotes":""},"categories":[92],"tags":[],"class_list":["post-39823","post","type-post","status-publish","format-standard","has-post-thumbnail","hentry","category-cta"],"jetpack_featured_media_url":"https:\/\/atecordoba.org\/wp-content\/uploads\/2023\/11\/fundacioncongreso-e1699968308225.jpg","_links":{"self":[{"href":"https:\/\/atecordoba.org\/index.php?rest_route=\/wp\/v2\/posts\/39823","targetHints":{"allow":["GET"]}}],"collection":[{"href":"https:\/\/atecordoba.org\/index.php?rest_route=\/wp\/v2\/posts"}],"about":[{"href":"https:\/\/atecordoba.org\/index.php?rest_route=\/wp\/v2\/types\/post"}],"author":[{"embeddable":true,"href":"https:\/\/atecordoba.org\/index.php?rest_route=\/wp\/v2\/users\/7"}],"replies":[{"embeddable":true,"href":"https:\/\/atecordoba.org\/index.php?rest_route=%2Fwp%2Fv2%2Fcomments&post=39823"}],"version-history":[{"count":1,"href":"https:\/\/atecordoba.org\/index.php?rest_route=\/wp\/v2\/posts\/39823\/revisions"}],"predecessor-version":[{"id":39828,"href":"https:\/\/atecordoba.org\/index.php?rest_route=\/wp\/v2\/posts\/39823\/revisions\/39828"}],"wp:featuredmedia":[{"embeddable":true,"href":"https:\/\/atecordoba.org\/index.php?rest_route=\/wp\/v2\/media\/39826"}],"wp:attachment":[{"href":"https:\/\/atecordoba.org\/index.php?rest_route=%2Fwp%2Fv2%2Fmedia&parent=39823"}],"wp:term":[{"taxonomy":"category","embeddable":true,"href":"https:\/\/atecordoba.org\/index.php?rest_route=%2Fwp%2Fv2%2Fcategories&post=39823"},{"taxonomy":"post_tag","embeddable":true,"href":"https:\/\/atecordoba.org\/index.php?rest_route=%2Fwp%2Fv2%2Ftags&post=39823"}],"curies":[{"name":"wp","href":"https:\/\/api.w.org\/{rel}","templated":true}]}}