{"id":39820,"date":"2023-11-14T10:07:26","date_gmt":"2023-11-14T13:07:26","guid":{"rendered":"https:\/\/atecordoba.org\/?p=39820"},"modified":"2023-11-14T10:07:57","modified_gmt":"2023-11-14T13:07:57","slug":"giuliani-la-autonomia-no-es-neutralidad","status":"publish","type":"post","link":"https:\/\/atecordoba.org\/?p=39820","title":{"rendered":"Giuliani: La autonom\u00eda no es neutralidad"},"content":{"rendered":"<div class=\"wp-block-image\">\n<figure class=\"alignright size-full\"><img loading=\"lazy\" decoding=\"async\" width=\"500\" height=\"280\" src=\"https:\/\/atecordoba.org\/wp-content\/uploads\/2023\/11\/urna.jpg\" alt=\"\" class=\"wp-image-39821\" srcset=\"https:\/\/atecordoba.org\/wp-content\/uploads\/2023\/11\/urna.jpg 500w, https:\/\/atecordoba.org\/wp-content\/uploads\/2023\/11\/urna-300x168.jpg 300w\" sizes=\"auto, (max-width: 500px) 100vw, 500px\" \/><\/figure>\n<\/div>\n\n\n<p><strong>Por Federico Giuliani*<\/strong><\/p>\n\n\n\n<p>Frente al balotaje que define el Presidente de los pr\u00f3ximos cuatro a\u00f1os, para las y los estatales la autonom\u00eda no es neutralidad. Por eso no vamos a votar al fascista de Milei que viene por los derechos que nos quedan. Sufrimos en carne propia el ajuste impuesto por el FMI pero no comemos vidrio. No obstante los cuestionamientos que le hacemos a este Gobierno, no nos confundimos: sabemos que la ultraderecha apretar\u00e1 todav\u00eda m\u00e1s a los sectores populares, con el agregado de componentes represivos fuertemente vinculados a su reivindicaci\u00f3n de la \u00faltima dictadura genocida.<\/p>\n\n\n\n<p>La capacidad de resistencia de nuestro pueblo se mantiene intacta. Vamos a frenar esta nueva embestida del revanchismo olig\u00e1rquico sin resignarnos a ser simples espectadores. Queremos ser protagonistas para forzar un cambio de rumbo. Los trabajadores pretendemos gobernar nuestro destino y luchamos por una nueva institucionalidad que sea capaz de romper el molde de la democracia colonial.<\/p>\n\n\n\n<p>La militancia no es un estado de \u00e1nimo, es una forma de vida. Estamos plantando la necesidad de resistir el ajuste, promover la unidad popular y la organizaci\u00f3n de la clase, reivindicando el derecho a una vida digna para todos nuestros compa\u00f1eros y compa\u00f1eras.<\/p>\n\n\n\n<p>Estamos finalizando un a\u00f1o duro, plagado de dificultades y desaf\u00edos para nuestra CTA que, pese a esa realidad, nunca dej\u00f3 de estar en la calle, en la pelea, sin transar con el poder y sosteniendo los principios fundacionales de autonom\u00eda de los patrones, los partidos y el Estado y de libertad y democracia sindical.<\/p>\n\n\n\n<p>Si no construimos un colectivo fuerte, representativo, que ponga al conjunto por encima de las individualidades, que apueste a la formaci\u00f3n de los cuadros, a la toma de conciencia, no hay chances de ganar la pulseada con el Gobierno Provincial que nos persigue y criminaliza por protestar, que sistem\u00e1ticamente ningunea a ATE, a nuestra Central y el resto de organizaciones que no se subordinan al \u2018Cordobesismo\u2019. Nadie nos regala nada porque toda conquista es fruto de la lucha y la movilizaci\u00f3n popular.<\/p>\n\n\n\n<p>Convocamos a todos los sectores que est\u00e1n en lucha en la provincia a movilizarse contra el ajuste, el pago ilegal de la Deuda con el Fondo Monetario Internacional y el avance del fascismo en la Argentina. Hay que lograr la unidad de los que no se resignan y para eso hay que construir poder popular para resembrar justicia social, convencidos de que s\u00f3lo el pueblo, salvar\u00e1 al pueblo.<\/p>\n","protected":false},"excerpt":{"rendered":"<p>Por Federico Giuliani* Frente al balotaje que define el Presidente de los pr\u00f3ximos cuatro a\u00f1os, para las y los estatales la autonom\u00eda no es neutralidad. Por eso no vamos a votar al fascista de Milei que viene por los derechos que nos quedan. Sufrimos en carne propia el ajuste impuesto por el FMI pero no [&hellip;]<\/p>\n","protected":false},"author":7,"featured_media":39821,"comment_status":"open","ping_status":"open","sticky":false,"template":"","format":"standard","meta":{"_exactmetrics_skip_tracking":false,"_exactmetrics_sitenote_active":false,"_exactmetrics_sitenote_note":"","_exactmetrics_sitenote_category":0,"jnews-multi-image_gallery":[],"jnews_single_post":{"subtitle":"\"No vamos a votar al fascista de Milei que viene por los derechos que nos quedan\", explica en un documento el secretario General de ATE C\u00f3rdoba, Federico Giuliani.","format":"standard","video":"","gallery":"","source_name":"","source_url":"","via_name":"","via_url":"","override_template":"0","override":[{"template":"1","single_blog_custom":"","parallax":"1","fullscreen":"1","layout":"no-sidebar-narrow","sidebar":"default-sidebar","second_sidebar":"default-sidebar","sticky_sidebar":"1","share_position":"bottom","share_float_style":"share-monocrhome","show_share_counter":"1","show_view_counter":"1","show_featured":"0","show_post_meta":"1","show_post_author":"0","show_post_author_image":"1","show_post_date":"1","post_date_format":"default","post_date_format_custom":"Y\/m\/d","show_post_category":"1","show_post_reading_time":"0","post_reading_time_wpm":"300","show_zoom_button":"0","zoom_button_out_step":"2","zoom_button_in_step":"3","show_post_tag":"1","show_prev_next_post":"0","show_popup_post":"0","number_popup_post":"1","show_author_box":"0","show_post_related":"1","show_inline_post_related":"0"}],"override_image_size":"0","image_override":[{"single_post_thumbnail_size":"crop-500","single_post_gallery_size":"crop-500"}],"trending_post":"0","trending_post_position":"meta","trending_post_label":"Trending","sponsored_post":"0","sponsored_post_label":"Sponsored by","sponsored_post_name":"","sponsored_post_url":"","sponsored_post_logo_enable":"0","sponsored_post_logo":"","sponsored_post_desc":"","disable_ad":"0"},"jnews_primary_category":{"id":"","hide":""},"jnews_social_meta":{"fb_title":"","fb_description":"","fb_image":"","twitter_title":"","twitter_description":"","twitter_image":""},"jnews_review":[],"enable_review":"0","type":"percentage","name":"","summary":"","brand":"","sku":"","good":[{"good_text":""}],"bad":[{"bad_text":""}],"score_override":"","override_value":"","rating":[{"rating_text":"","rating_number":"10"}],"price":[{"shop":"","price":"","link":"","icon":""}],"jnews_override_counter":{"override_view_counter":"0","view_counter_number":"0","override_share_counter":"0","share_counter_number":"0","override_like_counter":"0","like_counter_number":"0","override_dislike_counter":"0","dislike_counter_number":"0"},"jnews_post_split":{"enable_post_split":"0","post_split":[{"template":"1","tag":"h2","numbering":"asc","mode":"normal","first":"0","enable_toc":"0","toc_type":"normal"}]},"footnotes":""},"categories":[10],"tags":[],"class_list":["post-39820","post","type-post","status-publish","format-standard","has-post-thumbnail","hentry","category-accion-politica"],"jetpack_featured_media_url":"https:\/\/atecordoba.org\/wp-content\/uploads\/2023\/11\/urna.jpg","_links":{"self":[{"href":"https:\/\/atecordoba.org\/index.php?rest_route=\/wp\/v2\/posts\/39820","targetHints":{"allow":["GET"]}}],"collection":[{"href":"https:\/\/atecordoba.org\/index.php?rest_route=\/wp\/v2\/posts"}],"about":[{"href":"https:\/\/atecordoba.org\/index.php?rest_route=\/wp\/v2\/types\/post"}],"author":[{"embeddable":true,"href":"https:\/\/atecordoba.org\/index.php?rest_route=\/wp\/v2\/users\/7"}],"replies":[{"embeddable":true,"href":"https:\/\/atecordoba.org\/index.php?rest_route=%2Fwp%2Fv2%2Fcomments&post=39820"}],"version-history":[{"count":1,"href":"https:\/\/atecordoba.org\/index.php?rest_route=\/wp\/v2\/posts\/39820\/revisions"}],"predecessor-version":[{"id":39822,"href":"https:\/\/atecordoba.org\/index.php?rest_route=\/wp\/v2\/posts\/39820\/revisions\/39822"}],"wp:featuredmedia":[{"embeddable":true,"href":"https:\/\/atecordoba.org\/index.php?rest_route=\/wp\/v2\/media\/39821"}],"wp:attachment":[{"href":"https:\/\/atecordoba.org\/index.php?rest_route=%2Fwp%2Fv2%2Fmedia&parent=39820"}],"wp:term":[{"taxonomy":"category","embeddable":true,"href":"https:\/\/atecordoba.org\/index.php?rest_route=%2Fwp%2Fv2%2Fcategories&post=39820"},{"taxonomy":"post_tag","embeddable":true,"href":"https:\/\/atecordoba.org\/index.php?rest_route=%2Fwp%2Fv2%2Ftags&post=39820"}],"curies":[{"name":"wp","href":"https:\/\/api.w.org\/{rel}","templated":true}]}}