{"id":39795,"date":"2023-11-10T10:46:14","date_gmt":"2023-11-10T13:46:14","guid":{"rendered":"https:\/\/atecordoba.org\/?p=39795"},"modified":"2023-11-10T11:35:10","modified_gmt":"2023-11-10T14:35:10","slug":"basta-de-despidos-en-la-senaf","status":"publish","type":"post","link":"https:\/\/atecordoba.org\/?p=39795","title":{"rendered":"Basta de despidos en la SENAF"},"content":{"rendered":"<div class=\"wp-block-image\">\n<figure class=\"alignleft size-full\"><img loading=\"lazy\" decoding=\"async\" width=\"526\" height=\"526\" src=\"https:\/\/atecordoba.org\/wp-content\/uploads\/2023\/11\/flyer-senafdespido.jpg\" alt=\"\" class=\"wp-image-39796\" srcset=\"https:\/\/atecordoba.org\/wp-content\/uploads\/2023\/11\/flyer-senafdespido.jpg 526w, https:\/\/atecordoba.org\/wp-content\/uploads\/2023\/11\/flyer-senafdespido-300x300.jpg 300w, https:\/\/atecordoba.org\/wp-content\/uploads\/2023\/11\/flyer-senafdespido-150x150.jpg 150w, https:\/\/atecordoba.org\/wp-content\/uploads\/2023\/11\/flyer-senafdespido-75x75.jpg 75w, https:\/\/atecordoba.org\/wp-content\/uploads\/2023\/11\/flyer-senafdespido-350x350.jpg 350w\" sizes=\"auto, (max-width: 526px) 100vw, 526px\" \/><\/figure>\n<\/div>\n\n\n<p>Ayer el Consejo Directivo Provincial (CDP) repudi\u00f3 el despido de la Secretar\u00eda de Ni\u00f1ez, Adolescencia y Familia (SENAF) de la compa\u00f1era Yamila Sim\u00f3n, jefa de familia y madre soltera.<\/p>\n\n\n\n<p>Se trata de otro ejemplo m\u00e1s del accionar disciplinador y violento del Ministerio de Justicia y Derechos Humanos de la provincia de C\u00f3rdoba, que visibiliza la pol\u00edtica de insensibilidad y falta de perspectiva de g\u00e9nero de una cartera que deber\u00eda dar el ejemplo en esta materia.<\/p>\n\n\n\n<p>Cabe mencionar que Sim\u00f3n es una trabajadora ultraprecarizada de siete a\u00f1os de antig\u00fcedad en su cargo, que revise como becaria en la SENAF y su v\u00edcnulo fue dado de bajo el pasado 31 de octubre.<\/p>\n\n\n\n<p>En tal sentido, ATE C\u00f3rdoba anticip\u00f3 que nos alistamos para una Jornada de Lucha el pr\u00f3ximo jueves 16 de noviembre, a las 10 horas,.<\/p>\n\n\n\n<p><strong>Precariedad<\/strong><\/p>\n\n\n\n<p>Seg\u00fan explic\u00f3 la delegada de ATE SENAF, y responsable de capacitaci\u00f3n del CDP, Irina Silberman, las p\u00e9simas condiciones de trabajo son la condici\u00f3n necesaria para que los funcionarios provinciales impongan la persecuci\u00f3n y el miedo en el organismo. <\/p>\n\n\n\n<p>&#8220;Seguimos en condiciones de precariedad, con contratos baj\u00edsimos, sin reconocimiento a las tareas profesionales ni a las tareas de cuidado de los ni\u00f1os, ni\u00f1as y adolescentes que est\u00e1n bajo resguardo de SENAF&#8221;, remarc\u00f3 Silberman.<\/p>\n\n\n\n<p>Y apunt\u00f3 que &#8220;este contexto nos ubica como trabajadores muy pobres y totalmente precarizados, por lo cual todas y todos tenemos dos o tres trabajos para poder subsistir&#8221;.<\/p>\n\n\n\n<p><strong>El caso<\/strong><\/p>\n\n\n\n<p>En el caso de  Yamila Sim\u00f3n, la compa\u00f1era comenz\u00f3 a trabajar en mejores condiciones, en blanco, pero debe conservar ambos para cubrir sus gastos mensuales. Desde la patronal le dijeron que es incompatible una beca con un trabajo en blanco y ese fue el fundamento para darle de baja. &#8220;Esto significa que SENAF no solo precariza al personal sino que exige que el resto de los trabajos tambi\u00e9n sean precarizados, en negro, que nunca puedas lograr la estabilidad laboral y la garant\u00eda de derechos adquiridos&#8221;, denunci\u00f3 la delegada.<\/p>\n\n\n\n<p>Y concluy\u00f3 afirmando que &#8220;por eso repudiamos desde ATE SENAF y el Consejo directivo Provincial este despido arbitrario de esta compa\u00f1era madre de familia y sost\u00e9n de su hogar. El jueves pr\u00f3ximo a las 10 horas al Complejo Pizzurno para expresar nuestro repudio a las autoridades del organismo. Invitamos a participar a las y los compa\u00f1eros de SENAF, al conjunto de ATE y a la comunidad en general para reclamar trabajo digno&#8221;.<\/p>\n\n\n\n<p>\u00a1Yamila Sim\u00f3n a su puesto de trabajo!<\/p>\n","protected":false},"excerpt":{"rendered":"<p>Ayer el Consejo Directivo Provincial (CDP) repudi\u00f3 el despido de la Secretar\u00eda de Ni\u00f1ez, Adolescencia y Familia (SENAF) de la compa\u00f1era Yamila Sim\u00f3n, jefa de familia y madre soltera. Se trata de otro ejemplo m\u00e1s del accionar disciplinador y violento del Ministerio de Justicia y Derechos Humanos de la provincia de C\u00f3rdoba, que visibiliza la [&hellip;]<\/p>\n","protected":false},"author":7,"featured_media":39797,"comment_status":"open","ping_status":"open","sticky":false,"template":"","format":"standard","meta":{"_exactmetrics_skip_tracking":false,"_exactmetrics_sitenote_active":false,"_exactmetrics_sitenote_note":"","_exactmetrics_sitenote_category":0,"jnews-multi-image_gallery":[],"jnews_single_post":{"subtitle":"ATE se moviliza el jueves 16 de noviembre a las 10 hora al Complejo Pizzurno, para repudiar el despido de la trabajadora Yamila Sim\u00f3n, jefa de familia y madre soltera, cuya desvinculaci\u00f3n expresa el accionar disciplinador y violento del Ministerio de Justicia y Derechos Humanos de la provincia.","format":"standard","video":"","gallery":"","source_name":"","source_url":"","via_name":"","via_url":"","override_template":"0","override":[{"template":"1","single_blog_custom":"","parallax":"1","fullscreen":"1","layout":"no-sidebar-narrow","sidebar":"default-sidebar","second_sidebar":"default-sidebar","sticky_sidebar":"1","share_position":"bottom","share_float_style":"share-monocrhome","show_share_counter":"1","show_view_counter":"1","show_featured":"0","show_post_meta":"1","show_post_author":"0","show_post_author_image":"1","show_post_date":"1","post_date_format":"default","post_date_format_custom":"Y\/m\/d","show_post_category":"1","show_post_reading_time":"0","post_reading_time_wpm":"300","show_zoom_button":"0","zoom_button_out_step":"2","zoom_button_in_step":"3","show_post_tag":"1","show_prev_next_post":"0","show_popup_post":"0","number_popup_post":"1","show_author_box":"0","show_post_related":"1","show_inline_post_related":"0"}],"override_image_size":"0","image_override":[{"single_post_thumbnail_size":"crop-500","single_post_gallery_size":"crop-500"}],"trending_post":"0","trending_post_position":"meta","trending_post_label":"Trending","sponsored_post":"0","sponsored_post_label":"Sponsored by","sponsored_post_name":"","sponsored_post_url":"","sponsored_post_logo_enable":"0","sponsored_post_logo":"","sponsored_post_desc":"","disable_ad":"0"},"jnews_primary_category":{"id":"","hide":""},"jnews_social_meta":{"fb_title":"","fb_description":"","fb_image":"","twitter_title":"","twitter_description":"","twitter_image":""},"jnews_review":[],"enable_review":"0","type":"percentage","name":"","summary":"","brand":"","sku":"","good":[{"good_text":""}],"bad":[{"bad_text":""}],"score_override":"","override_value":"","rating":[{"rating_text":"","rating_number":"10"}],"price":[{"shop":"","price":"","link":"","icon":""}],"jnews_override_counter":{"override_view_counter":"0","view_counter_number":"0","override_share_counter":"0","share_counter_number":"0","override_like_counter":"0","like_counter_number":"0","override_dislike_counter":"0","dislike_counter_number":"0"},"jnews_post_split":{"enable_post_split":"0","post_split":[{"template":"1","tag":"h2","numbering":"asc","mode":"normal","first":"0","enable_toc":"0","toc_type":"normal"}]},"footnotes":""},"categories":[8],"tags":[],"class_list":["post-39795","post","type-post","status-publish","format-standard","has-post-thumbnail","hentry","category-provinciales"],"jetpack_featured_media_url":"https:\/\/atecordoba.org\/wp-content\/uploads\/2023\/11\/flyer-senafdespido-1.jpg","_links":{"self":[{"href":"https:\/\/atecordoba.org\/index.php?rest_route=\/wp\/v2\/posts\/39795","targetHints":{"allow":["GET"]}}],"collection":[{"href":"https:\/\/atecordoba.org\/index.php?rest_route=\/wp\/v2\/posts"}],"about":[{"href":"https:\/\/atecordoba.org\/index.php?rest_route=\/wp\/v2\/types\/post"}],"author":[{"embeddable":true,"href":"https:\/\/atecordoba.org\/index.php?rest_route=\/wp\/v2\/users\/7"}],"replies":[{"embeddable":true,"href":"https:\/\/atecordoba.org\/index.php?rest_route=%2Fwp%2Fv2%2Fcomments&post=39795"}],"version-history":[{"count":2,"href":"https:\/\/atecordoba.org\/index.php?rest_route=\/wp\/v2\/posts\/39795\/revisions"}],"predecessor-version":[{"id":39801,"href":"https:\/\/atecordoba.org\/index.php?rest_route=\/wp\/v2\/posts\/39795\/revisions\/39801"}],"wp:featuredmedia":[{"embeddable":true,"href":"https:\/\/atecordoba.org\/index.php?rest_route=\/wp\/v2\/media\/39797"}],"wp:attachment":[{"href":"https:\/\/atecordoba.org\/index.php?rest_route=%2Fwp%2Fv2%2Fmedia&parent=39795"}],"wp:term":[{"taxonomy":"category","embeddable":true,"href":"https:\/\/atecordoba.org\/index.php?rest_route=%2Fwp%2Fv2%2Fcategories&post=39795"},{"taxonomy":"post_tag","embeddable":true,"href":"https:\/\/atecordoba.org\/index.php?rest_route=%2Fwp%2Fv2%2Ftags&post=39795"}],"curies":[{"name":"wp","href":"https:\/\/api.w.org\/{rel}","templated":true}]}}