{"id":3977,"date":"2014-04-01T18:16:30","date_gmt":"2014-04-01T21:16:30","guid":{"rendered":"http:\/\/www.atecordoba.org\/?p=3977"},"modified":"2014-04-01T18:16:30","modified_gmt":"2014-04-01T21:16:30","slug":"estado-de-alerta-por-la-caida-de-los-contratos-lar-en-el-hospital-transito","status":"publish","type":"post","link":"https:\/\/atecordoba.org\/?p=3977","title":{"rendered":"Estado de alerta por la ca\u00edda de los contratos LAR en el hospital Tr\u00e1nsito"},"content":{"rendered":"<p><em>Una nutrida asamblea de trabajadores del hospital Tr\u00e1nsito C\u00e1ceres de Allende reafirm\u00f3 la necesidad de lucha para garantizar los puestos de trabajo de los compa\u00f1eros contratados. El jueves pr\u00f3ximo se realizar\u00e1 otra asamblea para esperar la respuesta de las autoridades del Ministerio de Salud.<\/em><\/p>\n<figure id=\"attachment_3978\" aria-describedby=\"caption-attachment-3978\" style=\"width: 572px\" class=\"wp-caption aligncenter\"><a href=\"http:\/\/www.atecordoba.org\/wp-content\/uploads\/2014\/04\/asamblea-transito-01-4.jpg\"><img loading=\"lazy\" decoding=\"async\" class=\" wp-image-3978 \" alt=\"asamblea transito 01-4\" src=\"http:\/\/www.atecordoba.org\/wp-content\/uploads\/2014\/04\/asamblea-transito-01-4.jpg\" width=\"572\" height=\"428\" \/><\/a><figcaption id=\"caption-attachment-3978\" class=\"wp-caption-text\">Tras la asamblea se realiz\u00f3 un corte en el ingreso del nosocomio.<\/figcaption><\/figure>\n<p>La asamblea se realiz\u00f3 hoy por la ma\u00f1ana en el pasillo central del hospital, donde se defini\u00f3 mantenerse en estado de alerta ante el riesgo concreto de que los trabajadores, que se encuentran contratados bajo la modalidad de Licencia Anual Reglamentaria (LAR), pierdan sus puestos de trabajo.<\/p>\n<p>Los compa\u00f1eros reclaman que se mantengan en su lugar a estos contratados para garantizar la atenci\u00f3n m\u00ednima de los pacientes, hoy en punto l\u00edmite aun con estos trabajadores dentro del centro de salud.<\/p>\n<p>En ese marco, los trabajadores realizaron un corte en el ingreso del hospital y, posteriormente, en la esquina del mismo.<\/p>\n<p>\u201cEstamos decididos a garantizar estos puestos de trabajo para tranquilidad de los compa\u00f1eros y de sus familias. Adem\u00e1s no podemos permitir que se recargue al resto del personal que a duras penas podemos mantener la atenci\u00f3n\u201d, explic\u00f3 Eduardo Pereyra, delegado de ATE del sector y vocal del Consejo Directivo Provincial (CDP).<\/p>\n<p>En consecuencia, los trabajadores continuar\u00e1n en estado de alerta y est\u00e1 prevista una nueva asamblea en el Tr\u00e1nsito C\u00e1ceres de Allende el pr\u00f3ximo jueves, desde las 7 y hasta las 12 horas, sin atenci\u00f3n en los servicios.<\/p>\n<p>&nbsp;<\/p>\n","protected":false},"excerpt":{"rendered":"<p>Una nutrida asamblea de trabajadores del hospital Tr\u00e1nsito C\u00e1ceres de Allende reafirm\u00f3 la necesidad de lucha para garantizar los puestos de trabajo de los compa\u00f1eros contratados. El jueves pr\u00f3ximo se realizar\u00e1 otra asamblea para esperar la respuesta de las autoridades del Ministerio de Salud. La asamblea se realiz\u00f3 hoy por la ma\u00f1ana en el pasillo [&hellip;]<\/p>\n","protected":false},"author":1,"featured_media":19220,"comment_status":"open","ping_status":"open","sticky":false,"template":"","format":"standard","meta":{"_exactmetrics_skip_tracking":false,"_exactmetrics_sitenote_active":false,"_exactmetrics_sitenote_note":"","_exactmetrics_sitenote_category":0,"jnews-multi-image_gallery":[],"jnews_single_post":[],"jnews_primary_category":[],"jnews_social_meta":[],"jnews_review":[],"enable_review":"","type":"","name":"","summary":"","brand":"","sku":"","good":[],"bad":[],"score_override":"","override_value":"","rating":[],"price":[],"jnews_override_counter":[],"jnews_post_split":[],"footnotes":""},"categories":[7,8],"tags":[],"class_list":["post-3977","post","type-post","status-publish","format-standard","has-post-thumbnail","hentry","category-hospitales","category-provinciales"],"jetpack_featured_media_url":"https:\/\/atecordoba.org\/wp-content\/uploads\/2020\/05\/logo-nuevochico-e1561581322808.png","_links":{"self":[{"href":"https:\/\/atecordoba.org\/index.php?rest_route=\/wp\/v2\/posts\/3977","targetHints":{"allow":["GET"]}}],"collection":[{"href":"https:\/\/atecordoba.org\/index.php?rest_route=\/wp\/v2\/posts"}],"about":[{"href":"https:\/\/atecordoba.org\/index.php?rest_route=\/wp\/v2\/types\/post"}],"author":[{"embeddable":true,"href":"https:\/\/atecordoba.org\/index.php?rest_route=\/wp\/v2\/users\/1"}],"replies":[{"embeddable":true,"href":"https:\/\/atecordoba.org\/index.php?rest_route=%2Fwp%2Fv2%2Fcomments&post=3977"}],"version-history":[{"count":0,"href":"https:\/\/atecordoba.org\/index.php?rest_route=\/wp\/v2\/posts\/3977\/revisions"}],"wp:featuredmedia":[{"embeddable":true,"href":"https:\/\/atecordoba.org\/index.php?rest_route=\/wp\/v2\/media\/19220"}],"wp:attachment":[{"href":"https:\/\/atecordoba.org\/index.php?rest_route=%2Fwp%2Fv2%2Fmedia&parent=3977"}],"wp:term":[{"taxonomy":"category","embeddable":true,"href":"https:\/\/atecordoba.org\/index.php?rest_route=%2Fwp%2Fv2%2Fcategories&post=3977"},{"taxonomy":"post_tag","embeddable":true,"href":"https:\/\/atecordoba.org\/index.php?rest_route=%2Fwp%2Fv2%2Ftags&post=3977"}],"curies":[{"name":"wp","href":"https:\/\/api.w.org\/{rel}","templated":true}]}}