{"id":39747,"date":"2023-11-09T11:26:16","date_gmt":"2023-11-09T14:26:16","guid":{"rendered":"https:\/\/atecordoba.org\/?p=39747"},"modified":"2023-11-09T11:37:54","modified_gmt":"2023-11-09T14:37:54","slug":"ernesto-de-aragon-el-garrote-cordobesista","status":"publish","type":"post","link":"https:\/\/atecordoba.org\/?p=39747","title":{"rendered":"Ernesto de Arag\u00f3n: el garrote cordobesista"},"content":{"rendered":"<div class=\"wp-block-image\">\n<figure class=\"aligncenter size-full is-resized\"><img loading=\"lazy\" decoding=\"async\" src=\"https:\/\/atecordoba.org\/wp-content\/uploads\/2023\/11\/garrote.png\" alt=\"\" class=\"wp-image-39756\" width=\"664\" height=\"462\" srcset=\"https:\/\/atecordoba.org\/wp-content\/uploads\/2023\/11\/garrote.png 885w, https:\/\/atecordoba.org\/wp-content\/uploads\/2023\/11\/garrote-300x209.png 300w, https:\/\/atecordoba.org\/wp-content\/uploads\/2023\/11\/garrote-768x535.png 768w, https:\/\/atecordoba.org\/wp-content\/uploads\/2023\/11\/garrote-750x522.png 750w\" sizes=\"auto, (max-width: 664px) 100vw, 664px\" \/><\/figure>\n<\/div>\n\n\n<p>(Fuente: lalunacongatillo.com)<\/p>\n\n\n\n<p>Por Lea Ross<\/p>\n\n\n\n<p>C\u00f3rdoba podr\u00eda tener su primer juicio penal contra quienes organizaron y\/o adhirieron a un piquete, en el marco de una protesta social. Quiz\u00e1s sea el primero en el pa\u00eds donde la protesta apuntaba contra el Fondo Monetario Internacional (FMI).<\/p>\n\n\n\n<p>As\u00ed lo pide la Fiscal\u00eda de Instrucci\u00f3n del Distrito IV, turno 1\u00b0, de la ciudad de C\u00f3rdoba, a cargo de Ernesto de Arag\u00f3n. La solicitud de elevaci\u00f3n a juicio es contra seis militantes sociales, de distintas organizaciones, por participar de cortes de calle realizadas en la zona c\u00e9ntrica de la capital cordobesa el d\u00eda 5 de mayo saliente. Se trata de dos militantes del<em>&nbsp;<\/em>Parido Obrero, Emanuel Berardo y Soledad D\u00edaz Garc\u00eda, una del MST, otra de Libres del Sur, y otra del Movimiento Teresa Rodr\u00edguez. El sexto es el Secretario General de ATE y la la CTA Aut\u00f3noma de C\u00f3rdoba, Federico Giuliani.<\/p>\n\n\n\n<p>Para la Fiscal\u00eda, \u201cexisti\u00f3 un plan\u201d para \u201cproducir cortes&#8221; de manera &#8220;deliberada e ilegal\u201d, en contraposici\u00f3n con el planteo que la marcha se desbord\u00f3 ante la convocatoria de m\u00e1s de diez mil personas. En ese marco, seg\u00fan De Arag\u00f3n, \u201cse desoyeron y desobedecieron las directivas policiales que procuraban mantener la libre circulaci\u00f3n y se obstaculiz\u00f3 e interrumpi\u00f3 el tr\u00e1fico vehicular\u201d.<\/p>\n\n\n\n<p><strong>Marco<\/strong><\/p>\n\n\n\n<p>La dichosa marcha se realiz\u00f3 en un fuerte contexto inflacionario. La siguiente gr\u00e1fica compara el \u00edndice de precios al consumidor mensual de la provincia de C\u00f3rdoba, en base a los n\u00fameros del Ministerio de Finanzas, y tambi\u00e9n a nivel nacional, seg\u00fan el INDEC. <\/p>\n\n\n<div class=\"wp-block-image\">\n<figure class=\"aligncenter size-full is-resized\"><img loading=\"lazy\" decoding=\"async\" src=\"https:\/\/atecordoba.org\/wp-content\/uploads\/2023\/11\/Evolucion-IPC-Cba-Nac-1024x393-1.png\" alt=\"\" class=\"wp-image-39748\" width=\"768\" height=\"295\" srcset=\"https:\/\/atecordoba.org\/wp-content\/uploads\/2023\/11\/Evolucion-IPC-Cba-Nac-1024x393-1.png 1024w, https:\/\/atecordoba.org\/wp-content\/uploads\/2023\/11\/Evolucion-IPC-Cba-Nac-1024x393-1-300x115.png 300w, https:\/\/atecordoba.org\/wp-content\/uploads\/2023\/11\/Evolucion-IPC-Cba-Nac-1024x393-1-768x295.png 768w, https:\/\/atecordoba.org\/wp-content\/uploads\/2023\/11\/Evolucion-IPC-Cba-Nac-1024x393-1-750x288.png 750w\" sizes=\"auto, (max-width: 768px) 100vw, 768px\" \/><figcaption class=\"wp-element-caption\">Escalada inflacionaria cuando se realizaron las protestas que derivaron en imputaciones.<\/figcaption><\/figure>\n<\/div>\n\n\n<p>Vemos que cuando se hicieron los cortes en el marco de una actividad nacional llamada \u201cPiquetazo\u201d, tanto el pa\u00eds como la provincia ya hab\u00edan superado el pico del 8% mensual de inflaci\u00f3n en los productos, siendo los m\u00e1s altos que se vivieron desde que comenz\u00f3 la recesi\u00f3n econ\u00f3mica en 2017 e, incluso, en todo el presente siglo. Eso s\u00ed: Todo eso fue previo a la fuerte subida que hubo en septiembre, como efecto de la fuerte devaluaci\u00f3n posterior a los resultados electorales de las PASO.<\/p>\n\n\n\n<p>Pero tambi\u00e9n fue por la baja de 90 mil beneficiarios del Potenciar Trabajo, el medio salario que otorga al Estado para mantener en marcha los proyectos autogestivos y barriales. Justo esa misma semana que se hicieron esas movilizaciones, en el marco de una protesta federal, el FMI habia publicado su revisi\u00f3n trimestral, donde incluy\u00f3 las exigencias al Estado nacional para ejecutar el ajuste. En ese entonces, orden\u00f3 que 400.000 personas que accedan a ese beneficio pasen al mercado laboral formal.<\/p>\n\n\n<div class=\"wp-block-image\">\n<figure class=\"aligncenter size-full is-resized\"><img loading=\"lazy\" decoding=\"async\" src=\"https:\/\/atecordoba.org\/wp-content\/uploads\/2023\/11\/FMI-Potenciar-1024x582-1.png\" alt=\"\" class=\"wp-image-39749\" width=\"768\" height=\"437\" srcset=\"https:\/\/atecordoba.org\/wp-content\/uploads\/2023\/11\/FMI-Potenciar-1024x582-1.png 1024w, https:\/\/atecordoba.org\/wp-content\/uploads\/2023\/11\/FMI-Potenciar-1024x582-1-300x171.png 300w, https:\/\/atecordoba.org\/wp-content\/uploads\/2023\/11\/FMI-Potenciar-1024x582-1-768x437.png 768w, https:\/\/atecordoba.org\/wp-content\/uploads\/2023\/11\/FMI-Potenciar-1024x582-1-750x426.png 750w\" sizes=\"auto, (max-width: 768px) 100vw, 768px\" \/><figcaption class=\"wp-element-caption\">El texto, en ingl\u00e9s, supone la imposici\u00f3n del fondo al Gobierno Argentina para ajustar 97 mil planes sociales.<\/figcaption><\/figure>\n<\/div>\n\n\n<p>El viernes anterior al piquete del 5 de abril, se emiti\u00f3 una resoluci\u00f3n civil para pedir a la Polic\u00eda de C\u00f3rdoba que ponga un cese a las protestas callejeras. Fue como respuesta ante un amparo presentado por comerciantes, guiados por Eduardo Vittar, Vicepresidente del Colegio de Abogados, entidad apuntada como posible integrante del futuro gabinete del Ministerio de Justicia, a partir de la gobernaci\u00f3n de Mart\u00edn Llaryora.<\/p>\n\n\n\n<p>Adem\u00e1s: mientras se tramitaba el pedido de juicio que pretende imponer el garrote cordobesista, el ministro de Econom\u00eda Sergio Massa anunci\u00f3 que de ganar la Presidencia, en su gobierno ser\u00e1 obligatoria la capacitaci\u00f3n formal de estos beneficiarios de programas sociales, poniendo en vilo la existencia de esos proyectos comunitarios.<\/p>\n\n\n\n<p><strong>Como prueba basta un bot\u00f3n<\/strong><\/p>\n\n\n\n<p>Cuando&nbsp;<em>La Luna con Gatillo<\/em>&nbsp;estuvo en la oficina de De Arag\u00f3n durante la etapa de instrucci\u00f3n, el Fiscal sostuvo que se focaliz\u00f3 en esas seis personas porque se los consideran como organizadores de aquella jornada de protesta y porque \u201ctienen cierta exposici\u00f3n\u201d. Tambi\u00e9n ratific\u00f3 que una parte importante de las pruebas se logr\u00f3 a partir de lo aportado por la Polic\u00eda de C\u00f3rdoba, del cual mantiene una \u201crelaci\u00f3n fluida\u201d.<\/p>\n\n\n<div class=\"wp-block-image\">\n<figure class=\"aligncenter size-full is-resized\"><img loading=\"lazy\" decoding=\"async\" src=\"https:\/\/atecordoba.org\/wp-content\/uploads\/2023\/11\/ernesto-aragon.jpg\" alt=\"\" class=\"wp-image-39750\" width=\"600\" height=\"341\" srcset=\"https:\/\/atecordoba.org\/wp-content\/uploads\/2023\/11\/ernesto-aragon.jpg 800w, https:\/\/atecordoba.org\/wp-content\/uploads\/2023\/11\/ernesto-aragon-300x171.jpg 300w, https:\/\/atecordoba.org\/wp-content\/uploads\/2023\/11\/ernesto-aragon-768x437.jpg 768w, https:\/\/atecordoba.org\/wp-content\/uploads\/2023\/11\/ernesto-aragon-750x427.jpg 750w\" sizes=\"auto, (max-width: 600px) 100vw, 600px\" \/><figcaption class=\"wp-element-caption\">Fiscal De Arag\u00f3n.<\/figcaption><\/figure>\n<\/div>\n\n\n<p>Precisamente, los \u00fanicos testimonios aportados en la causa ten\u00edan puesto sus uniformes con placa. Estos fueron:<\/p>\n\n\n\n<ul class=\"wp-block-list\">\n<li>Comisario Waldo Marcos Fern\u00e1ndez Feddy;<\/li>\n\n\n\n<li>Comisario Mayor Iv\u00e1n Alejandro Rey, subdirector del departamento de Unidades especiales;<\/li>\n\n\n\n<li>Comisario Mayor Gustavo Ram\u00f3n Ceballos;<\/li>\n\n\n\n<li>Osvaldo Alejandro Moyano;<\/li>\n\n\n\n<li>Cabo Primero N\u00e9stor Daniel Amin;<\/li>\n\n\n\n<li>Sargento Pablo Roberto Torres;<\/li>\n\n\n\n<li>Cabo Ezequiel Oliva;<\/li>\n\n\n\n<li>Sargento Hugo Flores;<\/li>\n\n\n\n<li>y Comisario Javier Adolfo Ercoli.<\/li>\n<\/ul>\n\n\n\n<p>Por otra parte, se se\u00f1ala que se incorpor\u00f3 \u201cun informe\u201d de lo que ellos llaman \u201cFuentes Abiertas\u201d, confeccionado por la Divisi\u00f3n de An\u00e1lisis e Investigaci\u00f3n en las Comunicaciones. \u00bfEn qu\u00e9 consisti\u00f3? En un relevamiento de las redes sociales de los \u201cmovimientos sociales involucrados\u201d. Tambi\u00e9n se adjunt\u00f3 un \u201cextenso informe\u201d hecho por la Direcci\u00f3n de Investigaci\u00f3n Operativa de la Polic\u00eda Judicial (DIO), donde se incluy\u00f3 \u201cim\u00e1genes de los domos c\u00e9ntricos, im\u00e1genes de medios de comunicaci\u00f3n y las propias redes sociales de los imputados y las agrupaciones\u201d.<\/p>\n\n\n\n<p><strong>La solidaridad tambi\u00e9n es delito<\/strong><\/p>\n\n\n\n<p>Un extra\u00f1o pasaje de la resoluci\u00f3n del fiscal hace menci\u00f3n a una peque\u00f1a manifestaci\u00f3n de solidaridad a las personas imputadas. Se trata del dia 20 de abril, cuando las personas imputadas se presentaron a declarar y sus organizaciones hicieron una muestra de apoyo en la entrada de Tribunales II. Lo menciona como \u201cun evento adicional acontecido con posterioridad\u201d, que \u201cresulta importante para demostrar de la influencia y predomino que los imputados ejerc\u00edan y ejercen sobre grupos de personas que integran las agrupaciones sociales y que bajo sus \u00f3rdenes act\u00faan sirvi\u00e9ndoles para concretar diversos fines\u201d.<\/p>\n\n\n<div class=\"wp-block-image\">\n<figure class=\"aligncenter size-full is-resized\"><img loading=\"lazy\" decoding=\"async\" src=\"https:\/\/atecordoba.org\/wp-content\/uploads\/2023\/11\/macha_20abril.jpg\" alt=\"\" class=\"wp-image-39751\" width=\"512\" height=\"386\" srcset=\"https:\/\/atecordoba.org\/wp-content\/uploads\/2023\/11\/macha_20abril.jpg 1024w, https:\/\/atecordoba.org\/wp-content\/uploads\/2023\/11\/macha_20abril-300x226.jpg 300w, https:\/\/atecordoba.org\/wp-content\/uploads\/2023\/11\/macha_20abril-768x578.jpg 768w, https:\/\/atecordoba.org\/wp-content\/uploads\/2023\/11\/macha_20abril-750x565.jpg 750w\" sizes=\"auto, (max-width: 512px) 100vw, 512px\" \/><figcaption class=\"wp-element-caption\">Protesta del 20 de abril, posterior a las imputaciones.<\/figcaption><\/figure>\n<\/div>\n\n\n<p>Las manifestaciones realizadas frente a Tribunales II contra las imputaciones exponen, seg\u00fan De Arag\u00f3n, \u201csu poder de convocatoria y presi\u00f3n, en esta oportunidad para un fin personal\u201d (?). A\u00fan cuando el poder de convocatoria de esos apoyos en la entrada de tribunales fueron remotamente inferiores a los diez mil que participaron de los cortes de calle, eso abre una puerta para incluso \u201cpenalizar\u201d esos apoyos.<\/p>\n\n\n\n<p><strong>Sin antecedentes jur\u00eddicos<\/strong><\/p>\n\n\n\n<p>Otra cuesti\u00f3n llamativa del Fiscal es que no cita jurisprudencia ni acotaciones de juristas para justificar la aplicaci\u00f3n del delito penal, sobre todo cuando no se cuenta con antecedentes a mano. Seg\u00fan le coment\u00f3 el abogado de ATE, Eugenio Biafore, al presente cronista, la postura del Fiscal se contenta con la descripci\u00f3n del hecho, \u201csin poder esbozar c\u00f3mo esos hechos pueden encuadrarse en una figura penal y en su dolo directo exigible\u201d. Y contin\u00faa: \u201cEs as\u00ed que, luego, se construye el encuadramiento del tipo penal a la protesta social como construcci\u00f3n social muy poderosa en Argentina y en el mundo, pero sobretodo en Argentina\u201d. As\u00ed se puede remontar, por ejemplo, a la Ley de Residencia del presidente Julio Roca contra las protestas obreras, encabezadas por anarquistas entre otros. Solo que aqu\u00ed no es por decisi\u00f3n directa del Poder Ejecutivo o del Poder Legislativo, sino del Judicial.<\/p>\n\n\n<div class=\"wp-block-image\">\n<figure class=\"aligncenter size-full is-resized\"><img loading=\"lazy\" decoding=\"async\" src=\"https:\/\/atecordoba.org\/wp-content\/uploads\/2023\/11\/biafore-2.jpg\" alt=\"\" class=\"wp-image-39755\" width=\"675\" height=\"338\" srcset=\"https:\/\/atecordoba.org\/wp-content\/uploads\/2023\/11\/biafore-2.jpg 900w, https:\/\/atecordoba.org\/wp-content\/uploads\/2023\/11\/biafore-2-300x150.jpg 300w, https:\/\/atecordoba.org\/wp-content\/uploads\/2023\/11\/biafore-2-768x384.jpg 768w, https:\/\/atecordoba.org\/wp-content\/uploads\/2023\/11\/biafore-2-360x180.jpg 360w, https:\/\/atecordoba.org\/wp-content\/uploads\/2023\/11\/biafore-2-750x375.jpg 750w\" sizes=\"auto, (max-width: 675px) 100vw, 675px\" \/><figcaption class=\"wp-element-caption\">El abogado de ATE, Eugenio Biafore (derecha).<\/figcaption><\/figure>\n<\/div>\n\n\n<p>De hecho, en algunos pasajes, se se\u00f1ala que la Polic\u00eda trat\u00f3 de impedir las movilizaciones. Por lo tanto, se entiende a las movilizaciones como delito, \u201csiendo el agregado de la media calzada o no un recurso meramente de color\u201d, se\u00f1alan desde la asesor\u00eda judicial de algunas de las organizaciones.<\/p>\n\n\n\n<p><strong>Schiaretti y Milei, venenosos<\/strong><\/p>\n\n\n\n<p>El viernes pasado, tanto CTA Aut\u00f3noma como el Polo Obrero realizaron una nueva concentraci\u00f3n en esos tribunales, en repudio a ese enjuiciamiento, y para presentar un pedido de nulidad. Mediante una radio abierta, Giuliani dijo que \u201cel Fiscal De Arag\u00f3n atrasa con estas imputaciones. Nos lleva a la \u00e9poca de la Dictadura\u201d. Denunci\u00f3 que \u201cabrieron\u201d sus celulares sin participaci\u00f3n de peritos de su parte. Consider\u00f3 que detr\u00e1s est\u00e1 el poder pol\u00edtico cordob\u00e9s para \u201cacallar y domesticar\u201d a la protesta social, en particular a trabajadores p\u00fablicos del Estado, nucleados en ATE.<\/p>\n\n\n\n<p>Finalmente, se\u00f1al\u00f3: \u201cEstamos a poco d\u00edas del balotaje. Uno de los candidatos, la de la ultraderecha fascista, que es Javier Milei, dice que si llega a ser Presidente va a meter palo y c\u00e1rcel a quienes pelean. Schiaretti es igual a Milei. Est\u00e1 jugando para Milei. En ese combo, todo es venenoso\u201d.<\/p>\n\n\n<div class=\"wp-block-image\">\n<figure class=\"aligncenter size-full is-resized\"><img loading=\"lazy\" decoding=\"async\" src=\"https:\/\/atecordoba.org\/wp-content\/uploads\/2023\/11\/po.jpg\" alt=\"\" class=\"wp-image-39753\" width=\"576\" height=\"260\" srcset=\"https:\/\/atecordoba.org\/wp-content\/uploads\/2023\/11\/po.jpg 768w, https:\/\/atecordoba.org\/wp-content\/uploads\/2023\/11\/po-300x135.jpg 300w, https:\/\/atecordoba.org\/wp-content\/uploads\/2023\/11\/po-750x338.jpg 750w\" sizes=\"auto, (max-width: 576px) 100vw, 576px\" \/><\/figure>\n<\/div>\n\n\n<p>El Partido Obrero tambi\u00e9n se hizo presente. La abogada Soledad D\u00edaz Garc\u00eda, una de las imputadas, consider\u00f3 que \u201ctoda la causa es una aberraci\u00f3n jur\u00eddica armada por cuenta y orden del poder pol\u00edtico. Trasciende el car\u00e1cter absurdo y carente de prueba cuando aduce que hubo un plan operado por las direcciones piqueteras. En un pa\u00eds con el 42% de pobreza, la jornada de lucha fue el resultado de una asamblea nacional con delegados de todo el pa\u00eds\u201d. Mientras que Emanuel Berardo, del Polo Obrero, brazo territorial del PO, sostuvo que hay \u201cque defender a fondo el derecho a la protesta porque es un derecho fundamental que si no se garantiza ning\u00fan otro derecho ser\u00e1 garantizado\u201d.<\/p>\n\n\n\n<p>Para acceder a la nota completa ingresar<a href=\"https:\/\/www.lalunacongatillo.com\/el-garrote-cordobesista\/\"> aqu\u00ed<\/a>. <\/p>\n\n\n\n<p><\/p>\n","protected":false},"excerpt":{"rendered":"<p>(Fuente: lalunacongatillo.com) Por Lea Ross C\u00f3rdoba podr\u00eda tener su primer juicio penal contra quienes organizaron y\/o adhirieron a un piquete, en el marco de una protesta social. Quiz\u00e1s sea el primero en el pa\u00eds donde la protesta apuntaba contra el Fondo Monetario Internacional (FMI). As\u00ed lo pide la Fiscal\u00eda de Instrucci\u00f3n del Distrito IV, turno [&hellip;]<\/p>\n","protected":false},"author":7,"featured_media":39750,"comment_status":"open","ping_status":"open","sticky":false,"template":"","format":"standard","meta":{"_exactmetrics_skip_tracking":false,"_exactmetrics_sitenote_active":false,"_exactmetrics_sitenote_note":"","_exactmetrics_sitenote_category":0,"jnews-multi-image_gallery":[],"jnews_single_post":{"subtitle":"Por primera vez, el Poder Judicial cordob\u00e9s podr\u00eda considerar al piquete como un delito. As\u00ed lo pidi\u00f3 un fiscal al solicitar la elevaci\u00f3n a juicio contra seis dirigentes, por protestar contra el FMI, entre ellos al secretario General de ATE C\u00f3rdoba, Federico Giuliani. Un panorama donde la agenda se corre a la derecha por un rugido o por un \u201cmassazo\u201d.","format":"standard","video":"","gallery":"","source_name":"","source_url":"","via_name":"","via_url":"","override_template":"0","override":[{"template":"1","single_blog_custom":"","parallax":"1","fullscreen":"1","layout":"no-sidebar-narrow","sidebar":"default-sidebar","second_sidebar":"default-sidebar","sticky_sidebar":"1","share_position":"bottom","share_float_style":"share-monocrhome","show_share_counter":"1","show_view_counter":"1","show_featured":"0","show_post_meta":"1","show_post_author":"0","show_post_author_image":"1","show_post_date":"1","post_date_format":"default","post_date_format_custom":"Y\/m\/d","show_post_category":"1","show_post_reading_time":"0","post_reading_time_wpm":"300","show_zoom_button":"0","zoom_button_out_step":"2","zoom_button_in_step":"3","show_post_tag":"1","show_prev_next_post":"0","show_popup_post":"0","number_popup_post":"1","show_author_box":"0","show_post_related":"1","show_inline_post_related":"0"}],"override_image_size":"0","image_override":[{"single_post_thumbnail_size":"crop-500","single_post_gallery_size":"crop-500"}],"trending_post":"0","trending_post_position":"meta","trending_post_label":"Trending","sponsored_post":"0","sponsored_post_label":"Sponsored by","sponsored_post_name":"","sponsored_post_url":"","sponsored_post_logo_enable":"0","sponsored_post_logo":"","sponsored_post_desc":"","disable_ad":"0"},"jnews_primary_category":{"id":"","hide":""},"jnews_social_meta":{"fb_title":"Opini\u00f3n: Ernesto de Arag\u00f3n, el garrote cordobesista","fb_description":"","fb_image":"","twitter_title":"","twitter_description":"","twitter_image":""},"jnews_review":[],"enable_review":"0","type":"percentage","name":"","summary":"","brand":"","sku":"","good":[{"good_text":""}],"bad":[{"bad_text":""}],"score_override":"","override_value":"","rating":[{"rating_text":"","rating_number":"10"}],"price":[{"shop":"","price":"","link":"","icon":""}],"jnews_override_counter":{"override_view_counter":"0","view_counter_number":"0","override_share_counter":"0","share_counter_number":"0","override_like_counter":"0","like_counter_number":"0","override_dislike_counter":"0","dislike_counter_number":"0"},"jnews_post_split":{"enable_post_split":"0","post_split":[{"template":"1","tag":"h2","numbering":"asc","mode":"normal","first":"0","enable_toc":"0","toc_type":"normal"}]},"footnotes":""},"categories":[350],"tags":[],"class_list":["post-39747","post","type-post","status-publish","format-standard","has-post-thumbnail","hentry","category-opinion"],"jetpack_featured_media_url":"https:\/\/atecordoba.org\/wp-content\/uploads\/2023\/11\/ernesto-aragon.jpg","_links":{"self":[{"href":"https:\/\/atecordoba.org\/index.php?rest_route=\/wp\/v2\/posts\/39747","targetHints":{"allow":["GET"]}}],"collection":[{"href":"https:\/\/atecordoba.org\/index.php?rest_route=\/wp\/v2\/posts"}],"about":[{"href":"https:\/\/atecordoba.org\/index.php?rest_route=\/wp\/v2\/types\/post"}],"author":[{"embeddable":true,"href":"https:\/\/atecordoba.org\/index.php?rest_route=\/wp\/v2\/users\/7"}],"replies":[{"embeddable":true,"href":"https:\/\/atecordoba.org\/index.php?rest_route=%2Fwp%2Fv2%2Fcomments&post=39747"}],"version-history":[{"count":2,"href":"https:\/\/atecordoba.org\/index.php?rest_route=\/wp\/v2\/posts\/39747\/revisions"}],"predecessor-version":[{"id":39758,"href":"https:\/\/atecordoba.org\/index.php?rest_route=\/wp\/v2\/posts\/39747\/revisions\/39758"}],"wp:featuredmedia":[{"embeddable":true,"href":"https:\/\/atecordoba.org\/index.php?rest_route=\/wp\/v2\/media\/39750"}],"wp:attachment":[{"href":"https:\/\/atecordoba.org\/index.php?rest_route=%2Fwp%2Fv2%2Fmedia&parent=39747"}],"wp:term":[{"taxonomy":"category","embeddable":true,"href":"https:\/\/atecordoba.org\/index.php?rest_route=%2Fwp%2Fv2%2Fcategories&post=39747"},{"taxonomy":"post_tag","embeddable":true,"href":"https:\/\/atecordoba.org\/index.php?rest_route=%2Fwp%2Fv2%2Ftags&post=39747"}],"curies":[{"name":"wp","href":"https:\/\/api.w.org\/{rel}","templated":true}]}}