{"id":39744,"date":"2023-11-09T10:27:12","date_gmt":"2023-11-09T13:27:12","guid":{"rendered":"https:\/\/atecordoba.org\/?p=39744"},"modified":"2023-11-09T10:27:12","modified_gmt":"2023-11-09T13:27:12","slug":"ate-nacional-fijo-posicion-frente-al-balotaje-massa-es-la-unica-opcion-para-defender-la-democracia-y-el-estado-de-derecho","status":"publish","type":"post","link":"https:\/\/atecordoba.org\/?p=39744","title":{"rendered":"ATE Nacional fijo posici\u00f3n frente al balotaje: &#8220;Massa es la \u00fanica opci\u00f3n para defender la democracia y el Estado de Derecho\u201d"},"content":{"rendered":"<div class=\"wp-block-image\">\n<figure class=\"aligncenter size-large is-resized\"><img loading=\"lazy\" decoding=\"async\" src=\"https:\/\/atecordoba.org\/wp-content\/uploads\/2023\/11\/1reunion-_CDN_aguiar-1024x575.jpg\" alt=\"\" class=\"wp-image-39745\" width=\"768\" height=\"431\" \/><\/figure>\n<\/div>\n\n\n<p>Luego de la primera reuni\u00f3n del Secretariado Nacional de ATE tras la asunci\u00f3n de las nuevas autoridades, nuestro gremio expres\u00f3 que \u201cla \u00fanica opci\u00f3n para los estatales es votar por Sergio Massa\u201d\u00a0en el balotaje presidencial del 19 de noviembre. \u201cSe trata de defender la democracia y el Estado de Derecho\u201d, asegur\u00f3 el Secretario General,\u00a0Rodolfo Aguiar.<\/p>\n\n\n\n<p>\u201cCon la ultraderecha y su alianza con Mauricio Macri, est\u00e1n en riesgo todos nuestros puestos de empleo. Pero aun as\u00ed, el nuestro no es un posicionamiento sectorial porque lo que en realidad defendemos son pol\u00edticas p\u00fablicas como la salud, la educaci\u00f3n y rol clave de las empresas estatales para nuestra soberan\u00eda y producci\u00f3n\u201d,&nbsp;complet\u00f3 el dirigente tras el encuentro que cont\u00f3 con la participaci\u00f3n de todos los secretarios y vocales recientemente electos.<\/p>\n\n\n\n<p>Cabe recordar que gran parte de la campa\u00f1a realizada por Milei se basa en el recorte y ajuste de las partidas presupuestarias de la naci\u00f3n. En este marco, el empleo punto es uno de los principales objetivos a cercenar.<\/p>\n\n\n\n<p>\u201cHemos decidido realizar asambleas y radios abiertas para debatir sobre el balotaje presidencial en todos los niveles del Estado: Nacional, Provincial y Municipal. El d\u00eda 15 de noviembre tambi\u00e9n llevaremos adelante una jornada nacional de concientizaci\u00f3n sobre la necesidad de defender la democracia en las urnas y afianzar nuestras conquistas en la calle\u201d,&nbsp;adelant\u00f3 el referente estatal.<\/p>\n\n\n\n<p>En este sentido, resalt\u00f3 la trascendencia de lo que se define el pr\u00f3ximo 19 en estos comicios: \u201cTenemos bien en claro que lo electoral no va a resolver todos nuestros problemas, pero s\u00ed que pueden profundizarse. Es cierto que esta joven democracia de 40 a\u00f1os y los gobiernos que se sucedieron todav\u00eda mantienen deudas profundas con nuestro pueblo, pero el candidato Sergio Massa es el \u00fanico que nos da la posibilidad de un futuro en el que se pueda disputar el sentido de la soberan\u00eda pol\u00edtica, independencia econ\u00f3mica y justicia social\u201d, finaliz\u00f3 Aguiar.<\/p>\n","protected":false},"excerpt":{"rendered":"<p>Luego de la primera reuni\u00f3n del Secretariado Nacional de ATE tras la asunci\u00f3n de las nuevas autoridades, nuestro gremio expres\u00f3 que \u201cla \u00fanica opci\u00f3n para los estatales es votar por Sergio Massa\u201d\u00a0en el balotaje presidencial del 19 de noviembre. \u201cSe trata de defender la democracia y el Estado de Derecho\u201d, asegur\u00f3 el Secretario General,\u00a0Rodolfo Aguiar. [&hellip;]<\/p>\n","protected":false},"author":7,"featured_media":39745,"comment_status":"open","ping_status":"open","sticky":false,"template":"","format":"standard","meta":{"_exactmetrics_skip_tracking":false,"_exactmetrics_sitenote_active":false,"_exactmetrics_sitenote_note":"","_exactmetrics_sitenote_category":0,"jnews-multi-image_gallery":[],"jnews_single_post":{"subtitle":"\u201cCon la ultraderecha y su alianza con Mauricio Macri, est\u00e1n en riesgo todos nuestros puestos de empleo. Pero aun as\u00ed, el nuestro no es un posicionamiento sectorial porque lo que en realidad defendemos son pol\u00edticas p\u00fablicas como la salud, la educaci\u00f3n y rol clave de las empresas estatales para nuestra soberan\u00eda y producci\u00f3n\u201d, dijo nuestro secretario General, Rody Aguiar,","format":"standard","video":"","gallery":"","source_name":"","source_url":"","via_name":"","via_url":"","override_template":"0","override":[{"template":"1","single_blog_custom":"","parallax":"1","fullscreen":"1","layout":"no-sidebar-narrow","sidebar":"default-sidebar","second_sidebar":"default-sidebar","sticky_sidebar":"1","share_position":"bottom","share_float_style":"share-monocrhome","show_share_counter":"1","show_view_counter":"1","show_featured":"0","show_post_meta":"1","show_post_author":"0","show_post_author_image":"1","show_post_date":"1","post_date_format":"default","post_date_format_custom":"Y\/m\/d","show_post_category":"1","show_post_reading_time":"0","post_reading_time_wpm":"300","show_zoom_button":"0","zoom_button_out_step":"2","zoom_button_in_step":"3","show_post_tag":"1","show_prev_next_post":"0","show_popup_post":"0","number_popup_post":"1","show_author_box":"0","show_post_related":"1","show_inline_post_related":"0"}],"override_image_size":"0","image_override":[{"single_post_thumbnail_size":"crop-500","single_post_gallery_size":"crop-500"}],"trending_post":"0","trending_post_position":"meta","trending_post_label":"Trending","sponsored_post":"0","sponsored_post_label":"Sponsored by","sponsored_post_name":"","sponsored_post_url":"","sponsored_post_logo_enable":"0","sponsored_post_logo":"","sponsored_post_desc":"","disable_ad":"0"},"jnews_primary_category":{"id":"","hide":""},"jnews_social_meta":{"fb_title":"","fb_description":"","fb_image":"","twitter_title":"","twitter_description":"","twitter_image":""},"jnews_review":[],"enable_review":"0","type":"percentage","name":"","summary":"","brand":"","sku":"","good":[{"good_text":""}],"bad":[{"bad_text":""}],"score_override":"","override_value":"","rating":[{"rating_text":"","rating_number":"10"}],"price":[{"shop":"","price":"","link":"","icon":""}],"jnews_override_counter":{"override_view_counter":"0","view_counter_number":"0","override_share_counter":"0","share_counter_number":"0","override_like_counter":"0","like_counter_number":"0","override_dislike_counter":"0","dislike_counter_number":"0"},"jnews_post_split":{"enable_post_split":"0","post_split":[{"template":"1","tag":"h2","numbering":"asc","mode":"normal","first":"0","enable_toc":"0","toc_type":"normal"}]},"footnotes":""},"categories":[756],"tags":[],"class_list":["post-39744","post","type-post","status-publish","format-standard","has-post-thumbnail","hentry","category-consejo-directivo-nacional-cdn"],"jetpack_featured_media_url":"https:\/\/atecordoba.org\/wp-content\/uploads\/2023\/11\/1reunion-_CDN_aguiar-e1699536418936.jpg","_links":{"self":[{"href":"https:\/\/atecordoba.org\/index.php?rest_route=\/wp\/v2\/posts\/39744","targetHints":{"allow":["GET"]}}],"collection":[{"href":"https:\/\/atecordoba.org\/index.php?rest_route=\/wp\/v2\/posts"}],"about":[{"href":"https:\/\/atecordoba.org\/index.php?rest_route=\/wp\/v2\/types\/post"}],"author":[{"embeddable":true,"href":"https:\/\/atecordoba.org\/index.php?rest_route=\/wp\/v2\/users\/7"}],"replies":[{"embeddable":true,"href":"https:\/\/atecordoba.org\/index.php?rest_route=%2Fwp%2Fv2%2Fcomments&post=39744"}],"version-history":[{"count":1,"href":"https:\/\/atecordoba.org\/index.php?rest_route=\/wp\/v2\/posts\/39744\/revisions"}],"predecessor-version":[{"id":39746,"href":"https:\/\/atecordoba.org\/index.php?rest_route=\/wp\/v2\/posts\/39744\/revisions\/39746"}],"wp:featuredmedia":[{"embeddable":true,"href":"https:\/\/atecordoba.org\/index.php?rest_route=\/wp\/v2\/media\/39745"}],"wp:attachment":[{"href":"https:\/\/atecordoba.org\/index.php?rest_route=%2Fwp%2Fv2%2Fmedia&parent=39744"}],"wp:term":[{"taxonomy":"category","embeddable":true,"href":"https:\/\/atecordoba.org\/index.php?rest_route=%2Fwp%2Fv2%2Fcategories&post=39744"},{"taxonomy":"post_tag","embeddable":true,"href":"https:\/\/atecordoba.org\/index.php?rest_route=%2Fwp%2Fv2%2Ftags&post=39744"}],"curies":[{"name":"wp","href":"https:\/\/api.w.org\/{rel}","templated":true}]}}