{"id":39741,"date":"2023-11-09T10:19:28","date_gmt":"2023-11-09T13:19:28","guid":{"rendered":"https:\/\/atecordoba.org\/?p=39741"},"modified":"2023-11-09T10:19:29","modified_gmt":"2023-11-09T13:19:29","slug":"contra-la-persecucion-y-judicializacion-de-la-protesta-social","status":"publish","type":"post","link":"https:\/\/atecordoba.org\/?p=39741","title":{"rendered":"Contra la persecuci\u00f3n y judicializaci\u00f3n de la protesta social"},"content":{"rendered":"<div class=\"wp-block-image\">\n<figure class=\"aligncenter size-full is-resized\"><img loading=\"lazy\" decoding=\"async\" src=\"https:\/\/atecordoba.org\/wp-content\/uploads\/2023\/11\/barradoras.jpg\" alt=\"\" class=\"wp-image-39742\" width=\"716\" height=\"346\" \/><\/figure>\n<\/div>\n\n\n<p>La Seccional ATE R\u00edo Cuarto expres\u00f3 su &#8220;m\u00e1s en\u00e9rgico repudio al pedido de elevaci\u00f3n de juicio por parte del Fiscal de Instrucci\u00f3n Distrito 4 Turno 1 Ernesto de Arag\u00f3n en la causa iniciada contra el Secretario General de ATE y la CTA Aut\u00f3noma C\u00f3rdoba, Federico Giuliani, por haber participado de la \u2018Marcha Contra el Hambre\u2019, el pasado 5 de abril acus\u00e1ndolo&#8221;.<\/p>\n\n\n\n<p>Junto a otros\/as dirigentes sociales Giuliani est\u00e1 imputado como coautor de los delitos de Desobediencia a la autoridad e impedimento u obstrucci\u00f3n de transporte o servicios p\u00fablicos, figuras del C\u00f3digo Penal inaplicables para el caso de la protesta social tal como viene estableci\u00e9ndolo los m\u00e1s altos tribunales federales del pa\u00eds desde hace tres d\u00e9cadas.<\/p>\n\n\n\n<p>\u201cQueremos denunciar p\u00fablicamente que C\u00f3rdoba no es esa isla hermosa que describe el Gobernador en los medios de comunicaci\u00f3n de Buenos Aires. Nuestra provincia no escapa de las alarmantes cifras de pobreza, desocupaci\u00f3n e indigencia que recorre nuestro pa\u00eds, sino que adem\u00e1s del despilfarro de dinero en pauta publicitaria en los medios porte\u00f1os, tambi\u00e9n se suma algo m\u00e1s preocupante que es la persecuci\u00f3n y judicializaci\u00f3n de la protesta social de aquellos que salen y se manifiestan en las calles denunciando esta situaci\u00f3n&#8221;, apunta la conducci\u00f3n encabezada por la secretaria General, Rafaela Alcoba.<\/p>\n\n\n\n<p>\u201cLejos del tan mentado posicionamiento antigrieta que pregona el Gobernador Schiaretti, su accionar pol\u00edtico siempre estuvo orientado hacia pol\u00edticas que favorecen a sectores econ\u00f3micos m\u00e1s poderosos de la provincia (Sociedad Rural; Grupo ARCOR; Fundaci\u00f3n Mediterr\u00e1nea; Roggio) en consonancia con su socio pol\u00edtico, Mauricio Macri, con el cual siempre tuvo excelentes v\u00ednculos&#8221;, denuncian desde R\u00edo Cuarto.<\/p>\n\n\n\n<p>Y fustigan la persecuci\u00f3n judicial que pretende amedrentar a los dirigentes combativos: &#8220;resulta altamente alarmante el uso y la complicidad del Poder Ejecutivo Provincial con un Poder Judicial y un aparato represivo al servicio de las necesidades del Gobernador y sus intereses, en funci\u00f3n de acallar las demandas sociales urgentes que atraviesan nuestro pueblo&#8221;.<\/p>\n\n\n\n<p>\u201cAprovechamos la oportunidad para reiterar que no existe ninguna posibilidad, a pesar de sus aprietes y causas judiciales armadas se\u00f1or Gobernador, de que nos saque del leg\u00edtimo lugar que hemos ganado con la lucha, que son las calles de nuestra querida provincia azotada por la pobreza, el desempleo y la tremenda desigualdad social existente\u201d, finaliza el Seccional R\u00edo Cuarto.<\/p>\n\n\n\n<p><\/p>\n","protected":false},"excerpt":{"rendered":"<p>La Seccional ATE R\u00edo Cuarto expres\u00f3 su &#8220;m\u00e1s en\u00e9rgico repudio al pedido de elevaci\u00f3n de juicio por parte del Fiscal de Instrucci\u00f3n Distrito 4 Turno 1 Ernesto de Arag\u00f3n en la causa iniciada contra el Secretario General de ATE y la CTA Aut\u00f3noma C\u00f3rdoba, Federico Giuliani, por haber participado de la \u2018Marcha Contra el Hambre\u2019, [&hellip;]<\/p>\n","protected":false},"author":7,"featured_media":39742,"comment_status":"open","ping_status":"open","sticky":false,"template":"","format":"standard","meta":{"_exactmetrics_skip_tracking":false,"_exactmetrics_sitenote_active":false,"_exactmetrics_sitenote_note":"","_exactmetrics_sitenote_category":0,"jnews-multi-image_gallery":[],"jnews_single_post":{"subtitle":"\"C\u00f3rdoba no es esa isla hermosa que describe el Gobernador en los medios de comunicaci\u00f3n de Buenos Aires. Nuestra provincia no escapa de las alarmantes cifras de pobreza, desocupaci\u00f3n e indigencia que recorre nuestro pa\u00eds, sino que adem\u00e1s del despilfarro de dinero en pauta publicitaria en los medios porte\u00f1os, tambi\u00e9n se suma algo m\u00e1s preocupante que es la persecuci\u00f3n y judicializaci\u00f3n de la protesta social\", denuncian desde el sur provincial.  ","format":"standard","video":"","gallery":"","source_name":"","source_url":"","via_name":"","via_url":"","override_template":"0","override":[{"template":"1","single_blog_custom":"","parallax":"1","fullscreen":"1","layout":"no-sidebar-narrow","sidebar":"default-sidebar","second_sidebar":"default-sidebar","sticky_sidebar":"1","share_position":"bottom","share_float_style":"share-monocrhome","show_share_counter":"1","show_view_counter":"1","show_featured":"0","show_post_meta":"1","show_post_author":"0","show_post_author_image":"1","show_post_date":"1","post_date_format":"default","post_date_format_custom":"Y\/m\/d","show_post_category":"1","show_post_reading_time":"0","post_reading_time_wpm":"300","show_zoom_button":"0","zoom_button_out_step":"2","zoom_button_in_step":"3","show_post_tag":"1","show_prev_next_post":"0","show_popup_post":"0","number_popup_post":"1","show_author_box":"0","show_post_related":"1","show_inline_post_related":"0"}],"override_image_size":"0","image_override":[{"single_post_thumbnail_size":"crop-500","single_post_gallery_size":"crop-500"}],"trending_post":"0","trending_post_position":"meta","trending_post_label":"Trending","sponsored_post":"0","sponsored_post_label":"Sponsored by","sponsored_post_name":"","sponsored_post_url":"","sponsored_post_logo_enable":"0","sponsored_post_logo":"","sponsored_post_desc":"","disable_ad":"0"},"jnews_primary_category":{"id":"","hide":""},"jnews_social_meta":{"fb_title":"R\u00edo Cuarto: Contra la persecuci\u00f3n y judicializaci\u00f3n de la protesta social","fb_description":"","fb_image":"","twitter_title":"","twitter_description":"","twitter_image":""},"jnews_review":[],"enable_review":"0","type":"percentage","name":"","summary":"","brand":"","sku":"","good":[{"good_text":""}],"bad":[{"bad_text":""}],"score_override":"","override_value":"","rating":[{"rating_text":"","rating_number":"10"}],"price":[{"shop":"","price":"","link":"","icon":""}],"jnews_override_counter":{"override_view_counter":"0","view_counter_number":"0","override_share_counter":"0","share_counter_number":"0","override_like_counter":"0","like_counter_number":"0","override_dislike_counter":"0","dislike_counter_number":"0"},"jnews_post_split":{"enable_post_split":"0","post_split":[{"template":"1","tag":"h2","numbering":"asc","mode":"normal","first":"0","enable_toc":"0","toc_type":"normal"}]},"footnotes":""},"categories":[12],"tags":[],"class_list":["post-39741","post","type-post","status-publish","format-standard","has-post-thumbnail","hentry","category-rio-cuarto"],"jetpack_featured_media_url":"https:\/\/atecordoba.org\/wp-content\/uploads\/2023\/11\/barradoras-e1699535959808.jpg","_links":{"self":[{"href":"https:\/\/atecordoba.org\/index.php?rest_route=\/wp\/v2\/posts\/39741","targetHints":{"allow":["GET"]}}],"collection":[{"href":"https:\/\/atecordoba.org\/index.php?rest_route=\/wp\/v2\/posts"}],"about":[{"href":"https:\/\/atecordoba.org\/index.php?rest_route=\/wp\/v2\/types\/post"}],"author":[{"embeddable":true,"href":"https:\/\/atecordoba.org\/index.php?rest_route=\/wp\/v2\/users\/7"}],"replies":[{"embeddable":true,"href":"https:\/\/atecordoba.org\/index.php?rest_route=%2Fwp%2Fv2%2Fcomments&post=39741"}],"version-history":[{"count":1,"href":"https:\/\/atecordoba.org\/index.php?rest_route=\/wp\/v2\/posts\/39741\/revisions"}],"predecessor-version":[{"id":39743,"href":"https:\/\/atecordoba.org\/index.php?rest_route=\/wp\/v2\/posts\/39741\/revisions\/39743"}],"wp:featuredmedia":[{"embeddable":true,"href":"https:\/\/atecordoba.org\/index.php?rest_route=\/wp\/v2\/media\/39742"}],"wp:attachment":[{"href":"https:\/\/atecordoba.org\/index.php?rest_route=%2Fwp%2Fv2%2Fmedia&parent=39741"}],"wp:term":[{"taxonomy":"category","embeddable":true,"href":"https:\/\/atecordoba.org\/index.php?rest_route=%2Fwp%2Fv2%2Fcategories&post=39741"},{"taxonomy":"post_tag","embeddable":true,"href":"https:\/\/atecordoba.org\/index.php?rest_route=%2Fwp%2Fv2%2Ftags&post=39741"}],"curies":[{"name":"wp","href":"https:\/\/api.w.org\/{rel}","templated":true}]}}