{"id":3972,"date":"2014-04-01T17:09:34","date_gmt":"2014-04-01T20:09:34","guid":{"rendered":"http:\/\/www.atecordoba.org\/?p=3972"},"modified":"2014-04-01T17:09:34","modified_gmt":"2014-04-01T20:09:34","slug":"la-senaf-elige-los-primeros-delegados-de-ate","status":"publish","type":"post","link":"https:\/\/atecordoba.org\/?p=3972","title":{"rendered":"La SeNAF elige los primeros delegados de ATE"},"content":{"rendered":"<p><em>En marzo los trabajadores del Programa Protecci\u00f3n J\u00f3venes eligieron a tres nuevos delegados. ATE contin\u00faa creciendo en el Estado provincial.<\/em><\/p>\n<figure id=\"attachment_3973\" aria-describedby=\"caption-attachment-3973\" style=\"width: 560px\" class=\"wp-caption aligncenter\"><a href=\"http:\/\/www.atecordoba.org\/wp-content\/uploads\/2014\/04\/delegados-programa-proteccion-jovenes.png\"><img loading=\"lazy\" decoding=\"async\" class=\" wp-image-3973\" alt=\"delegados programa proteccion jovenes\" src=\"http:\/\/www.atecordoba.org\/wp-content\/uploads\/2014\/04\/delegados-programa-proteccion-jovenes.png\" width=\"560\" height=\"315\" \/><\/a><figcaption id=\"caption-attachment-3973\" class=\"wp-caption-text\">Romina Espinosa y Humberto Cabral, delegados de ATE<\/figcaption><\/figure>\n<p>El 19 de marzo una amplia participaci\u00f3n de los trabajadores del Programa Protecci\u00f3n J\u00f3venes de la Secretar\u00eda de Ni\u00f1ez, Adolescencia y Familia consagraron a los compa\u00f1eros Romina Espinosa, M\u00f3nica Ju\u00e1rez y Humberto Cabral como delegados del sector por los pr\u00f3ximos dos a\u00f1os. Se trata de la primer instancia organizativa de ATE en el organismo, tras el reconocimiento que confirm\u00f3 el a\u00f1o pasado la justicia nacional para nuestro gremio en el Estado provincial. La elecci\u00f3n se realiz\u00f3 en el edificio de av. V\u00e9lez Sarsfield 771.<\/p>\n<p>Los delegados deben abordar las diversas problem\u00e1ticas que tiene uno de los sectores m\u00e1s postergados de la Provincia que, adem\u00e1s de los reclamos propios de todos los trabajadores, tiene caracter\u00edsticas particulares que exigen urgente tratamiento.<\/p>\n<p>&#8220;Los compa\u00f1eros vienen debatiendo en las asambleas desde el a\u00f1o pasado la necesidad de reclamar por las condiciones de insalubridad y riesgo de tareas que afrontamos cada d\u00eda pero tenemos mismo r\u00e9gimen que administraci\u00f3n central. Por eso queremos un \u00a0r\u00e9gimen especial con el plus salarial que implica la remuneraci\u00f3n acorde a la tarea realizada y las licencias sanitarias espec\u00edficas&#8221;, cuenta HumbertoCabral.<\/p>\n<p>En ese sentido, los trabajadores ven con buenos ojos adecuar las condiciones jubilatorias a un r\u00e9gimen como el que logr\u00f3 ATE\u00a0en la provincia de Buenos Aires, que estableci\u00f3 la edad para jubilarse a los 50 a\u00f1os, con 25 de servicios. Esta conquista efectuada el a\u00f1o pasado es uno de los horizontes que motivan a los compa\u00f1eros a organizarse en nuestro gremio, que por la extensi\u00f3n territorial de la representaci\u00f3n sindical que tenemos, puede enriquecer las luchas de los estatales provinciales con experiencias de otros lugares de pa\u00eds.<\/p>\n<p>&#8220;Adem\u00e1s, muchos compa\u00f1eros se encuentran precarizados, con figuras como las becas que no brindan ni siquiera una ART, por m\u00e1s que son profesionales que est\u00e1n en la calle muchas horas. A eso se suma que nos faltan recursos humanos, materiales e insumos&#8221;, agrega Espinosa.<\/p>\n<p>En cuanto al funcionamiento institucional, los delegados recalcan que falta un organigrama general del organismo y por eso es dif\u00edcil coordinar el trabajo de los compa\u00f1eros de los distintos sectores de la SeNAF.<\/p>\n<p>&#8220;A partir de los cambios en la legislaci\u00f3n, con el cierre de los juzgados de menores, se aglomera la atenci\u00f3n a la SeNAF y necesitamos mayor capacidad para dar la atenci\u00f3n que se merecen los sectores vulnerables que atendemos&#8221;, concluye Espinosa.<\/p>\n<p>Los compa\u00f1eros afrontan con entusiasmo las nuevas responsabilidades, sabiendo que ATE est\u00e1 al lado de cada compa\u00f1ero que se organiza.<\/p>\n<p>&nbsp;<\/p>\n","protected":false},"excerpt":{"rendered":"<p>En marzo los trabajadores del Programa Protecci\u00f3n J\u00f3venes eligieron a tres nuevos delegados. ATE contin\u00faa creciendo en el Estado provincial. El 19 de marzo una amplia participaci\u00f3n de los trabajadores del Programa Protecci\u00f3n J\u00f3venes de la Secretar\u00eda de Ni\u00f1ez, Adolescencia y Familia consagraron a los compa\u00f1eros Romina Espinosa, M\u00f3nica Ju\u00e1rez y Humberto Cabral como delegados [&hellip;]<\/p>\n","protected":false},"author":1,"featured_media":19220,"comment_status":"open","ping_status":"open","sticky":false,"template":"","format":"standard","meta":{"_exactmetrics_skip_tracking":false,"_exactmetrics_sitenote_active":false,"_exactmetrics_sitenote_note":"","_exactmetrics_sitenote_category":0,"jnews-multi-image_gallery":[],"jnews_single_post":[],"jnews_primary_category":[],"jnews_social_meta":[],"jnews_review":[],"enable_review":"","type":"","name":"","summary":"","brand":"","sku":"","good":[],"bad":[],"score_override":"","override_value":"","rating":[],"price":[],"jnews_override_counter":[],"jnews_post_split":[],"footnotes":""},"categories":[8,97],"tags":[],"class_list":["post-3972","post","type-post","status-publish","format-standard","has-post-thumbnail","hentry","category-provinciales","category-senaf"],"jetpack_featured_media_url":"https:\/\/atecordoba.org\/wp-content\/uploads\/2020\/05\/logo-nuevochico-e1561581322808.png","_links":{"self":[{"href":"https:\/\/atecordoba.org\/index.php?rest_route=\/wp\/v2\/posts\/3972","targetHints":{"allow":["GET"]}}],"collection":[{"href":"https:\/\/atecordoba.org\/index.php?rest_route=\/wp\/v2\/posts"}],"about":[{"href":"https:\/\/atecordoba.org\/index.php?rest_route=\/wp\/v2\/types\/post"}],"author":[{"embeddable":true,"href":"https:\/\/atecordoba.org\/index.php?rest_route=\/wp\/v2\/users\/1"}],"replies":[{"embeddable":true,"href":"https:\/\/atecordoba.org\/index.php?rest_route=%2Fwp%2Fv2%2Fcomments&post=3972"}],"version-history":[{"count":0,"href":"https:\/\/atecordoba.org\/index.php?rest_route=\/wp\/v2\/posts\/3972\/revisions"}],"wp:featuredmedia":[{"embeddable":true,"href":"https:\/\/atecordoba.org\/index.php?rest_route=\/wp\/v2\/media\/19220"}],"wp:attachment":[{"href":"https:\/\/atecordoba.org\/index.php?rest_route=%2Fwp%2Fv2%2Fmedia&parent=3972"}],"wp:term":[{"taxonomy":"category","embeddable":true,"href":"https:\/\/atecordoba.org\/index.php?rest_route=%2Fwp%2Fv2%2Fcategories&post=3972"},{"taxonomy":"post_tag","embeddable":true,"href":"https:\/\/atecordoba.org\/index.php?rest_route=%2Fwp%2Fv2%2Ftags&post=3972"}],"curies":[{"name":"wp","href":"https:\/\/api.w.org\/{rel}","templated":true}]}}