{"id":39711,"date":"2023-11-07T13:27:37","date_gmt":"2023-11-07T16:27:37","guid":{"rendered":"https:\/\/atecordoba.org\/?p=39711"},"modified":"2023-11-07T19:52:32","modified_gmt":"2023-11-07T22:52:32","slug":"gran-presencia-de-cordoba-en-la-asuncion-de-rodi-aguiar-en-la-conduccion-de-ate","status":"publish","type":"post","link":"https:\/\/atecordoba.org\/?p=39711","title":{"rendered":"Gran presencia de C\u00f3rdoba en la asunci\u00f3n de Rody Aguiar en la conducci\u00f3n de ATE"},"content":{"rendered":"<div class=\"wp-block-image\">\n<figure class=\"aligncenter size-large is-resized\"><img loading=\"lazy\" decoding=\"async\" src=\"https:\/\/atecordoba.org\/wp-content\/uploads\/2023\/11\/cd-1024x576.jpg\" alt=\"\" class=\"wp-image-39714\" width=\"768\" height=\"432\" srcset=\"https:\/\/atecordoba.org\/wp-content\/uploads\/2023\/11\/cd-1024x576.jpg 1024w, https:\/\/atecordoba.org\/wp-content\/uploads\/2023\/11\/cd-300x169.jpg 300w, https:\/\/atecordoba.org\/wp-content\/uploads\/2023\/11\/cd-768x432.jpg 768w, https:\/\/atecordoba.org\/wp-content\/uploads\/2023\/11\/cd-750x422.jpg 750w, https:\/\/atecordoba.org\/wp-content\/uploads\/2023\/11\/cd-1140x641.jpg 1140w, https:\/\/atecordoba.org\/wp-content\/uploads\/2023\/11\/cd.jpg 1200w\" sizes=\"auto, (max-width: 768px) 100vw, 768px\" \/><\/figure>\n<\/div>\n\n\n<p>Tres colectivos cargados de militancia de ATE C\u00f3rdoba estuvieron presentes ayer en la Isla Demarchi para acompa\u00f1ar y ser parte de la fiesta de asunci\u00f3n de la nueva conducci\u00f3n de ATE Nacional que encabeza Rodolfo Aguiar, el trabajador de PAMI rionegrino que tendr\u00e1 a cargo los destino del gremio de las y los estatales durante los pr\u00f3ximos cuatro a\u00f1os.  <\/p>\n\n\n\n<p>La caravana de estatales cordobeses, encabezada por nuestro secretario General, Federico Giuliani, celebr\u00f3 tambi\u00e9n la presencia de la secretaria de Prensa Julia Giuliani como vocal de esta conducci\u00f3n nacional, dando cuenta de la relevancia que el crecimiento de ATE en la provincia se vio reflejado en una estructura de conducci\u00f3n que tendr\u00e1 un matiz fuertemente federal, sumado a las cualidades propias de la actual secretaria de Prensa del Consejo Directivo Provincial.<\/p>\n\n\n\n<figure class=\"wp-block-gallery has-nested-images columns-default is-cropped wp-block-gallery-1 is-layout-flex wp-block-gallery-is-layout-flex\">\n<figure class=\"wp-block-image size-large\"><img loading=\"lazy\" decoding=\"async\" width=\"1024\" height=\"461\" data-id=\"39718\" src=\"https:\/\/atecordoba.org\/wp-content\/uploads\/2023\/11\/20231106_083755-1024x461.jpg\" alt=\"\" class=\"wp-image-39718\" srcset=\"https:\/\/atecordoba.org\/wp-content\/uploads\/2023\/11\/20231106_083755-1024x461.jpg 1024w, https:\/\/atecordoba.org\/wp-content\/uploads\/2023\/11\/20231106_083755-300x135.jpg 300w, https:\/\/atecordoba.org\/wp-content\/uploads\/2023\/11\/20231106_083755-768x346.jpg 768w, https:\/\/atecordoba.org\/wp-content\/uploads\/2023\/11\/20231106_083755-1536x691.jpg 1536w, https:\/\/atecordoba.org\/wp-content\/uploads\/2023\/11\/20231106_083755-2048x922.jpg 2048w, https:\/\/atecordoba.org\/wp-content\/uploads\/2023\/11\/20231106_083755-750x338.jpg 750w, https:\/\/atecordoba.org\/wp-content\/uploads\/2023\/11\/20231106_083755-1140x513.jpg 1140w\" sizes=\"auto, (max-width: 1024px) 100vw, 1024px\" \/><\/figure>\n\n\n\n<figure class=\"wp-block-image size-large\"><img loading=\"lazy\" decoding=\"async\" width=\"1024\" height=\"461\" data-id=\"39717\" src=\"https:\/\/atecordoba.org\/wp-content\/uploads\/2023\/11\/20231106_091151-1024x461.jpg\" alt=\"\" class=\"wp-image-39717\" srcset=\"https:\/\/atecordoba.org\/wp-content\/uploads\/2023\/11\/20231106_091151-1024x461.jpg 1024w, https:\/\/atecordoba.org\/wp-content\/uploads\/2023\/11\/20231106_091151-300x135.jpg 300w, https:\/\/atecordoba.org\/wp-content\/uploads\/2023\/11\/20231106_091151-768x346.jpg 768w, https:\/\/atecordoba.org\/wp-content\/uploads\/2023\/11\/20231106_091151-1536x691.jpg 1536w, https:\/\/atecordoba.org\/wp-content\/uploads\/2023\/11\/20231106_091151-2048x922.jpg 2048w, https:\/\/atecordoba.org\/wp-content\/uploads\/2023\/11\/20231106_091151-750x338.jpg 750w, https:\/\/atecordoba.org\/wp-content\/uploads\/2023\/11\/20231106_091151-1140x513.jpg 1140w\" sizes=\"auto, (max-width: 1024px) 100vw, 1024px\" \/><\/figure>\n\n\n\n<figure class=\"wp-block-image size-large\"><img loading=\"lazy\" decoding=\"async\" width=\"1024\" height=\"461\" data-id=\"39715\" src=\"https:\/\/atecordoba.org\/wp-content\/uploads\/2023\/11\/20231106_093650-1024x461.jpg\" alt=\"\" class=\"wp-image-39715\" srcset=\"https:\/\/atecordoba.org\/wp-content\/uploads\/2023\/11\/20231106_093650-1024x461.jpg 1024w, https:\/\/atecordoba.org\/wp-content\/uploads\/2023\/11\/20231106_093650-300x135.jpg 300w, https:\/\/atecordoba.org\/wp-content\/uploads\/2023\/11\/20231106_093650-768x346.jpg 768w, https:\/\/atecordoba.org\/wp-content\/uploads\/2023\/11\/20231106_093650-1536x691.jpg 1536w, https:\/\/atecordoba.org\/wp-content\/uploads\/2023\/11\/20231106_093650-2048x922.jpg 2048w, https:\/\/atecordoba.org\/wp-content\/uploads\/2023\/11\/20231106_093650-750x338.jpg 750w, https:\/\/atecordoba.org\/wp-content\/uploads\/2023\/11\/20231106_093650-1140x513.jpg 1140w\" sizes=\"auto, (max-width: 1024px) 100vw, 1024px\" \/><\/figure>\n<\/figure>\n\n\n\n<p>En un clima fraterno, nacionales, provinciales y municipales tomaron posiciones en la explanada frente al palco de autoridades, en un predio caro a la historia de los 98 a\u00f1os de ATE, ya que fue en la isla donde en 1925 nac\u00eda el proceso organizativo de las y los estatales de Argentina que viene marcando un siglo de impronta en defensa de los derechos de las y los trabajadores. All\u00ed, los primeros anarcosindicalistas dieron puntapi\u00e9 a la creaci\u00f3n de la Asociaci\u00f3n Trabajadores del Estado. <\/p>\n\n\n\n<figure class=\"wp-block-gallery has-nested-images columns-default is-cropped wp-block-gallery-2 is-layout-flex wp-block-gallery-is-layout-flex\">\n<figure class=\"wp-block-image size-large\"><a href=\"https:\/\/atecordoba.org\/wp-content\/uploads\/2023\/11\/20231106_093722-scaled.jpg\" target=\"_blank\" rel=\"noopener\"><img loading=\"lazy\" decoding=\"async\" width=\"1024\" height=\"461\" data-id=\"39721\" src=\"https:\/\/atecordoba.org\/wp-content\/uploads\/2023\/11\/20231106_093722-1024x461.jpg\" alt=\"\" class=\"wp-image-39721\" srcset=\"https:\/\/atecordoba.org\/wp-content\/uploads\/2023\/11\/20231106_093722-1024x461.jpg 1024w, https:\/\/atecordoba.org\/wp-content\/uploads\/2023\/11\/20231106_093722-300x135.jpg 300w, https:\/\/atecordoba.org\/wp-content\/uploads\/2023\/11\/20231106_093722-768x346.jpg 768w, https:\/\/atecordoba.org\/wp-content\/uploads\/2023\/11\/20231106_093722-1536x691.jpg 1536w, https:\/\/atecordoba.org\/wp-content\/uploads\/2023\/11\/20231106_093722-2048x922.jpg 2048w, https:\/\/atecordoba.org\/wp-content\/uploads\/2023\/11\/20231106_093722-750x338.jpg 750w, https:\/\/atecordoba.org\/wp-content\/uploads\/2023\/11\/20231106_093722-1140x513.jpg 1140w\" sizes=\"auto, (max-width: 1024px) 100vw, 1024px\" \/><\/a><\/figure>\n\n\n\n<figure class=\"wp-block-image size-large\"><a href=\"https:\/\/atecordoba.org\/wp-content\/uploads\/2023\/11\/20231106_083952-scaled.jpg\" target=\"_blank\" rel=\"noopener\"><img loading=\"lazy\" decoding=\"async\" width=\"1024\" height=\"461\" data-id=\"39720\" src=\"https:\/\/atecordoba.org\/wp-content\/uploads\/2023\/11\/20231106_083952-1024x461.jpg\" alt=\"\" class=\"wp-image-39720\" srcset=\"https:\/\/atecordoba.org\/wp-content\/uploads\/2023\/11\/20231106_083952-1024x461.jpg 1024w, https:\/\/atecordoba.org\/wp-content\/uploads\/2023\/11\/20231106_083952-300x135.jpg 300w, https:\/\/atecordoba.org\/wp-content\/uploads\/2023\/11\/20231106_083952-768x346.jpg 768w, https:\/\/atecordoba.org\/wp-content\/uploads\/2023\/11\/20231106_083952-1536x691.jpg 1536w, https:\/\/atecordoba.org\/wp-content\/uploads\/2023\/11\/20231106_083952-2048x922.jpg 2048w, https:\/\/atecordoba.org\/wp-content\/uploads\/2023\/11\/20231106_083952-750x338.jpg 750w, https:\/\/atecordoba.org\/wp-content\/uploads\/2023\/11\/20231106_083952-1140x513.jpg 1140w\" sizes=\"auto, (max-width: 1024px) 100vw, 1024px\" \/><\/a><\/figure>\n\n\n\n<figure class=\"wp-block-image size-large\"><a href=\"https:\/\/atecordoba.org\/wp-content\/uploads\/2023\/11\/20231106_093652-scaled.jpg\" target=\"_blank\" rel=\"noopener\"><img loading=\"lazy\" decoding=\"async\" width=\"1024\" height=\"461\" data-id=\"39719\" src=\"https:\/\/atecordoba.org\/wp-content\/uploads\/2023\/11\/20231106_093652-1024x461.jpg\" alt=\"\" class=\"wp-image-39719\" srcset=\"https:\/\/atecordoba.org\/wp-content\/uploads\/2023\/11\/20231106_093652-1024x461.jpg 1024w, https:\/\/atecordoba.org\/wp-content\/uploads\/2023\/11\/20231106_093652-300x135.jpg 300w, https:\/\/atecordoba.org\/wp-content\/uploads\/2023\/11\/20231106_093652-768x346.jpg 768w, https:\/\/atecordoba.org\/wp-content\/uploads\/2023\/11\/20231106_093652-1536x691.jpg 1536w, https:\/\/atecordoba.org\/wp-content\/uploads\/2023\/11\/20231106_093652-2048x922.jpg 2048w, https:\/\/atecordoba.org\/wp-content\/uploads\/2023\/11\/20231106_093652-750x338.jpg 750w, https:\/\/atecordoba.org\/wp-content\/uploads\/2023\/11\/20231106_093652-1140x513.jpg 1140w\" sizes=\"auto, (max-width: 1024px) 100vw, 1024px\" \/><\/a><\/figure>\n<\/figure>\n\n\n\n<p>Hoy, con m\u00e1s de 300 mil afiliados y conformando uno de los gremios m\u00e1s importantes del pa\u00eds, ATE comienza la llamada &#8220;conducci\u00f3n del centenario&#8221;, con Aguiar al frente, que promete impregnar de un esp\u00edritu federal una gesti\u00f3n de la Agrupaci\u00f3n ANUSATE que &#8220;no vino a administrar sino a transformar la realidad de las y los estatales&#8221;, tal como se\u00f1al\u00f3 el propio secretario General. <\/p>\n\n\n\n<p>Minutos antes que se iniciara el acto, Federico Giuliani, dijo que &#8220;venir al lugar donde se fund\u00f3 nuestro sindicato va a significar un antes y un despu\u00e9s en la historia de ATE. Entendemos que lo que se viene necesita la perspectiva de una construcci\u00f3n federal, combativa y que ratifique su autonom\u00eda de las patrones, los partidos pol\u00edticos y los gobiernos, en la calle. Vinimos tres colectivos de ATE C\u00f3rdoba con toda la m\u00edstica a este lugar fundacional para dar el punto de partida de lo que van a a ser estos cuatro a\u00f1os, en un contexto nacional, provincial y de cada localidad de mucho ajuste, de mucha lucha, pero donde en definitiva vamos a reivindicar la pelea de los estatales y discutir que rol tiene que jugar el Estado en al etapa que se viene&#8221;.<\/p>\n\n\n\n<p>Respecto a la nueva conducci\u00f3n que encabeza Aguiar Giuliani destac\u00f3 que en esta nueva etapa &#8220;C\u00f3rdoba va a jugar un rol central en la perspectiva de construir un sindicato de 500 mil afiliados&#8221;. <\/p>\n\n\n\n<figure class=\"wp-block-video\"><video height=\"864\" style=\"aspect-ratio: 1920 \/ 864;\" width=\"1920\" controls src=\"https:\/\/atecordoba.org\/wp-content\/uploads\/2023\/11\/20231106_085733.mp4\"><\/video><\/figure>\n\n\n\n<p><strong>El acto<\/strong><\/p>\n\n\n\n<p>Bajo el sol abrazador y de espaldas a la costa del r\u00edo el escenario del acto convoc\u00f3 la nueva conducci\u00f3n del Centro Nacional de Jubilados de ATE. Su presidenta Noelia Guzman recibi\u00f3 de parte del presidente de la Junta Electoral de nuestro gremio, Jorge C\u00f3rdoba, el acta de proclamaci\u00f3n para la gesti\u00f3n 2023-2027.<\/p>\n\n\n\n<p>Acto seguido, uno a uno, subieron las y los secretarios generales de las provincias y las y los integrantes de la nueva conducci\u00f3n directiva, para finalmente presentar a Mercedes Cabezas, como secretaria Adjunta, y Rodolfo Aguiar como secretario General. All\u00ed recibi\u00f3 el rionegrino el acta de proclamaci\u00f3n.<\/p>\n\n\n\n<figure class=\"wp-block-gallery has-nested-images columns-default is-cropped wp-block-gallery-3 is-layout-flex wp-block-gallery-is-layout-flex\">\n<figure class=\"wp-block-image size-large\"><a href=\"https:\/\/atecordoba.org\/wp-content\/uploads\/2023\/11\/WhatsApp-Image-2023-11-06-at-18.19.17.jpeg\" target=\"_blank\" rel=\"noopener\"><img loading=\"lazy\" decoding=\"async\" width=\"1024\" height=\"682\" data-id=\"39722\" src=\"https:\/\/atecordoba.org\/wp-content\/uploads\/2023\/11\/WhatsApp-Image-2023-11-06-at-18.19.17-1024x682.jpeg\" alt=\"\" class=\"wp-image-39722\" srcset=\"https:\/\/atecordoba.org\/wp-content\/uploads\/2023\/11\/WhatsApp-Image-2023-11-06-at-18.19.17-1024x682.jpeg 1024w, https:\/\/atecordoba.org\/wp-content\/uploads\/2023\/11\/WhatsApp-Image-2023-11-06-at-18.19.17-300x200.jpeg 300w, https:\/\/atecordoba.org\/wp-content\/uploads\/2023\/11\/WhatsApp-Image-2023-11-06-at-18.19.17-768x512.jpeg 768w, https:\/\/atecordoba.org\/wp-content\/uploads\/2023\/11\/WhatsApp-Image-2023-11-06-at-18.19.17-750x500.jpeg 750w, https:\/\/atecordoba.org\/wp-content\/uploads\/2023\/11\/WhatsApp-Image-2023-11-06-at-18.19.17-1140x760.jpeg 1140w, https:\/\/atecordoba.org\/wp-content\/uploads\/2023\/11\/WhatsApp-Image-2023-11-06-at-18.19.17.jpeg 1280w\" sizes=\"auto, (max-width: 1024px) 100vw, 1024px\" \/><\/a><\/figure>\n\n\n\n<figure class=\"wp-block-image size-large\"><a href=\"https:\/\/atecordoba.org\/wp-content\/uploads\/2023\/11\/WhatsApp-Image-2023-11-06-at-18.19.18.jpeg\" target=\"_blank\" rel=\"noopener\"><img loading=\"lazy\" decoding=\"async\" width=\"1024\" height=\"682\" data-id=\"39723\" src=\"https:\/\/atecordoba.org\/wp-content\/uploads\/2023\/11\/WhatsApp-Image-2023-11-06-at-18.19.18-1024x682.jpeg\" alt=\"\" class=\"wp-image-39723\" srcset=\"https:\/\/atecordoba.org\/wp-content\/uploads\/2023\/11\/WhatsApp-Image-2023-11-06-at-18.19.18-1024x682.jpeg 1024w, https:\/\/atecordoba.org\/wp-content\/uploads\/2023\/11\/WhatsApp-Image-2023-11-06-at-18.19.18-300x200.jpeg 300w, https:\/\/atecordoba.org\/wp-content\/uploads\/2023\/11\/WhatsApp-Image-2023-11-06-at-18.19.18-768x512.jpeg 768w, https:\/\/atecordoba.org\/wp-content\/uploads\/2023\/11\/WhatsApp-Image-2023-11-06-at-18.19.18-750x500.jpeg 750w, https:\/\/atecordoba.org\/wp-content\/uploads\/2023\/11\/WhatsApp-Image-2023-11-06-at-18.19.18-1140x760.jpeg 1140w, https:\/\/atecordoba.org\/wp-content\/uploads\/2023\/11\/WhatsApp-Image-2023-11-06-at-18.19.18.jpeg 1280w\" sizes=\"auto, (max-width: 1024px) 100vw, 1024px\" \/><\/a><\/figure>\n\n\n\n<figure class=\"wp-block-image size-large\"><a href=\"https:\/\/atecordoba.org\/wp-content\/uploads\/2023\/11\/WhatsApp-Image-2023-11-06-at-18.19.17-1.jpeg\" target=\"_blank\" rel=\"noopener\"><img loading=\"lazy\" decoding=\"async\" width=\"1024\" height=\"682\" data-id=\"39724\" src=\"https:\/\/atecordoba.org\/wp-content\/uploads\/2023\/11\/WhatsApp-Image-2023-11-06-at-18.19.17-1-1024x682.jpeg\" alt=\"\" class=\"wp-image-39724\" srcset=\"https:\/\/atecordoba.org\/wp-content\/uploads\/2023\/11\/WhatsApp-Image-2023-11-06-at-18.19.17-1-1024x682.jpeg 1024w, https:\/\/atecordoba.org\/wp-content\/uploads\/2023\/11\/WhatsApp-Image-2023-11-06-at-18.19.17-1-300x200.jpeg 300w, https:\/\/atecordoba.org\/wp-content\/uploads\/2023\/11\/WhatsApp-Image-2023-11-06-at-18.19.17-1-768x512.jpeg 768w, https:\/\/atecordoba.org\/wp-content\/uploads\/2023\/11\/WhatsApp-Image-2023-11-06-at-18.19.17-1-750x500.jpeg 750w, https:\/\/atecordoba.org\/wp-content\/uploads\/2023\/11\/WhatsApp-Image-2023-11-06-at-18.19.17-1-1140x760.jpeg 1140w, https:\/\/atecordoba.org\/wp-content\/uploads\/2023\/11\/WhatsApp-Image-2023-11-06-at-18.19.17-1.jpeg 1280w\" sizes=\"auto, (max-width: 1024px) 100vw, 1024px\" \/><\/a><\/figure>\n<\/figure>\n\n\n\n<p>Entre el publico invitado estaban la querida madre de Plaza de Mayo, Nora Corti\u00f1as, el hist\u00f3rico dirigente fundador de ANUSATE V\u00edctor De Genaro, el dirigente estatal y fundador de la Confederaci\u00f3n Latinoamericana de Trabajadores Estatales (CLATE), Carlos Custer, y el presidente de la Federaci\u00f3n de Abogados Laboralistas, Mat\u00edas Cremonte, entre otros. <\/p>\n\n\n\n<p>A la hora del discurso, y frente a estatales de todo el pa\u00eds que llegaron a participar de la celebraci\u00f3n, Aguiar llam\u00f3 a \u201cterminar con los salarios de pobreza y resolver la precarizaci\u00f3n en el Estado\u201d y dej\u00f3 claro que &#8220;jam\u00e1s&#8221; podr\u00edan &#8220;votar a alguien que ataca la gratuidad y el car\u00e1cter p\u00fablico de la educaci\u00f3n y la salud&#8221;.<\/p>\n\n\n\n<figure class=\"wp-block-gallery has-nested-images columns-default is-cropped wp-block-gallery-4 is-layout-flex wp-block-gallery-is-layout-flex\">\n<figure class=\"wp-block-image size-large\"><a href=\"https:\/\/atecordoba.org\/wp-content\/uploads\/2023\/11\/WhatsApp-Image-2023-11-06-at-18.19.19-1.jpeg\" target=\"_blank\" rel=\"noopener\"><img loading=\"lazy\" decoding=\"async\" width=\"1024\" height=\"682\" data-id=\"39725\" src=\"https:\/\/atecordoba.org\/wp-content\/uploads\/2023\/11\/WhatsApp-Image-2023-11-06-at-18.19.19-1-1024x682.jpeg\" alt=\"\" class=\"wp-image-39725\" srcset=\"https:\/\/atecordoba.org\/wp-content\/uploads\/2023\/11\/WhatsApp-Image-2023-11-06-at-18.19.19-1-1024x682.jpeg 1024w, https:\/\/atecordoba.org\/wp-content\/uploads\/2023\/11\/WhatsApp-Image-2023-11-06-at-18.19.19-1-300x200.jpeg 300w, https:\/\/atecordoba.org\/wp-content\/uploads\/2023\/11\/WhatsApp-Image-2023-11-06-at-18.19.19-1-768x512.jpeg 768w, https:\/\/atecordoba.org\/wp-content\/uploads\/2023\/11\/WhatsApp-Image-2023-11-06-at-18.19.19-1-750x500.jpeg 750w, https:\/\/atecordoba.org\/wp-content\/uploads\/2023\/11\/WhatsApp-Image-2023-11-06-at-18.19.19-1-1140x760.jpeg 1140w, https:\/\/atecordoba.org\/wp-content\/uploads\/2023\/11\/WhatsApp-Image-2023-11-06-at-18.19.19-1.jpeg 1280w\" sizes=\"auto, (max-width: 1024px) 100vw, 1024px\" \/><\/a><\/figure>\n\n\n\n<figure class=\"wp-block-image size-large\"><a href=\"https:\/\/atecordoba.org\/wp-content\/uploads\/2023\/11\/WhatsApp-Image-2023-11-06-at-18.19.19-2.jpeg\" target=\"_blank\" rel=\"noopener\"><img loading=\"lazy\" decoding=\"async\" width=\"1024\" height=\"682\" data-id=\"39726\" src=\"https:\/\/atecordoba.org\/wp-content\/uploads\/2023\/11\/WhatsApp-Image-2023-11-06-at-18.19.19-2-1024x682.jpeg\" alt=\"\" class=\"wp-image-39726\" srcset=\"https:\/\/atecordoba.org\/wp-content\/uploads\/2023\/11\/WhatsApp-Image-2023-11-06-at-18.19.19-2-1024x682.jpeg 1024w, https:\/\/atecordoba.org\/wp-content\/uploads\/2023\/11\/WhatsApp-Image-2023-11-06-at-18.19.19-2-300x200.jpeg 300w, https:\/\/atecordoba.org\/wp-content\/uploads\/2023\/11\/WhatsApp-Image-2023-11-06-at-18.19.19-2-768x512.jpeg 768w, https:\/\/atecordoba.org\/wp-content\/uploads\/2023\/11\/WhatsApp-Image-2023-11-06-at-18.19.19-2-750x500.jpeg 750w, https:\/\/atecordoba.org\/wp-content\/uploads\/2023\/11\/WhatsApp-Image-2023-11-06-at-18.19.19-2-1140x760.jpeg 1140w, https:\/\/atecordoba.org\/wp-content\/uploads\/2023\/11\/WhatsApp-Image-2023-11-06-at-18.19.19-2.jpeg 1280w\" sizes=\"auto, (max-width: 1024px) 100vw, 1024px\" \/><\/a><\/figure>\n\n\n\n<figure class=\"wp-block-image size-large\"><a href=\"https:\/\/atecordoba.org\/wp-content\/uploads\/2023\/11\/WhatsApp-Image-2023-11-06-at-18.19.19.jpeg\" target=\"_blank\" rel=\"noopener\"><img loading=\"lazy\" decoding=\"async\" width=\"1024\" height=\"682\" data-id=\"39727\" src=\"https:\/\/atecordoba.org\/wp-content\/uploads\/2023\/11\/WhatsApp-Image-2023-11-06-at-18.19.19-1024x682.jpeg\" alt=\"\" class=\"wp-image-39727\" srcset=\"https:\/\/atecordoba.org\/wp-content\/uploads\/2023\/11\/WhatsApp-Image-2023-11-06-at-18.19.19-1024x682.jpeg 1024w, https:\/\/atecordoba.org\/wp-content\/uploads\/2023\/11\/WhatsApp-Image-2023-11-06-at-18.19.19-300x200.jpeg 300w, https:\/\/atecordoba.org\/wp-content\/uploads\/2023\/11\/WhatsApp-Image-2023-11-06-at-18.19.19-768x512.jpeg 768w, https:\/\/atecordoba.org\/wp-content\/uploads\/2023\/11\/WhatsApp-Image-2023-11-06-at-18.19.19-750x500.jpeg 750w, https:\/\/atecordoba.org\/wp-content\/uploads\/2023\/11\/WhatsApp-Image-2023-11-06-at-18.19.19-1140x760.jpeg 1140w, https:\/\/atecordoba.org\/wp-content\/uploads\/2023\/11\/WhatsApp-Image-2023-11-06-at-18.19.19.jpeg 1280w\" sizes=\"auto, (max-width: 1024px) 100vw, 1024px\" \/><\/a><\/figure>\n<\/figure>\n\n\n\n<p>Por eso y adelant\u00f3 que ma\u00f1ana se reunir\u00e1 la nueva conducci\u00f3n porque &#8220;frente al discurso fascista vamos a fijar posici\u00f3n desde la autonom\u00eda&#8221;, aunque adelant\u00f3, al igual que Cabezas, que entre los dos candidatos Massa es la \u00fanica opci\u00f3n para seguir disputando el 20 de noviembre (d\u00eda posterior a la elecci\u00f3n)&#8221;.<\/p>\n\n\n\n<p>El dirigente alent\u00f3 a las estructuras de ATE a &#8220;conformar una conducci\u00f3n sindical profundamente federal&#8221;. Y agreg\u00f3: \u201choy se abre un nuevo tiempo en ATE. Comienza a dar sus primeros pasos la conducci\u00f3n del centenario y bien vale preguntarnos qu\u00e9 esperan de nosotros esos m\u00e1s de 340 mil estatales que el 9 de agosto depositaron su confianza para que conduzcamos los destinos del sindicato durante los pr\u00f3ximos cuatro a\u00f1os\u201d, destac\u00f3 Aguiar,&nbsp;<\/p>\n\n\n\n<figure class=\"wp-block-gallery has-nested-images columns-default is-cropped wp-block-gallery-5 is-layout-flex wp-block-gallery-is-layout-flex\">\n<figure class=\"wp-block-image size-large\"><a href=\"https:\/\/atecordoba.org\/wp-content\/uploads\/2023\/11\/WhatsApp-Image-2023-11-06-at-18.19.20-2.jpeg\" target=\"_blank\" rel=\"noopener\"><img loading=\"lazy\" decoding=\"async\" width=\"1024\" height=\"682\" data-id=\"39730\" src=\"https:\/\/atecordoba.org\/wp-content\/uploads\/2023\/11\/WhatsApp-Image-2023-11-06-at-18.19.20-2-1024x682.jpeg\" alt=\"\" class=\"wp-image-39730\" srcset=\"https:\/\/atecordoba.org\/wp-content\/uploads\/2023\/11\/WhatsApp-Image-2023-11-06-at-18.19.20-2-1024x682.jpeg 1024w, https:\/\/atecordoba.org\/wp-content\/uploads\/2023\/11\/WhatsApp-Image-2023-11-06-at-18.19.20-2-300x200.jpeg 300w, https:\/\/atecordoba.org\/wp-content\/uploads\/2023\/11\/WhatsApp-Image-2023-11-06-at-18.19.20-2-768x512.jpeg 768w, https:\/\/atecordoba.org\/wp-content\/uploads\/2023\/11\/WhatsApp-Image-2023-11-06-at-18.19.20-2-750x500.jpeg 750w, https:\/\/atecordoba.org\/wp-content\/uploads\/2023\/11\/WhatsApp-Image-2023-11-06-at-18.19.20-2-1140x760.jpeg 1140w, https:\/\/atecordoba.org\/wp-content\/uploads\/2023\/11\/WhatsApp-Image-2023-11-06-at-18.19.20-2.jpeg 1280w\" sizes=\"auto, (max-width: 1024px) 100vw, 1024px\" \/><\/a><\/figure>\n\n\n\n<figure class=\"wp-block-image size-large\"><a href=\"https:\/\/atecordoba.org\/wp-content\/uploads\/2023\/11\/WhatsApp-Image-2023-11-06-at-18.19.19-3.jpeg\" target=\"_blank\" rel=\"noopener\"><img loading=\"lazy\" decoding=\"async\" width=\"1024\" height=\"682\" data-id=\"39729\" src=\"https:\/\/atecordoba.org\/wp-content\/uploads\/2023\/11\/WhatsApp-Image-2023-11-06-at-18.19.19-3-1024x682.jpeg\" alt=\"\" class=\"wp-image-39729\" srcset=\"https:\/\/atecordoba.org\/wp-content\/uploads\/2023\/11\/WhatsApp-Image-2023-11-06-at-18.19.19-3-1024x682.jpeg 1024w, https:\/\/atecordoba.org\/wp-content\/uploads\/2023\/11\/WhatsApp-Image-2023-11-06-at-18.19.19-3-300x200.jpeg 300w, https:\/\/atecordoba.org\/wp-content\/uploads\/2023\/11\/WhatsApp-Image-2023-11-06-at-18.19.19-3-768x512.jpeg 768w, https:\/\/atecordoba.org\/wp-content\/uploads\/2023\/11\/WhatsApp-Image-2023-11-06-at-18.19.19-3-750x500.jpeg 750w, https:\/\/atecordoba.org\/wp-content\/uploads\/2023\/11\/WhatsApp-Image-2023-11-06-at-18.19.19-3-1140x760.jpeg 1140w, https:\/\/atecordoba.org\/wp-content\/uploads\/2023\/11\/WhatsApp-Image-2023-11-06-at-18.19.19-3.jpeg 1280w\" sizes=\"auto, (max-width: 1024px) 100vw, 1024px\" \/><\/a><\/figure>\n\n\n\n<figure class=\"wp-block-image size-large\"><a href=\"https:\/\/atecordoba.org\/wp-content\/uploads\/2023\/11\/WhatsApp-Image-2023-11-06-at-18.19.20-1.jpeg\" target=\"_blank\" rel=\"noopener\"><img loading=\"lazy\" decoding=\"async\" width=\"1024\" height=\"682\" data-id=\"39728\" src=\"https:\/\/atecordoba.org\/wp-content\/uploads\/2023\/11\/WhatsApp-Image-2023-11-06-at-18.19.20-1-1024x682.jpeg\" alt=\"\" class=\"wp-image-39728\" srcset=\"https:\/\/atecordoba.org\/wp-content\/uploads\/2023\/11\/WhatsApp-Image-2023-11-06-at-18.19.20-1-1024x682.jpeg 1024w, https:\/\/atecordoba.org\/wp-content\/uploads\/2023\/11\/WhatsApp-Image-2023-11-06-at-18.19.20-1-300x200.jpeg 300w, https:\/\/atecordoba.org\/wp-content\/uploads\/2023\/11\/WhatsApp-Image-2023-11-06-at-18.19.20-1-768x512.jpeg 768w, https:\/\/atecordoba.org\/wp-content\/uploads\/2023\/11\/WhatsApp-Image-2023-11-06-at-18.19.20-1-750x500.jpeg 750w, https:\/\/atecordoba.org\/wp-content\/uploads\/2023\/11\/WhatsApp-Image-2023-11-06-at-18.19.20-1-1140x760.jpeg 1140w, https:\/\/atecordoba.org\/wp-content\/uploads\/2023\/11\/WhatsApp-Image-2023-11-06-at-18.19.20-1.jpeg 1280w\" sizes=\"auto, (max-width: 1024px) 100vw, 1024px\" \/><\/a><\/figure>\n<\/figure>\n\n\n\n<p>El titular de ATE enfatiz\u00f3 que \u201cpara transformar la realidad necesitamos poder y para ello necesitamos ser medio mill\u00f3n de afiliados cuando nuestro sindicato cumpla su primer centenario de vida. Esto es m\u00e1s poder para terminar con los salarios de hambre y ponerle fin a la precarizaci\u00f3n laboral en el Estado\u201d.<\/p>\n\n\n\n<p>Aguiar dijo que para lograr el objetivo es necesario &#8220;municipalizar a ATE&#8221; ya que las y los municipales son las mayor\u00eda del personal estatal y que se trata del sector m\u00e1s precarizado y con peores salarios. <\/p>\n\n\n\n<figure class=\"wp-block-gallery has-nested-images columns-default is-cropped wp-block-gallery-6 is-layout-flex wp-block-gallery-is-layout-flex\">\n<figure class=\"wp-block-image size-large\"><a href=\"https:\/\/atecordoba.org\/wp-content\/uploads\/2023\/11\/WhatsApp-Image-2023-11-06-at-18.19.21.jpeg\" target=\"_blank\" rel=\"noopener\"><img loading=\"lazy\" decoding=\"async\" width=\"1024\" height=\"682\" data-id=\"39731\" src=\"https:\/\/atecordoba.org\/wp-content\/uploads\/2023\/11\/WhatsApp-Image-2023-11-06-at-18.19.21-1024x682.jpeg\" alt=\"\" class=\"wp-image-39731\" srcset=\"https:\/\/atecordoba.org\/wp-content\/uploads\/2023\/11\/WhatsApp-Image-2023-11-06-at-18.19.21-1024x682.jpeg 1024w, https:\/\/atecordoba.org\/wp-content\/uploads\/2023\/11\/WhatsApp-Image-2023-11-06-at-18.19.21-300x200.jpeg 300w, https:\/\/atecordoba.org\/wp-content\/uploads\/2023\/11\/WhatsApp-Image-2023-11-06-at-18.19.21-768x512.jpeg 768w, https:\/\/atecordoba.org\/wp-content\/uploads\/2023\/11\/WhatsApp-Image-2023-11-06-at-18.19.21-750x500.jpeg 750w, https:\/\/atecordoba.org\/wp-content\/uploads\/2023\/11\/WhatsApp-Image-2023-11-06-at-18.19.21-1140x760.jpeg 1140w, https:\/\/atecordoba.org\/wp-content\/uploads\/2023\/11\/WhatsApp-Image-2023-11-06-at-18.19.21.jpeg 1280w\" sizes=\"auto, (max-width: 1024px) 100vw, 1024px\" \/><\/a><\/figure>\n\n\n\n<figure class=\"wp-block-image size-large\"><a href=\"https:\/\/atecordoba.org\/wp-content\/uploads\/2023\/11\/WhatsApp-Image-2023-11-06-at-18.19.22.jpeg\" target=\"_blank\" rel=\"noopener\"><img loading=\"lazy\" decoding=\"async\" width=\"1024\" height=\"682\" data-id=\"39733\" src=\"https:\/\/atecordoba.org\/wp-content\/uploads\/2023\/11\/WhatsApp-Image-2023-11-06-at-18.19.22-1024x682.jpeg\" alt=\"\" class=\"wp-image-39733\" srcset=\"https:\/\/atecordoba.org\/wp-content\/uploads\/2023\/11\/WhatsApp-Image-2023-11-06-at-18.19.22-1024x682.jpeg 1024w, https:\/\/atecordoba.org\/wp-content\/uploads\/2023\/11\/WhatsApp-Image-2023-11-06-at-18.19.22-300x200.jpeg 300w, https:\/\/atecordoba.org\/wp-content\/uploads\/2023\/11\/WhatsApp-Image-2023-11-06-at-18.19.22-768x512.jpeg 768w, https:\/\/atecordoba.org\/wp-content\/uploads\/2023\/11\/WhatsApp-Image-2023-11-06-at-18.19.22-750x500.jpeg 750w, https:\/\/atecordoba.org\/wp-content\/uploads\/2023\/11\/WhatsApp-Image-2023-11-06-at-18.19.22-1140x760.jpeg 1140w, https:\/\/atecordoba.org\/wp-content\/uploads\/2023\/11\/WhatsApp-Image-2023-11-06-at-18.19.22.jpeg 1280w\" sizes=\"auto, (max-width: 1024px) 100vw, 1024px\" \/><\/a><\/figure>\n\n\n\n<figure class=\"wp-block-image size-large\"><a href=\"https:\/\/atecordoba.org\/wp-content\/uploads\/2023\/11\/WhatsApp-Image-2023-11-06-at-18.19.21-2.jpeg\" target=\"_blank\" rel=\"noopener\"><img loading=\"lazy\" decoding=\"async\" width=\"1024\" height=\"682\" data-id=\"39732\" src=\"https:\/\/atecordoba.org\/wp-content\/uploads\/2023\/11\/WhatsApp-Image-2023-11-06-at-18.19.21-2-1024x682.jpeg\" alt=\"\" class=\"wp-image-39732\" \/><\/a><\/figure>\n<\/figure>\n\n\n\n<p>Por \u00faltimo, en referencia a las relaciones internaciones de ATE, a trav\u00e9s de la CLATE &#8220;vamos a proponer cumplir los convenios colectivos en todos los pa\u00edses de la regi\u00f3n&#8221;, entre otros concepto. Al tiempo que resalt\u00f3 que por primera vez &#8220;el 50% de la conducci\u00f3n nacional de ATE son mujeres. Estamos a la vanguardia del cambio de \u00e9poca&#8221;.<\/p>\n\n\n\n<p>El acto finaliz\u00f3 al mediod\u00eda para que el mar pecheras verdes buscar\u00e1, finalmente, la merecida sombra. Se abre una nueva etapa en ATE y el CDP C\u00f3rdoba dijo \u00a1presente!<\/p>\n\n\n\n<figure class=\"wp-block-video\"><video height=\"864\" style=\"aspect-ratio: 1920 \/ 864;\" width=\"1920\" controls src=\"https:\/\/atecordoba.org\/wp-content\/uploads\/2023\/11\/20231106_102821.mp4\"><\/video><\/figure>\n\n\n\n<p> <\/p>\n","protected":false},"excerpt":{"rendered":"<p>Tres colectivos cargados de militancia de ATE C\u00f3rdoba estuvieron presentes ayer en la Isla Demarchi para acompa\u00f1ar y ser parte de la fiesta de asunci\u00f3n de la nueva conducci\u00f3n de ATE Nacional que encabeza Rodolfo Aguiar, el trabajador de PAMI rionegrino que tendr\u00e1 a cargo los destino del gremio de las y los estatales durante [&hellip;]<\/p>\n","protected":false},"author":7,"featured_media":39736,"comment_status":"open","ping_status":"open","sticky":false,"template":"","format":"standard","meta":{"_exactmetrics_skip_tracking":false,"_exactmetrics_sitenote_active":false,"_exactmetrics_sitenote_note":"","_exactmetrics_sitenote_category":0,"jnews-multi-image_gallery":[],"jnews_single_post":{"subtitle":"En un clima fraterno, nacionales, provinciales y municipales tomaron posiciones, en un predio caro a la historia de los 98 a\u00f1os de ATE, ya que fue en la isla donde en 1925 nac\u00eda el proceso organizativo de las y los estatales de Argentina que viene marcando un siglo de impronta en defensa de los derechos de las y los trabajadores. All\u00ed, los primeros anarcosindicalistas dieron puntapi\u00e9 a la creaci\u00f3n de la Asociaci\u00f3n Trabajadores del Estado. ","format":"standard","video":"","gallery":"","source_name":"","source_url":"","via_name":"","via_url":"","override_template":"0","override":[{"template":"1","single_blog_custom":"","parallax":"1","fullscreen":"1","layout":"no-sidebar-narrow","sidebar":"default-sidebar","second_sidebar":"default-sidebar","sticky_sidebar":"1","share_position":"bottom","share_float_style":"share-monocrhome","show_share_counter":"1","show_view_counter":"1","show_featured":"0","show_post_meta":"1","show_post_author":"0","show_post_author_image":"1","show_post_date":"1","post_date_format":"default","post_date_format_custom":"Y\/m\/d","show_post_category":"1","show_post_reading_time":"0","post_reading_time_wpm":"300","show_zoom_button":"0","zoom_button_out_step":"2","zoom_button_in_step":"3","show_post_tag":"1","show_prev_next_post":"0","show_popup_post":"0","number_popup_post":"1","show_author_box":"0","show_post_related":"1","show_inline_post_related":"0"}],"override_image_size":"0","image_override":[{"single_post_thumbnail_size":"crop-500","single_post_gallery_size":"crop-500"}],"trending_post":"0","trending_post_position":"meta","trending_post_label":"Trending","sponsored_post":"0","sponsored_post_label":"Sponsored by","sponsored_post_name":"","sponsored_post_url":"","sponsored_post_logo_enable":"0","sponsored_post_logo":"","sponsored_post_desc":"","disable_ad":"0"},"jnews_primary_category":{"id":"","hide":""},"jnews_social_meta":{"fb_title":"","fb_description":"","fb_image":"","twitter_title":"","twitter_description":"","twitter_image":""},"jnews_review":[],"enable_review":"0","type":"percentage","name":"","summary":"","brand":"","sku":"","good":[{"good_text":""}],"bad":[{"bad_text":""}],"score_override":"","override_value":"","rating":[{"rating_text":"","rating_number":"10"}],"price":[{"shop":"","price":"","link":"","icon":""}],"jnews_override_counter":{"override_view_counter":"0","view_counter_number":"0","override_share_counter":"0","share_counter_number":"0","override_like_counter":"0","like_counter_number":"0","override_dislike_counter":"0","dislike_counter_number":"0"},"jnews_post_split":{"enable_post_split":"0","post_split":[{"template":"1","tag":"h2","numbering":"asc","mode":"normal","first":"0","enable_toc":"0","toc_type":"normal"}]},"footnotes":""},"categories":[756],"tags":[],"class_list":["post-39711","post","type-post","status-publish","format-standard","has-post-thumbnail","hentry","category-consejo-directivo-nacional-cdn"],"jetpack_featured_media_url":"https:\/\/atecordoba.org\/wp-content\/uploads\/2023\/11\/20231106_083947-scaled-e1699375022703.jpg","_links":{"self":[{"href":"https:\/\/atecordoba.org\/index.php?rest_route=\/wp\/v2\/posts\/39711","targetHints":{"allow":["GET"]}}],"collection":[{"href":"https:\/\/atecordoba.org\/index.php?rest_route=\/wp\/v2\/posts"}],"about":[{"href":"https:\/\/atecordoba.org\/index.php?rest_route=\/wp\/v2\/types\/post"}],"author":[{"embeddable":true,"href":"https:\/\/atecordoba.org\/index.php?rest_route=\/wp\/v2\/users\/7"}],"replies":[{"embeddable":true,"href":"https:\/\/atecordoba.org\/index.php?rest_route=%2Fwp%2Fv2%2Fcomments&post=39711"}],"version-history":[{"count":3,"href":"https:\/\/atecordoba.org\/index.php?rest_route=\/wp\/v2\/posts\/39711\/revisions"}],"predecessor-version":[{"id":39739,"href":"https:\/\/atecordoba.org\/index.php?rest_route=\/wp\/v2\/posts\/39711\/revisions\/39739"}],"wp:featuredmedia":[{"embeddable":true,"href":"https:\/\/atecordoba.org\/index.php?rest_route=\/wp\/v2\/media\/39736"}],"wp:attachment":[{"href":"https:\/\/atecordoba.org\/index.php?rest_route=%2Fwp%2Fv2%2Fmedia&parent=39711"}],"wp:term":[{"taxonomy":"category","embeddable":true,"href":"https:\/\/atecordoba.org\/index.php?rest_route=%2Fwp%2Fv2%2Fcategories&post=39711"},{"taxonomy":"post_tag","embeddable":true,"href":"https:\/\/atecordoba.org\/index.php?rest_route=%2Fwp%2Fv2%2Ftags&post=39711"}],"curies":[{"name":"wp","href":"https:\/\/api.w.org\/{rel}","templated":true}]}}