{"id":39699,"date":"2023-11-03T15:42:42","date_gmt":"2023-11-03T18:42:42","guid":{"rendered":"https:\/\/atecordoba.org\/?p=39699"},"modified":"2023-11-03T15:42:43","modified_gmt":"2023-11-03T18:42:43","slug":"el-cdp-realizo-ayer-un-masivo-curso-de-capacitacion-de-delegadas-y-delegados-de-cordoba-capital","status":"publish","type":"post","link":"https:\/\/atecordoba.org\/?p=39699","title":{"rendered":"El CDP realiz\u00f3 ayer un masivo curso de capacitaci\u00f3n de delegadas y delegados de C\u00f3rdoba Capital"},"content":{"rendered":"<div class=\"wp-block-image\">\n<figure class=\"aligncenter size-large is-resized\"><img loading=\"lazy\" decoding=\"async\" src=\"https:\/\/atecordoba.org\/wp-content\/uploads\/2023\/11\/20231102_153656-1024x461.jpg\" alt=\"\" class=\"wp-image-39700\" width=\"768\" height=\"346\" \/><\/figure>\n<\/div>\n\n\n<p>Alrededor de 70 delegadas y delegados de ATE, nacionales, provinciales y municipales participaron ayer del curso de formaci\u00f3n desarrollado por el Consejo Directivo Provincial.<\/p>\n\n\n\n<p>El taller fue dictado pro la responsable de \u00e1rea formativa, Irina Silberman, junto a Valeria Beltramo y el secretario de Formaci\u00f3n saliente, C\u00e9sar Theaux, que el la pr\u00f3xima etapa de conducci\u00f3n deja el espacio para focalizarse en las actividades que se realizan en el Departamento de Derechos Humanos. <\/p>\n\n\n\n<figure class=\"wp-block-gallery has-nested-images columns-default is-cropped wp-block-gallery-1 is-layout-flex wp-block-gallery-is-layout-flex\">\n<figure class=\"wp-block-image size-large\"><a href=\"https:\/\/atecordoba.org\/wp-content\/uploads\/2023\/11\/20231102_153710.jpg\" target=\"_blank\" rel=\"noopener\"><img loading=\"lazy\" decoding=\"async\" width=\"1024\" height=\"461\" data-id=\"39701\" src=\"https:\/\/atecordoba.org\/wp-content\/uploads\/2023\/11\/20231102_153710-1024x461.jpg\" alt=\"\" class=\"wp-image-39701\" srcset=\"https:\/\/atecordoba.org\/wp-content\/uploads\/2023\/11\/20231102_153710-1024x461.jpg 1024w, https:\/\/atecordoba.org\/wp-content\/uploads\/2023\/11\/20231102_153710-300x135.jpg 300w, https:\/\/atecordoba.org\/wp-content\/uploads\/2023\/11\/20231102_153710-768x346.jpg 768w, https:\/\/atecordoba.org\/wp-content\/uploads\/2023\/11\/20231102_153710-1536x691.jpg 1536w, https:\/\/atecordoba.org\/wp-content\/uploads\/2023\/11\/20231102_153710-2048x922.jpg 2048w, https:\/\/atecordoba.org\/wp-content\/uploads\/2023\/11\/20231102_153710-750x338.jpg 750w, https:\/\/atecordoba.org\/wp-content\/uploads\/2023\/11\/20231102_153710-1140x513.jpg 1140w\" sizes=\"auto, (max-width: 1024px) 100vw, 1024px\" \/><\/a><\/figure>\n\n\n\n<figure class=\"wp-block-image size-large\"><a href=\"https:\/\/atecordoba.org\/wp-content\/uploads\/2023\/11\/20231102_153411-scaled.jpg\" target=\"_blank\" rel=\"noopener\"><img loading=\"lazy\" decoding=\"async\" width=\"1024\" height=\"461\" data-id=\"39702\" src=\"https:\/\/atecordoba.org\/wp-content\/uploads\/2023\/11\/20231102_153411-1024x461.jpg\" alt=\"\" class=\"wp-image-39702\" srcset=\"https:\/\/atecordoba.org\/wp-content\/uploads\/2023\/11\/20231102_153411-1024x461.jpg 1024w, https:\/\/atecordoba.org\/wp-content\/uploads\/2023\/11\/20231102_153411-300x135.jpg 300w, https:\/\/atecordoba.org\/wp-content\/uploads\/2023\/11\/20231102_153411-768x346.jpg 768w, https:\/\/atecordoba.org\/wp-content\/uploads\/2023\/11\/20231102_153411-1536x691.jpg 1536w, https:\/\/atecordoba.org\/wp-content\/uploads\/2023\/11\/20231102_153411-2048x922.jpg 2048w, https:\/\/atecordoba.org\/wp-content\/uploads\/2023\/11\/20231102_153411-750x338.jpg 750w, https:\/\/atecordoba.org\/wp-content\/uploads\/2023\/11\/20231102_153411-1140x513.jpg 1140w\" sizes=\"auto, (max-width: 1024px) 100vw, 1024px\" \/><\/a><\/figure>\n\n\n\n<figure class=\"wp-block-image size-large\"><a href=\"https:\/\/atecordoba.org\/wp-content\/uploads\/2023\/11\/20231102_153555-scaled.jpg\" target=\"_blank\" rel=\"noopener\"><img loading=\"lazy\" decoding=\"async\" width=\"1024\" height=\"461\" data-id=\"39703\" src=\"https:\/\/atecordoba.org\/wp-content\/uploads\/2023\/11\/20231102_153555-1024x461.jpg\" alt=\"\" class=\"wp-image-39703\" srcset=\"https:\/\/atecordoba.org\/wp-content\/uploads\/2023\/11\/20231102_153555-1024x461.jpg 1024w, https:\/\/atecordoba.org\/wp-content\/uploads\/2023\/11\/20231102_153555-300x135.jpg 300w, https:\/\/atecordoba.org\/wp-content\/uploads\/2023\/11\/20231102_153555-768x346.jpg 768w, https:\/\/atecordoba.org\/wp-content\/uploads\/2023\/11\/20231102_153555-1536x691.jpg 1536w, https:\/\/atecordoba.org\/wp-content\/uploads\/2023\/11\/20231102_153555-2048x922.jpg 2048w, https:\/\/atecordoba.org\/wp-content\/uploads\/2023\/11\/20231102_153555-750x338.jpg 750w, https:\/\/atecordoba.org\/wp-content\/uploads\/2023\/11\/20231102_153555-1140x513.jpg 1140w\" sizes=\"auto, (max-width: 1024px) 100vw, 1024px\" \/><\/a><\/figure>\n<\/figure>\n\n\n\n<p>El secretario General de ATE Federico Giuliani celebr\u00f3 la importante respuesta al llamado de formaci\u00f3n porque &#8220;ac\u00e1 todos somos dirigentes. Pero tambi\u00e9n debemos ser cuadros formados. En eso est\u00e1 comprometido ATE C\u00f3rdoba para multiplicar el proceso organizativo de las y los estatales de la provincia&#8221;. <\/p>\n\n\n\n<p>Tal como explic\u00f3 Theaux &#8220;el taller se dividi\u00f3 en dos m\u00f3dulos, el primero sobre el rol del delegado y la formaci\u00f3n legal que implica, y el segundo desarrollando actividades de rol para que las y los compa\u00f1eros expresen sus dudas y reafirmen conceptos. Se abord\u00f3 la coordinaci\u00f3n de asambleas, funci\u00f3n de los temas puntuales de cada sector de trabajo, como ejercicio a los fines de afrontar la creciente conflictividad gremial&#8221;.<\/p>\n\n\n\n<p><strong>Balance<\/strong><\/p>\n\n\n\n<p>Actual secretario de Formaci\u00f3n, C\u00e9sar Theaux aprovech\u00f3 la oportunidad para hacer un balance de lo actuado a groso modo durante los cuatro a\u00f1os que tuvo a cargo el \u00e1rea. &#8220;Realizamos alrededor de 250 capacitaciones, entre cursos en el CDP y los territorios, jornadas de trabajo, disertaciones de compa\u00f1eros importantes que vinieron a formarnos y darnos su perspectiva respecto a las condiciones laborales, cuestione de pol\u00edtica de los trabajadores, pol\u00edtica internacional, ect&#8221;.<\/p>\n\n\n\n<figure class=\"wp-block-gallery has-nested-images columns-default is-cropped wp-block-gallery-2 is-layout-flex wp-block-gallery-is-layout-flex\">\n<figure class=\"wp-block-image size-large\"><img loading=\"lazy\" decoding=\"async\" width=\"1024\" height=\"461\" data-id=\"39709\" src=\"https:\/\/atecordoba.org\/wp-content\/uploads\/2023\/11\/20231102_153321-1024x461.jpg\" alt=\"\" class=\"wp-image-39709\" srcset=\"https:\/\/atecordoba.org\/wp-content\/uploads\/2023\/11\/20231102_153321-1024x461.jpg 1024w, https:\/\/atecordoba.org\/wp-content\/uploads\/2023\/11\/20231102_153321-300x135.jpg 300w, https:\/\/atecordoba.org\/wp-content\/uploads\/2023\/11\/20231102_153321-768x346.jpg 768w, https:\/\/atecordoba.org\/wp-content\/uploads\/2023\/11\/20231102_153321-1536x691.jpg 1536w, https:\/\/atecordoba.org\/wp-content\/uploads\/2023\/11\/20231102_153321-2048x922.jpg 2048w, https:\/\/atecordoba.org\/wp-content\/uploads\/2023\/11\/20231102_153321-750x338.jpg 750w, https:\/\/atecordoba.org\/wp-content\/uploads\/2023\/11\/20231102_153321-1140x513.jpg 1140w\" sizes=\"auto, (max-width: 1024px) 100vw, 1024px\" \/><\/figure>\n\n\n\n<figure class=\"wp-block-image size-large\"><img loading=\"lazy\" decoding=\"async\" width=\"1024\" height=\"461\" data-id=\"39708\" src=\"https:\/\/atecordoba.org\/wp-content\/uploads\/2023\/11\/20231102_153343-1024x461.jpg\" alt=\"\" class=\"wp-image-39708\" srcset=\"https:\/\/atecordoba.org\/wp-content\/uploads\/2023\/11\/20231102_153343-1024x461.jpg 1024w, https:\/\/atecordoba.org\/wp-content\/uploads\/2023\/11\/20231102_153343-300x135.jpg 300w, https:\/\/atecordoba.org\/wp-content\/uploads\/2023\/11\/20231102_153343-768x346.jpg 768w, https:\/\/atecordoba.org\/wp-content\/uploads\/2023\/11\/20231102_153343-1536x691.jpg 1536w, https:\/\/atecordoba.org\/wp-content\/uploads\/2023\/11\/20231102_153343-2048x922.jpg 2048w, https:\/\/atecordoba.org\/wp-content\/uploads\/2023\/11\/20231102_153343-750x338.jpg 750w, https:\/\/atecordoba.org\/wp-content\/uploads\/2023\/11\/20231102_153343-1140x513.jpg 1140w\" sizes=\"auto, (max-width: 1024px) 100vw, 1024px\" \/><\/figure>\n\n\n\n<figure class=\"wp-block-image size-large\"><img loading=\"lazy\" decoding=\"async\" width=\"1024\" height=\"381\" data-id=\"39707\" src=\"https:\/\/atecordoba.org\/wp-content\/uploads\/2023\/11\/20231102_153432-1024x381.jpg\" alt=\"\" class=\"wp-image-39707\" srcset=\"https:\/\/atecordoba.org\/wp-content\/uploads\/2023\/11\/20231102_153432-1024x381.jpg 1024w, https:\/\/atecordoba.org\/wp-content\/uploads\/2023\/11\/20231102_153432-300x112.jpg 300w, https:\/\/atecordoba.org\/wp-content\/uploads\/2023\/11\/20231102_153432-768x286.jpg 768w, https:\/\/atecordoba.org\/wp-content\/uploads\/2023\/11\/20231102_153432-1536x572.jpg 1536w, https:\/\/atecordoba.org\/wp-content\/uploads\/2023\/11\/20231102_153432-2048x763.jpg 2048w, https:\/\/atecordoba.org\/wp-content\/uploads\/2023\/11\/20231102_153432-750x279.jpg 750w, https:\/\/atecordoba.org\/wp-content\/uploads\/2023\/11\/20231102_153432-1140x424.jpg 1140w\" sizes=\"auto, (max-width: 1024px) 100vw, 1024px\" \/><\/figure>\n\n\n\n<figure class=\"wp-block-image size-large\"><img loading=\"lazy\" decoding=\"async\" width=\"1024\" height=\"395\" data-id=\"39705\" src=\"https:\/\/atecordoba.org\/wp-content\/uploads\/2023\/11\/20231102_153502-1024x395.jpg\" alt=\"\" class=\"wp-image-39705\" srcset=\"https:\/\/atecordoba.org\/wp-content\/uploads\/2023\/11\/20231102_153502-1024x395.jpg 1024w, https:\/\/atecordoba.org\/wp-content\/uploads\/2023\/11\/20231102_153502-300x116.jpg 300w, https:\/\/atecordoba.org\/wp-content\/uploads\/2023\/11\/20231102_153502-768x296.jpg 768w, https:\/\/atecordoba.org\/wp-content\/uploads\/2023\/11\/20231102_153502-1536x593.jpg 1536w, https:\/\/atecordoba.org\/wp-content\/uploads\/2023\/11\/20231102_153502-2048x790.jpg 2048w, https:\/\/atecordoba.org\/wp-content\/uploads\/2023\/11\/20231102_153502-750x289.jpg 750w, https:\/\/atecordoba.org\/wp-content\/uploads\/2023\/11\/20231102_153502-1140x440.jpg 1140w\" sizes=\"auto, (max-width: 1024px) 100vw, 1024px\" \/><\/figure>\n\n\n\n<figure class=\"wp-block-image size-large\"><img loading=\"lazy\" decoding=\"async\" width=\"1024\" height=\"461\" data-id=\"39704\" src=\"https:\/\/atecordoba.org\/wp-content\/uploads\/2023\/11\/20231102_153743-1024x461.jpg\" alt=\"\" class=\"wp-image-39704\" srcset=\"https:\/\/atecordoba.org\/wp-content\/uploads\/2023\/11\/20231102_153743-1024x461.jpg 1024w, https:\/\/atecordoba.org\/wp-content\/uploads\/2023\/11\/20231102_153743-300x135.jpg 300w, https:\/\/atecordoba.org\/wp-content\/uploads\/2023\/11\/20231102_153743-768x346.jpg 768w, https:\/\/atecordoba.org\/wp-content\/uploads\/2023\/11\/20231102_153743-1536x691.jpg 1536w, https:\/\/atecordoba.org\/wp-content\/uploads\/2023\/11\/20231102_153743-2048x922.jpg 2048w, https:\/\/atecordoba.org\/wp-content\/uploads\/2023\/11\/20231102_153743-750x338.jpg 750w, https:\/\/atecordoba.org\/wp-content\/uploads\/2023\/11\/20231102_153743-1140x513.jpg 1140w\" sizes=\"auto, (max-width: 1024px) 100vw, 1024px\" \/><\/figure>\n\n\n\n<figure class=\"wp-block-image size-large\"><img loading=\"lazy\" decoding=\"async\" width=\"1024\" height=\"461\" data-id=\"39706\" src=\"https:\/\/atecordoba.org\/wp-content\/uploads\/2023\/11\/20231102_153818-1024x461.jpg\" alt=\"\" class=\"wp-image-39706\" srcset=\"https:\/\/atecordoba.org\/wp-content\/uploads\/2023\/11\/20231102_153818-1024x461.jpg 1024w, https:\/\/atecordoba.org\/wp-content\/uploads\/2023\/11\/20231102_153818-300x135.jpg 300w, https:\/\/atecordoba.org\/wp-content\/uploads\/2023\/11\/20231102_153818-768x346.jpg 768w, https:\/\/atecordoba.org\/wp-content\/uploads\/2023\/11\/20231102_153818-1536x691.jpg 1536w, https:\/\/atecordoba.org\/wp-content\/uploads\/2023\/11\/20231102_153818-2048x922.jpg 2048w, https:\/\/atecordoba.org\/wp-content\/uploads\/2023\/11\/20231102_153818-750x338.jpg 750w, https:\/\/atecordoba.org\/wp-content\/uploads\/2023\/11\/20231102_153818-1140x513.jpg 1140w\" sizes=\"auto, (max-width: 1024px) 100vw, 1024px\" \/><\/figure>\n<\/figure>\n\n\n\n<p>El dirigente destac\u00f3 la presencia de personalidades como Barcesat, Atilio Bor\u00f3n, Firmenich, Sonia Torres, entre otros, compa\u00f1ero y compa\u00f1eras que prestigiaron los cursos de formaci\u00f3n de ATE C\u00f3rdoba.<\/p>\n\n\n\n<p>&#8220;Creemos que fue una etapa positiva y se nota en el aumento de la cantidad de compa\u00f1eras y compa\u00f1eros que quieren participar de las formaciones y que se afilian a nuestro gremio. Y estamos convencidos que los pr\u00f3ximos cuatro a\u00f1os ser\u00e1 mucho mejor&#8221;, concluy\u00f3 Theaux.<\/p>\n","protected":false},"excerpt":{"rendered":"<p>Alrededor de 70 delegadas y delegados de ATE, nacionales, provinciales y municipales participaron ayer del curso de formaci\u00f3n desarrollado por el Consejo Directivo Provincial. El taller fue dictado pro la responsable de \u00e1rea formativa, Irina Silberman, junto a Valeria Beltramo y el secretario de Formaci\u00f3n saliente, C\u00e9sar Theaux, que el la pr\u00f3xima etapa de conducci\u00f3n [&hellip;]<\/p>\n","protected":false},"author":7,"featured_media":39700,"comment_status":"open","ping_status":"open","sticky":false,"template":"","format":"standard","meta":{"_exactmetrics_skip_tracking":false,"_exactmetrics_sitenote_active":false,"_exactmetrics_sitenote_note":"","_exactmetrics_sitenote_category":0,"jnews-multi-image_gallery":[],"jnews_single_post":{"subtitle":"Alrededor de 70 compa\u00f1eros y compa\u00f1eras participaron de la actividad. ","format":"standard","video":"","gallery":"","source_name":"","source_url":"","via_name":"","via_url":"","override_template":"0","override":[{"template":"1","single_blog_custom":"","parallax":"1","fullscreen":"1","layout":"no-sidebar-narrow","sidebar":"default-sidebar","second_sidebar":"default-sidebar","sticky_sidebar":"1","share_position":"bottom","share_float_style":"share-monocrhome","show_share_counter":"1","show_view_counter":"1","show_featured":"0","show_post_meta":"1","show_post_author":"0","show_post_author_image":"1","show_post_date":"1","post_date_format":"default","post_date_format_custom":"Y\/m\/d","show_post_category":"1","show_post_reading_time":"0","post_reading_time_wpm":"300","show_zoom_button":"0","zoom_button_out_step":"2","zoom_button_in_step":"3","show_post_tag":"1","show_prev_next_post":"0","show_popup_post":"0","number_popup_post":"1","show_author_box":"0","show_post_related":"1","show_inline_post_related":"0"}],"override_image_size":"0","image_override":[{"single_post_thumbnail_size":"crop-500","single_post_gallery_size":"crop-500"}],"trending_post":"0","trending_post_position":"meta","trending_post_label":"Trending","sponsored_post":"0","sponsored_post_label":"Sponsored by","sponsored_post_name":"","sponsored_post_url":"","sponsored_post_logo_enable":"0","sponsored_post_logo":"","sponsored_post_desc":"","disable_ad":"0"},"jnews_primary_category":{"id":"","hide":""},"jnews_social_meta":{"fb_title":"","fb_description":"","fb_image":"","twitter_title":"","twitter_description":"","twitter_image":""},"jnews_review":[],"enable_review":"0","type":"percentage","name":"","summary":"","brand":"","sku":"","good":[{"good_text":""}],"bad":[{"bad_text":""}],"score_override":"","override_value":"","rating":[{"rating_text":"","rating_number":"10"}],"price":[{"shop":"","price":"","link":"","icon":""}],"jnews_override_counter":{"override_view_counter":"0","view_counter_number":"0","override_share_counter":"0","share_counter_number":"0","override_like_counter":"0","like_counter_number":"0","override_dislike_counter":"0","dislike_counter_number":"0"},"jnews_post_split":{"enable_post_split":"0","post_split":[{"template":"1","tag":"h2","numbering":"asc","mode":"normal","first":"0","enable_toc":"0","toc_type":"normal"}]},"footnotes":""},"categories":[88],"tags":[],"class_list":["post-39699","post","type-post","status-publish","format-standard","has-post-thumbnail","hentry","category-formacion"],"jetpack_featured_media_url":"https:\/\/atecordoba.org\/wp-content\/uploads\/2023\/11\/20231102_153656-e1699036957133.jpg","_links":{"self":[{"href":"https:\/\/atecordoba.org\/index.php?rest_route=\/wp\/v2\/posts\/39699","targetHints":{"allow":["GET"]}}],"collection":[{"href":"https:\/\/atecordoba.org\/index.php?rest_route=\/wp\/v2\/posts"}],"about":[{"href":"https:\/\/atecordoba.org\/index.php?rest_route=\/wp\/v2\/types\/post"}],"author":[{"embeddable":true,"href":"https:\/\/atecordoba.org\/index.php?rest_route=\/wp\/v2\/users\/7"}],"replies":[{"embeddable":true,"href":"https:\/\/atecordoba.org\/index.php?rest_route=%2Fwp%2Fv2%2Fcomments&post=39699"}],"version-history":[{"count":1,"href":"https:\/\/atecordoba.org\/index.php?rest_route=\/wp\/v2\/posts\/39699\/revisions"}],"predecessor-version":[{"id":39710,"href":"https:\/\/atecordoba.org\/index.php?rest_route=\/wp\/v2\/posts\/39699\/revisions\/39710"}],"wp:featuredmedia":[{"embeddable":true,"href":"https:\/\/atecordoba.org\/index.php?rest_route=\/wp\/v2\/media\/39700"}],"wp:attachment":[{"href":"https:\/\/atecordoba.org\/index.php?rest_route=%2Fwp%2Fv2%2Fmedia&parent=39699"}],"wp:term":[{"taxonomy":"category","embeddable":true,"href":"https:\/\/atecordoba.org\/index.php?rest_route=%2Fwp%2Fv2%2Fcategories&post=39699"},{"taxonomy":"post_tag","embeddable":true,"href":"https:\/\/atecordoba.org\/index.php?rest_route=%2Fwp%2Fv2%2Ftags&post=39699"}],"curies":[{"name":"wp","href":"https:\/\/api.w.org\/{rel}","templated":true}]}}