{"id":39687,"date":"2023-11-03T15:17:59","date_gmt":"2023-11-03T18:17:59","guid":{"rendered":"https:\/\/atecordoba.org\/?p=39687"},"modified":"2023-11-03T15:18:00","modified_gmt":"2023-11-03T18:18:00","slug":"criminalizacion-de-la-protesta-radio-abierta-en-tribunales-repudio-al-fiscal-de-aragon","status":"publish","type":"post","link":"https:\/\/atecordoba.org\/?p=39687","title":{"rendered":"Criminalizaci\u00f3n de la protesta: radio abierta en tribunales repudi\u00f3 al fiscal De Arag\u00f3n"},"content":{"rendered":"<div class=\"wp-block-image\">\n<figure class=\"aligncenter size-large is-resized\"><img loading=\"lazy\" decoding=\"async\" src=\"https:\/\/atecordoba.org\/wp-content\/uploads\/2023\/11\/20231103_104445-1024x461.jpg\" alt=\"\" class=\"wp-image-39689\" width=\"768\" height=\"346\" \/><\/figure>\n<\/div>\n\n\n<p>En una convocatoria que cont\u00f3 con la presencia de estatales, movimientos sociales, integrantes de la CTAA y compa\u00f1eros y compa\u00f1eras que se cercaron a expresar su solidaridad con las y los dirigentes encausados por la Justicia provincial, hoy se llev\u00f3 a cabo una radio abierta para repudiar frente a la sede de Tribunales II el pedido de elevaci\u00f3n a juicio de parte del fiscal Ernesto De Arag\u00f3n contra el secretario General de ATE C\u00f3rdoba, Federico Giuliani, y cinco dirigentes sociales. <\/p>\n\n\n<div class=\"wp-block-image\">\n<figure class=\"aligncenter size-large is-resized\"><img loading=\"lazy\" decoding=\"async\" src=\"https:\/\/atecordoba.org\/wp-content\/uploads\/2023\/11\/20231103_104400-1024x323.jpg\" alt=\"\" class=\"wp-image-39688\" width=\"768\" height=\"242\" srcset=\"https:\/\/atecordoba.org\/wp-content\/uploads\/2023\/11\/20231103_104400-1024x323.jpg 1024w, https:\/\/atecordoba.org\/wp-content\/uploads\/2023\/11\/20231103_104400-300x95.jpg 300w, https:\/\/atecordoba.org\/wp-content\/uploads\/2023\/11\/20231103_104400-768x242.jpg 768w, https:\/\/atecordoba.org\/wp-content\/uploads\/2023\/11\/20231103_104400-1536x485.jpg 1536w, https:\/\/atecordoba.org\/wp-content\/uploads\/2023\/11\/20231103_104400-2048x646.jpg 2048w, https:\/\/atecordoba.org\/wp-content\/uploads\/2023\/11\/20231103_104400-750x237.jpg 750w, https:\/\/atecordoba.org\/wp-content\/uploads\/2023\/11\/20231103_104400-1140x360.jpg 1140w\" sizes=\"auto, (max-width: 768px) 100vw, 768px\" \/><\/figure>\n<\/div>\n\n\n<p>Se trata de convocantes o adherentes a la Marcha contra el Hambre que se realiz\u00f3 el 5 de abril del corriente y que es motivo de un nuevo caso de criminalizaci\u00f3n de la protesta en C\u00f3rdoba. <\/p>\n\n\n\n<p>En ese contexto, ante las y los compa\u00f1eros presentes, Giuliani denunci\u00f3 que &#8220;la imputaci\u00f3n no es un hecho aislado, sino que hay una persecuci\u00f3n pol\u00edtica sistem\u00e1tica de parte de el Gobierno de Schiaretti con ATE en los sectores de trabajo, amedrentando nuestros afiliados, metiendo miedo, trasladando delegados, despidiendo compa\u00f1eras y compa\u00f1eros, con la polic\u00eda hostigando de manera permanente en cualquier actividad que haga nuestra organizaci\u00f3n&#8221;.<\/p>\n\n\n<div class=\"wp-block-image\">\n<figure class=\"aligncenter size-large is-resized\"><img loading=\"lazy\" decoding=\"async\" src=\"https:\/\/atecordoba.org\/wp-content\/uploads\/2023\/11\/20231103_111357-1024x461.jpg\" alt=\"\" class=\"wp-image-39690\" width=\"768\" height=\"346\" srcset=\"https:\/\/atecordoba.org\/wp-content\/uploads\/2023\/11\/20231103_111357-1024x461.jpg 1024w, https:\/\/atecordoba.org\/wp-content\/uploads\/2023\/11\/20231103_111357-300x135.jpg 300w, https:\/\/atecordoba.org\/wp-content\/uploads\/2023\/11\/20231103_111357-768x346.jpg 768w, https:\/\/atecordoba.org\/wp-content\/uploads\/2023\/11\/20231103_111357-1536x691.jpg 1536w, https:\/\/atecordoba.org\/wp-content\/uploads\/2023\/11\/20231103_111357-2048x922.jpg 2048w, https:\/\/atecordoba.org\/wp-content\/uploads\/2023\/11\/20231103_111357-750x338.jpg 750w, https:\/\/atecordoba.org\/wp-content\/uploads\/2023\/11\/20231103_111357-1140x513.jpg 1140w\" sizes=\"auto, (max-width: 768px) 100vw, 768px\" \/><\/figure>\n<\/div>\n\n\n<p>&#8220;Por eso decimos que esta imputaci\u00f3n no es causal. La Marcha estaba convocada por el movimiento piquetero y fuimos a llevar nuestra solidaridad de clase con las y los trabajadores desocupados&#8221;, agreg\u00f3 el dirigente.<\/p>\n\n\n\n<p>Para luego advertir que &#8220;el poder pol\u00edtico a trav\u00e9s de su brazo judicial pretende acallar a ATE, que no se calla ante los atropellos del cordobesismo. Las y los trabajadores provinciales tienen sueldos de pobreza, que sufren la precarizaci\u00f3n laboral, como no lo hay en otro lugar da la Argentina&#8221;.<\/p>\n\n\n<div class=\"wp-block-image\">\n<figure class=\"aligncenter size-large is-resized\"><img loading=\"lazy\" decoding=\"async\" src=\"https:\/\/atecordoba.org\/wp-content\/uploads\/2023\/11\/20231103_112059-1024x461.jpg\" alt=\"\" class=\"wp-image-39691\" width=\"768\" height=\"346\" srcset=\"https:\/\/atecordoba.org\/wp-content\/uploads\/2023\/11\/20231103_112059-1024x461.jpg 1024w, https:\/\/atecordoba.org\/wp-content\/uploads\/2023\/11\/20231103_112059-300x135.jpg 300w, https:\/\/atecordoba.org\/wp-content\/uploads\/2023\/11\/20231103_112059-768x346.jpg 768w, https:\/\/atecordoba.org\/wp-content\/uploads\/2023\/11\/20231103_112059-1536x691.jpg 1536w, https:\/\/atecordoba.org\/wp-content\/uploads\/2023\/11\/20231103_112059-2048x922.jpg 2048w, https:\/\/atecordoba.org\/wp-content\/uploads\/2023\/11\/20231103_112059-750x338.jpg 750w, https:\/\/atecordoba.org\/wp-content\/uploads\/2023\/11\/20231103_112059-1140x513.jpg 1140w\" sizes=\"auto, (max-width: 768px) 100vw, 768px\" \/><\/figure>\n<\/div>\n\n\n<p>Mientras que en otro tramo, refiri\u00e9ndose a la causa judicial en s\u00ed misma, Giuliani dijo que &#8220;hoy presentamos la oposici\u00f3n al pedido de elevaci\u00f3n a juicio de la causa como pretende someternos el fiscal De Arag\u00f3n. Y queremos hacer p\u00fablico que en un hecho in\u00e9dito para este tipo de imputaciones nos secuestraron los celulares. Y cuando llega la notificaci\u00f3n de la elevaci\u00f3n a juicio nos enteramos que los aparatos se abrieron sin orden judicial, sin intervenci\u00f3n de peritos de parte, violando el derecho a la intimidad&#8221;.<\/p>\n\n\n\n<p>Giuliani acus\u00f3 al fiscal de armar un circo medi\u00e1tico alrededor de la causa y asegur\u00f3 que apelar\u00e1 cualquier resoluci\u00f3n que confirme lo hecho por De Arag\u00f3n. &#8220;Tenemos derecho a peticionar ante las autoridades aunque a Schiaretti no le guste. ESt\u00e1 en la Constituci\u00f3n y no vamos a dejar de hacerlo&#8221;, asever\u00f3.<\/p>\n\n\n<div class=\"wp-block-image\">\n<figure class=\"aligncenter size-large is-resized\"><img loading=\"lazy\" decoding=\"async\" src=\"https:\/\/atecordoba.org\/wp-content\/uploads\/2023\/11\/20231103_111701-1024x461.jpg\" alt=\"\" class=\"wp-image-39693\" width=\"768\" height=\"346\" srcset=\"https:\/\/atecordoba.org\/wp-content\/uploads\/2023\/11\/20231103_111701-1024x461.jpg 1024w, https:\/\/atecordoba.org\/wp-content\/uploads\/2023\/11\/20231103_111701-300x135.jpg 300w, https:\/\/atecordoba.org\/wp-content\/uploads\/2023\/11\/20231103_111701-768x346.jpg 768w, https:\/\/atecordoba.org\/wp-content\/uploads\/2023\/11\/20231103_111701-1536x691.jpg 1536w, https:\/\/atecordoba.org\/wp-content\/uploads\/2023\/11\/20231103_111701-2048x922.jpg 2048w, https:\/\/atecordoba.org\/wp-content\/uploads\/2023\/11\/20231103_111701-750x338.jpg 750w, https:\/\/atecordoba.org\/wp-content\/uploads\/2023\/11\/20231103_111701-1140x513.jpg 1140w\" sizes=\"auto, (max-width: 768px) 100vw, 768px\" \/><\/figure>\n<\/div>\n\n\n<p>En la ocasi\u00f3n hablaron para expresar su solidaridad y dar su mirada sobre la situaci\u00f3n el dirigente del Polo Obrero, Emanuel Berardo y su par Soledad Garc\u00eda D\u00edaz, ambos tambi\u00e9n imputados. Compa\u00f1eras de Ammar, de la CTAA y estatales como la dirigente sindical de la Superintendencia de Riesgos de Trabajo (SRT), Agustina Mota, de viaje por C\u00f3rdoba para participar ayer de una protesta de la SRT local. <\/p>\n\n\n\n<p>El abogado de ATE Eugenio Biafore, fundament\u00f3 posteriormente la base legal para rechazar lo actuado pro el fiscal y adelantar los pasos a seguir. <\/p>\n\n\n\n<p><\/p>\n\n\n\n<figure class=\"wp-block-gallery has-nested-images columns-default is-cropped wp-block-gallery-1 is-layout-flex wp-block-gallery-is-layout-flex\">\n<figure class=\"wp-block-image size-large\"><a href=\"https:\/\/atecordoba.org\/wp-content\/uploads\/2023\/11\/20231103_104502-scaled.jpg\" target=\"_blank\" rel=\"noopener\"><img loading=\"lazy\" decoding=\"async\" width=\"461\" height=\"1024\" data-id=\"39694\" src=\"https:\/\/atecordoba.org\/wp-content\/uploads\/2023\/11\/20231103_104502-461x1024.jpg\" alt=\"\" class=\"wp-image-39694\" srcset=\"https:\/\/atecordoba.org\/wp-content\/uploads\/2023\/11\/20231103_104502-461x1024.jpg 461w, https:\/\/atecordoba.org\/wp-content\/uploads\/2023\/11\/20231103_104502-135x300.jpg 135w, https:\/\/atecordoba.org\/wp-content\/uploads\/2023\/11\/20231103_104502-768x1707.jpg 768w, https:\/\/atecordoba.org\/wp-content\/uploads\/2023\/11\/20231103_104502-691x1536.jpg 691w, https:\/\/atecordoba.org\/wp-content\/uploads\/2023\/11\/20231103_104502-922x2048.jpg 922w, https:\/\/atecordoba.org\/wp-content\/uploads\/2023\/11\/20231103_104502-750x1667.jpg 750w, https:\/\/atecordoba.org\/wp-content\/uploads\/2023\/11\/20231103_104502-1140x2533.jpg 1140w, https:\/\/atecordoba.org\/wp-content\/uploads\/2023\/11\/20231103_104502-scaled.jpg 1152w\" sizes=\"auto, (max-width: 461px) 100vw, 461px\" \/><\/a><\/figure>\n\n\n\n<figure class=\"wp-block-image size-large\"><a href=\"https:\/\/atecordoba.org\/wp-content\/uploads\/2023\/11\/20231103_112303-1-scaled.jpg\" target=\"_blank\" rel=\"noopener\"><img loading=\"lazy\" decoding=\"async\" width=\"461\" height=\"1024\" data-id=\"39696\" src=\"https:\/\/atecordoba.org\/wp-content\/uploads\/2023\/11\/20231103_112303-1-461x1024.jpg\" alt=\"\" class=\"wp-image-39696\" srcset=\"https:\/\/atecordoba.org\/wp-content\/uploads\/2023\/11\/20231103_112303-1-461x1024.jpg 461w, https:\/\/atecordoba.org\/wp-content\/uploads\/2023\/11\/20231103_112303-1-135x300.jpg 135w, https:\/\/atecordoba.org\/wp-content\/uploads\/2023\/11\/20231103_112303-1-768x1707.jpg 768w, https:\/\/atecordoba.org\/wp-content\/uploads\/2023\/11\/20231103_112303-1-691x1536.jpg 691w, https:\/\/atecordoba.org\/wp-content\/uploads\/2023\/11\/20231103_112303-1-922x2048.jpg 922w, https:\/\/atecordoba.org\/wp-content\/uploads\/2023\/11\/20231103_112303-1-750x1667.jpg 750w, https:\/\/atecordoba.org\/wp-content\/uploads\/2023\/11\/20231103_112303-1-1140x2533.jpg 1140w, https:\/\/atecordoba.org\/wp-content\/uploads\/2023\/11\/20231103_112303-1-scaled.jpg 1152w\" sizes=\"auto, (max-width: 461px) 100vw, 461px\" \/><\/a><\/figure>\n\n\n\n<figure class=\"wp-block-image size-large\"><a href=\"https:\/\/atecordoba.org\/wp-content\/uploads\/2023\/11\/397976204_725071606309423_2763203376179650864_n.jpg\" target=\"_blank\" rel=\"noopener\"><img loading=\"lazy\" decoding=\"async\" width=\"960\" height=\"720\" data-id=\"39697\" src=\"https:\/\/atecordoba.org\/wp-content\/uploads\/2023\/11\/397976204_725071606309423_2763203376179650864_n.jpg\" alt=\"\" class=\"wp-image-39697\" srcset=\"https:\/\/atecordoba.org\/wp-content\/uploads\/2023\/11\/397976204_725071606309423_2763203376179650864_n.jpg 960w, https:\/\/atecordoba.org\/wp-content\/uploads\/2023\/11\/397976204_725071606309423_2763203376179650864_n-300x225.jpg 300w, https:\/\/atecordoba.org\/wp-content\/uploads\/2023\/11\/397976204_725071606309423_2763203376179650864_n-768x576.jpg 768w, https:\/\/atecordoba.org\/wp-content\/uploads\/2023\/11\/397976204_725071606309423_2763203376179650864_n-750x563.jpg 750w\" sizes=\"auto, (max-width: 960px) 100vw, 960px\" \/><\/a><\/figure>\n<\/figure>\n\n\n\n<p><\/p>\n\n\n\n<p><\/p>\n","protected":false},"excerpt":{"rendered":"<p>En una convocatoria que cont\u00f3 con la presencia de estatales, movimientos sociales, integrantes de la CTAA y compa\u00f1eros y compa\u00f1eras que se cercaron a expresar su solidaridad con las y los dirigentes encausados por la Justicia provincial, hoy se llev\u00f3 a cabo una radio abierta para repudiar frente a la sede de Tribunales II el [&hellip;]<\/p>\n","protected":false},"author":7,"featured_media":39689,"comment_status":"open","ping_status":"open","sticky":false,"template":"","format":"standard","meta":{"_exactmetrics_skip_tracking":false,"_exactmetrics_sitenote_active":false,"_exactmetrics_sitenote_note":"","_exactmetrics_sitenote_category":0,"jnews-multi-image_gallery":[],"jnews_single_post":{"subtitle":"El secretario General de ATE C\u00f3rdoba, Federico Giuliani, denunci\u00f3 que \"la imputaci\u00f3n no es un hecho aislado, sino que hay una persecuci\u00f3n pol\u00edtica sistem\u00e1tica de parte de el Gobierno de Schiaretti con ATE en los sectores de trabajo, amedrentando nuestros afiliados, metiendo miedo, trasladando delegados, despidiendo compa\u00f1eras y compa\u00f1eros, con la polic\u00eda hostigando de manera permanente en cualquier actividad que haga nuestra organizaci\u00f3n\".","format":"standard","video":"","gallery":"","source_name":"","source_url":"","via_name":"","via_url":"","override_template":"0","override":[{"template":"1","single_blog_custom":"","parallax":"1","fullscreen":"1","layout":"no-sidebar-narrow","sidebar":"default-sidebar","second_sidebar":"default-sidebar","sticky_sidebar":"1","share_position":"bottom","share_float_style":"share-monocrhome","show_share_counter":"1","show_view_counter":"1","show_featured":"0","show_post_meta":"1","show_post_author":"0","show_post_author_image":"1","show_post_date":"1","post_date_format":"default","post_date_format_custom":"Y\/m\/d","show_post_category":"1","show_post_reading_time":"0","post_reading_time_wpm":"300","show_zoom_button":"0","zoom_button_out_step":"2","zoom_button_in_step":"3","show_post_tag":"1","show_prev_next_post":"0","show_popup_post":"0","number_popup_post":"1","show_author_box":"0","show_post_related":"1","show_inline_post_related":"0"}],"override_image_size":"0","image_override":[{"single_post_thumbnail_size":"crop-500","single_post_gallery_size":"crop-500"}],"trending_post":"0","trending_post_position":"meta","trending_post_label":"Trending","sponsored_post":"0","sponsored_post_label":"Sponsored by","sponsored_post_name":"","sponsored_post_url":"","sponsored_post_logo_enable":"0","sponsored_post_logo":"","sponsored_post_desc":"","disable_ad":"0"},"jnews_primary_category":{"id":"","hide":""},"jnews_social_meta":{"fb_title":"","fb_description":"","fb_image":"","twitter_title":"","twitter_description":"","twitter_image":""},"jnews_review":[],"enable_review":"0","type":"percentage","name":"","summary":"","brand":"","sku":"","good":[{"good_text":""}],"bad":[{"bad_text":""}],"score_override":"","override_value":"","rating":[{"rating_text":"","rating_number":"10"}],"price":[{"shop":"","price":"","link":"","icon":""}],"jnews_override_counter":{"override_view_counter":"0","view_counter_number":"0","override_share_counter":"0","share_counter_number":"0","override_like_counter":"0","like_counter_number":"0","override_dislike_counter":"0","dislike_counter_number":"0"},"jnews_post_split":{"enable_post_split":"0","post_split":[{"template":"1","tag":"h2","numbering":"asc","mode":"normal","first":"0","enable_toc":"0","toc_type":"normal"}]},"footnotes":""},"categories":[13],"tags":[],"class_list":["post-39687","post","type-post","status-publish","format-standard","has-post-thumbnail","hentry","category-rio-tercero"],"jetpack_featured_media_url":"https:\/\/atecordoba.org\/wp-content\/uploads\/2023\/11\/20231103_104445-scaled-e1699035475621.jpg","_links":{"self":[{"href":"https:\/\/atecordoba.org\/index.php?rest_route=\/wp\/v2\/posts\/39687","targetHints":{"allow":["GET"]}}],"collection":[{"href":"https:\/\/atecordoba.org\/index.php?rest_route=\/wp\/v2\/posts"}],"about":[{"href":"https:\/\/atecordoba.org\/index.php?rest_route=\/wp\/v2\/types\/post"}],"author":[{"embeddable":true,"href":"https:\/\/atecordoba.org\/index.php?rest_route=\/wp\/v2\/users\/7"}],"replies":[{"embeddable":true,"href":"https:\/\/atecordoba.org\/index.php?rest_route=%2Fwp%2Fv2%2Fcomments&post=39687"}],"version-history":[{"count":1,"href":"https:\/\/atecordoba.org\/index.php?rest_route=\/wp\/v2\/posts\/39687\/revisions"}],"predecessor-version":[{"id":39698,"href":"https:\/\/atecordoba.org\/index.php?rest_route=\/wp\/v2\/posts\/39687\/revisions\/39698"}],"wp:featuredmedia":[{"embeddable":true,"href":"https:\/\/atecordoba.org\/index.php?rest_route=\/wp\/v2\/media\/39689"}],"wp:attachment":[{"href":"https:\/\/atecordoba.org\/index.php?rest_route=%2Fwp%2Fv2%2Fmedia&parent=39687"}],"wp:term":[{"taxonomy":"category","embeddable":true,"href":"https:\/\/atecordoba.org\/index.php?rest_route=%2Fwp%2Fv2%2Fcategories&post=39687"},{"taxonomy":"post_tag","embeddable":true,"href":"https:\/\/atecordoba.org\/index.php?rest_route=%2Fwp%2Fv2%2Ftags&post=39687"}],"curies":[{"name":"wp","href":"https:\/\/api.w.org\/{rel}","templated":true}]}}