{"id":3966,"date":"2014-03-31T19:00:50","date_gmt":"2014-03-31T22:00:50","guid":{"rendered":"http:\/\/www.atecordoba.org\/?p=3966"},"modified":"2014-03-31T19:00:50","modified_gmt":"2014-03-31T22:00:50","slug":"caminata-al-cerro-los-gigantes-sabado-12-de-abril","status":"publish","type":"post","link":"https:\/\/atecordoba.org\/?p=3966","title":{"rendered":"Caminata al Cerro Los Gigantes\/ S\u00e1bado 12 de abril"},"content":{"rendered":"<p><em>En el marco de las actividades que realiza la Secretaria de Acci\u00f3n Social, el pr\u00f3ximo s\u00e1bado 12 de abril se llevar\u00e1 a cabo una caminata recreativa por el Cerro Los Gigantes.<\/em><\/p>\n<p style=\"text-align: center;\"><a href=\"http:\/\/www.atecordoba.org\/wp-content\/uploads\/2014\/03\/caminata-los-gigantes.jpg\"><img loading=\"lazy\" decoding=\"async\" class=\"aligncenter  wp-image-3967\" alt=\"EPSON DSC picture\" src=\"http:\/\/www.atecordoba.org\/wp-content\/uploads\/2014\/03\/caminata-los-gigantes.jpg\" width=\"448\" height=\"336\" \/><\/a><\/p>\n<p>&nbsp;<\/p>\n<ul>\n<li>8:45 Cu-Cu &#8211; Villa Carlos Paz.<\/li>\n<li>10:15 la rotonda &#8211; base del cerro los gigantes.<\/li>\n<li>10:30 Comienzo trekking.<\/li>\n<li>11:45 R\u00edo Subterr\u00e1neo &#8211; Cuevas<\/li>\n<li>13:00 Cerro de la Cruz &#8211; Almuerzo.( llevar vianda )<\/li>\n<li>15:00 Descenso a la base<\/li>\n<li>17:00 mateada con factura .Regreso a C\u00f3rdoba.<\/li>\n<\/ul>\n<p>&nbsp;<\/p>\n<p style=\"text-align: left;\" align=\"center\"><strong>PRECIOS<\/strong><\/p>\n<p style=\"text-align: left;\" align=\"center\">Entrada al parque: $ 35<\/p>\n<p style=\"text-align: left;\" align=\"center\">Estacionamiento: $ 25 (x auto)<\/p>\n<p style=\"text-align: left;\" align=\"center\">Actividad &#8211; gu\u00eda: $50<\/p>\n<p style=\"text-align: left;\" align=\"center\">Para el afiliado de ATE total&#8230;..\u00a0 $ 45 el familiar $ 30<\/p>\n<p style=\"text-align: left;\" align=\"center\">anotarse en el gremio al\u00a0 4257926 o al cel 351-256648086 hasta el 10\/4\/14 cupos limitados<\/p>\n","protected":false},"excerpt":{"rendered":"<p>En el marco de las actividades que realiza la Secretaria de Acci\u00f3n Social, el pr\u00f3ximo s\u00e1bado 12 de abril se llevar\u00e1 a cabo una caminata recreativa por el Cerro Los Gigantes. &nbsp; 8:45 Cu-Cu &#8211; Villa Carlos Paz. 10:15 la rotonda &#8211; base del cerro los gigantes. 10:30 Comienzo trekking. 11:45 R\u00edo Subterr\u00e1neo &#8211; Cuevas [&hellip;]<\/p>\n","protected":false},"author":1,"featured_media":19220,"comment_status":"open","ping_status":"open","sticky":false,"template":"","format":"standard","meta":{"_exactmetrics_skip_tracking":false,"_exactmetrics_sitenote_active":false,"_exactmetrics_sitenote_note":"","_exactmetrics_sitenote_category":0,"jnews-multi-image_gallery":[],"jnews_single_post":[],"jnews_primary_category":[],"jnews_social_meta":[],"jnews_review":[],"enable_review":"","type":"","name":"","summary":"","brand":"","sku":"","good":[],"bad":[],"score_override":"","override_value":"","rating":[],"price":[],"jnews_override_counter":[],"jnews_post_split":[],"footnotes":""},"categories":[75],"tags":[],"class_list":["post-3966","post","type-post","status-publish","format-standard","has-post-thumbnail","hentry","category-accion-social"],"jetpack_featured_media_url":"https:\/\/atecordoba.org\/wp-content\/uploads\/2020\/05\/logo-nuevochico-e1561581322808.png","_links":{"self":[{"href":"https:\/\/atecordoba.org\/index.php?rest_route=\/wp\/v2\/posts\/3966","targetHints":{"allow":["GET"]}}],"collection":[{"href":"https:\/\/atecordoba.org\/index.php?rest_route=\/wp\/v2\/posts"}],"about":[{"href":"https:\/\/atecordoba.org\/index.php?rest_route=\/wp\/v2\/types\/post"}],"author":[{"embeddable":true,"href":"https:\/\/atecordoba.org\/index.php?rest_route=\/wp\/v2\/users\/1"}],"replies":[{"embeddable":true,"href":"https:\/\/atecordoba.org\/index.php?rest_route=%2Fwp%2Fv2%2Fcomments&post=3966"}],"version-history":[{"count":0,"href":"https:\/\/atecordoba.org\/index.php?rest_route=\/wp\/v2\/posts\/3966\/revisions"}],"wp:featuredmedia":[{"embeddable":true,"href":"https:\/\/atecordoba.org\/index.php?rest_route=\/wp\/v2\/media\/19220"}],"wp:attachment":[{"href":"https:\/\/atecordoba.org\/index.php?rest_route=%2Fwp%2Fv2%2Fmedia&parent=3966"}],"wp:term":[{"taxonomy":"category","embeddable":true,"href":"https:\/\/atecordoba.org\/index.php?rest_route=%2Fwp%2Fv2%2Fcategories&post=3966"},{"taxonomy":"post_tag","embeddable":true,"href":"https:\/\/atecordoba.org\/index.php?rest_route=%2Fwp%2Fv2%2Ftags&post=3966"}],"curies":[{"name":"wp","href":"https:\/\/api.w.org\/{rel}","templated":true}]}}