{"id":39645,"date":"2023-11-02T12:19:17","date_gmt":"2023-11-02T15:19:17","guid":{"rendered":"https:\/\/atecordoba.org\/?p=39645"},"modified":"2023-11-02T12:20:25","modified_gmt":"2023-11-02T15:20:25","slug":"criminalizacion-de-la-protesta-se-multiplican-los-mensajes-de-solidaridad-de-organizaciones-de-todo-el-pais-con-federico-giuliani","status":"publish","type":"post","link":"https:\/\/atecordoba.org\/?p=39645","title":{"rendered":"Criminalizaci\u00f3n de la protesta: se multiplican los mensajes de solidaridad de organizaciones de todo el pa\u00eds con Federico Giuliani"},"content":{"rendered":"\n<figure class=\"wp-block-embed aligncenter is-type-rich is-provider-twitter wp-block-embed-twitter\"><div class=\"wp-block-embed__wrapper\">\n<blockquote class=\"twitter-tweet\" data-width=\"500\" data-dnt=\"true\"><p lang=\"es\" dir=\"ltr\"><a href=\"https:\/\/twitter.com\/hashtag\/bastadepersecuci%C3%B3n?src=hash&amp;ref_src=twsrc%5Etfw\">#bastadepersecuci\u00f3n<\/a> | La CTA Capital repudia la persecuci\u00f3n judicial en C\u00f3rdoba <a href=\"https:\/\/t.co\/khyp9PT8r0\">pic.twitter.com\/khyp9PT8r0<\/a><\/p>&mdash; CTA-A Capital (@CTAACapital) <a href=\"https:\/\/twitter.com\/CTAACapital\/status\/1719415276951757306?ref_src=twsrc%5Etfw\">October 31, 2023<\/a><\/blockquote><script async src=\"https:\/\/platform.twitter.com\/widgets.js\" charset=\"utf-8\"><\/script>\n<\/div><\/figure>\n\n\n\n<div data-wp-interactive=\"core\/file\" class=\"wp-block-file\"><object data-wp-bind--hidden=\"!state.hasPdfPreview\" hidden class=\"wp-block-file__embed\" data=\"https:\/\/atecordoba.org\/wp-content\/uploads\/2023\/11\/comunicado-APDH-Cba-Protesta-Social-v1.pdf\" type=\"application\/pdf\" style=\"width:100%;height:600px\" aria-label=\"Incrustado de comunicado-APDH-Cba-Protesta-Social-v1.\"><\/object><a id=\"wp-block-file--media-2526a9b9-2aa8-4bf4-9a8e-17522bfbddb8\" href=\"https:\/\/atecordoba.org\/wp-content\/uploads\/2023\/11\/comunicado-APDH-Cba-Protesta-Social-v1.pdf\" target=\"_blank\" rel=\"noreferrer noopener\">comunicado-APDH-Cba-Protesta-Social-v1<\/a><a href=\"https:\/\/atecordoba.org\/wp-content\/uploads\/2023\/11\/comunicado-APDH-Cba-Protesta-Social-v1.pdf\" class=\"wp-block-file__button wp-element-button\" download aria-describedby=\"wp-block-file--media-2526a9b9-2aa8-4bf4-9a8e-17522bfbddb8\">Descarga<\/a><\/div>\n\n\n\n<div data-wp-interactive=\"core\/file\" class=\"wp-block-file\"><object data-wp-bind--hidden=\"!state.hasPdfPreview\" hidden class=\"wp-block-file__embed\" data=\"https:\/\/atecordoba.org\/wp-content\/uploads\/2023\/11\/Nota-de-Solidaridad-Con-Dirigentes-sindicales-y-Sociales-de-Cordoba.pdf\" type=\"application\/pdf\" style=\"width:100%;height:600px\" aria-label=\"Incrustado de Nota-de-Solidaridad-Con-Dirigentes-sindicales-y-Sociales-de-Cordoba.\"><\/object><a id=\"wp-block-file--media-a3da044f-7b3c-440a-a52a-26f6257bf940\" href=\"https:\/\/atecordoba.org\/wp-content\/uploads\/2023\/11\/Nota-de-Solidaridad-Con-Dirigentes-sindicales-y-Sociales-de-Cordoba.pdf\">Nota-de-Solidaridad-Con-Dirigentes-sindicales-y-Sociales-de-Cordoba<\/a><a href=\"https:\/\/atecordoba.org\/wp-content\/uploads\/2023\/11\/Nota-de-Solidaridad-Con-Dirigentes-sindicales-y-Sociales-de-Cordoba.pdf\" class=\"wp-block-file__button wp-element-button\" download aria-describedby=\"wp-block-file--media-a3da044f-7b3c-440a-a52a-26f6257bf940\">Descarga<\/a><\/div>\n\n\n<div class=\"wp-block-image\">\n<figure class=\"aligncenter size-large is-resized\"><img loading=\"lazy\" decoding=\"async\" src=\"https:\/\/atecordoba.org\/wp-content\/uploads\/2023\/11\/WhatsApp-Image-2023-11-02-at-10.28.17-1024x1024.jpeg\" alt=\"\" class=\"wp-image-39648\" width=\"768\" height=\"768\" srcset=\"https:\/\/atecordoba.org\/wp-content\/uploads\/2023\/11\/WhatsApp-Image-2023-11-02-at-10.28.17-1024x1024.jpeg 1024w, https:\/\/atecordoba.org\/wp-content\/uploads\/2023\/11\/WhatsApp-Image-2023-11-02-at-10.28.17-300x300.jpeg 300w, https:\/\/atecordoba.org\/wp-content\/uploads\/2023\/11\/WhatsApp-Image-2023-11-02-at-10.28.17-150x150.jpeg 150w, https:\/\/atecordoba.org\/wp-content\/uploads\/2023\/11\/WhatsApp-Image-2023-11-02-at-10.28.17-768x768.jpeg 768w, https:\/\/atecordoba.org\/wp-content\/uploads\/2023\/11\/WhatsApp-Image-2023-11-02-at-10.28.17-560x560.jpeg 560w, https:\/\/atecordoba.org\/wp-content\/uploads\/2023\/11\/WhatsApp-Image-2023-11-02-at-10.28.17-75x75.jpeg 75w, https:\/\/atecordoba.org\/wp-content\/uploads\/2023\/11\/WhatsApp-Image-2023-11-02-at-10.28.17-350x350.jpeg 350w, https:\/\/atecordoba.org\/wp-content\/uploads\/2023\/11\/WhatsApp-Image-2023-11-02-at-10.28.17-750x750.jpeg 750w, https:\/\/atecordoba.org\/wp-content\/uploads\/2023\/11\/WhatsApp-Image-2023-11-02-at-10.28.17.jpeg 1080w\" sizes=\"auto, (max-width: 768px) 100vw, 768px\" \/><\/figure>\n<\/div>\n\n\n<figure class=\"wp-block-embed aligncenter is-type-wp-embed is-provider-f-t-c-i-o-d-y-a-r-a wp-block-embed-f-t-c-i-o-d-y-a-r-a\"><div class=\"wp-block-embed__wrapper\">\n<blockquote class=\"wp-embedded-content\" data-secret=\"mwis6Wv01Y\"><a href=\"https:\/\/federacionaceitera.com.ar\/2023\/10\/31\/repudio-a-la-criminalizacion-de-la-protesta-sindical-y-social-en-cordoba\/\">Repudio a la criminalizaci\u00f3n de la protesta sindical y social en C\u00f3rdoba<\/a><\/blockquote><iframe loading=\"lazy\" class=\"wp-embedded-content\" sandbox=\"allow-scripts\" security=\"restricted\" style=\"position: absolute; clip: rect(1px, 1px, 1px, 1px);\" title=\"&#8220;Repudio a la criminalizaci\u00f3n de la protesta sindical y social en C\u00f3rdoba&#8221; &#8212; F.T.C.I.O.D y A.R.A.\" src=\"https:\/\/federacionaceitera.com.ar\/2023\/10\/31\/repudio-a-la-criminalizacion-de-la-protesta-sindical-y-social-en-cordoba\/embed\/#?secret=uNrbx6gCfG#?secret=mwis6Wv01Y\" data-secret=\"mwis6Wv01Y\" width=\"500\" height=\"282\" frameborder=\"0\" marginwidth=\"0\" marginheight=\"0\" scrolling=\"no\"><\/iframe>\n<\/div><\/figure>\n\n\n\n<p><strong>COMUNICADO DE LA CTA A PUNILLA: SOLIDARIDAD CON FEDERICO GIULIANI<\/strong><\/p>\n\n\n\n<p>Los abajo firmantes delegados, integrantes de la CTA A PUNILLA, dejamos expresa nuestra solidaridad con el Secretario General de la Comisi\u00f3n Directiva provincial, el compa\u00f1ero Federico GIULIANI, tras el pedido de elevaci\u00f3n a juicio por su adhesi\u00f3n como orador en la marcha contra el hambre realizada el pasado 5 de abril acus\u00e1ndolo de Desobediencia a la Autoridad e Impedimento u Obstrucci\u00f3n de Transporte o Servicios P\u00fablicos.<br>Decimos tambi\u00e9n, que el hambre es un crimen que muchas veces los fiscales no quieren investigar. Cuando silencian la corrupci\u00f3n que anida en los gobiernos y que escandaliza al pueblo trabajador, alli d\u00f3nde se toman las decisiones que afectan a millones de habitantes. Y decimos tambi\u00e9n que es principio del derecho positivo, cometer un delito menor para evitar un crimen superior. De igual modo, invocamos con fuerza nuestro derecho a la protesta pac\u00edfica y a la libertad de expresi\u00f3n en democracia.<br>Nos llamamos a la convocatoria y declaramos la alerta maxima frente a los intentos de persecusi\u00f3n judicial a cualquiera de nuestros dirigentes gremiales.<\/p>\n\n\n\n<p>CTA A PUNILLA-PARAVACHASCA<br>COMISION DIRECTIVA LOCAL<\/p>\n\n\n\n<figure class=\"wp-block-embed alignleft is-type-rich is-provider-instagram wp-block-embed-instagram\"><div class=\"wp-block-embed__wrapper\">\nhttps:\/\/www.instagram.com\/p\/CzJckM9xvs5\/\n<\/div><figcaption class=\"wp-element-caption\"><strong>CONSEJO CONSULTIVO DEL OBSERVATORIO DE DERECHOS HUMANOS UNRC<br><br>Desde el Consejo Consultivo del Observatorio de Derechos Humanos de la Universidad Nacional de R\u00edo Cuarto repudiamos y denunciamos el pedido de elevaci\u00f3n a juicio del fiscal Ernesto de Arag\u00f3n de la imputaci\u00f3n a seis dirigentes sindicales y sociales de la Provincia de C\u00f3rdoba, acusados por &#8220;delitos por desobediencia a la autoridad e impedimento u obstrucci\u00f3n del transporte o servicios p\u00fablicos en concurso material&#8221;. Cabe aclarar que algunos de los imputados son miembros de organizaciones que forman parte de este Consejo Consultivo y que la imputaci\u00f3n mencionada est\u00e1 referida a la manifestaci\u00f3n realizada en la ciudad de C\u00f3rdoba el d\u00eda 5 de abril del presente a\u00f1o.<br><br>Entre las pruebas que utiliz\u00f3 el funcionario judicial para acusar a los dirigentes sindicales y sociales se encuentran una serie de tareas b\u00e1sicas de espionaje, prohibidas por la Ley de Seguridad Interior. Una de ellas es un informe confeccionado por la Direcci\u00f3n General de Investigaciones Criminales (DAIC), Divisi\u00f3n de An\u00e1lisis e Investigaci\u00f3n en las Comunicaciones. All\u00ed se da cuenta de un relevamiento \u201cde los movimientos de las redes sociales de los movimientos sociales involucrados\u201d y \u201cse adiciona al plexo probatorio, los informes circunstanciados elaborados por la Direcci\u00f3n de Investigaci\u00f3n Operativa de la Polic\u00eda Judicial (DIO) analizando &#8220;los antecedentes de la movilizaci\u00f3n del d\u00eda 5-4-2023 \u2018piquetazo nacional\u2019, el lugar del hecho, las publicaciones de prensa de las agrupaciones y de los medios de comunicaci\u00f3n, y el lugar que ocupan en la estructura de las organizaciones y gremios cada uno de los imputados\u201d. Tambi\u00e9n fueron secuestrados y peritados los tel\u00e9fonos celulares de los dirigentes, sin participaci\u00f3n de peritos de parte.<br><br>Este tipo de pr\u00e1cticas llevadas adelante por el Poder Judicial se enlazan con las admitidas por la propia jefa de la Polic\u00eda de C\u00f3rdoba, comisario general Liliana Z\u00e1rate Belletti, tal lo se\u00f1alado por ella a distintos medios, donde detall\u00f3 que la fuerza realiza tareas de inteligencia cada vez que se realizar\u00e1 alguna movilizaci\u00f3n, que incluye la actuaci\u00f3n de infiltrados y personal de civil, como ocurri\u00f3 en \u00e9pocas del genocidio perpetrado por la \u00faltima dictadura c\u00edvico-militar-eclesi\u00e1stica.<br><br>C\u00f3mo organismo universitario abocado al monitoreo y la observaci\u00f3n de la plena vigencia de los Derechos Humanos; advertimos esta situaci\u00f3n, apelamos al accionar de las instituciones democr\u00e1ticas pertinentes en la materia y nos solidarizamos con los imputados y sus organizaciones.<br><br>A 40 a\u00f1os de Democracia, seguimos luchando por su defensa y profundizaci\u00f3n.<br>02 de noviembre de 2023<\/strong><\/figcaption><\/figure>\n","protected":false},"excerpt":{"rendered":"<p>COMUNICADO DE LA CTA A PUNILLA: SOLIDARIDAD CON FEDERICO GIULIANI Los abajo firmantes delegados, integrantes de la CTA A PUNILLA, dejamos expresa nuestra solidaridad con el Secretario General de la Comisi\u00f3n Directiva provincial, el compa\u00f1ero Federico GIULIANI, tras el pedido de elevaci\u00f3n a juicio por su adhesi\u00f3n como orador en la marcha contra el hambre [&hellip;]<\/p>\n","protected":false},"author":7,"featured_media":39649,"comment_status":"open","ping_status":"open","sticky":false,"template":"","format":"standard","meta":{"_exactmetrics_skip_tracking":false,"_exactmetrics_sitenote_active":false,"_exactmetrics_sitenote_note":"","_exactmetrics_sitenote_category":0,"jnews-multi-image_gallery":[],"jnews_single_post":{"subtitle":"Frente a la persecuci\u00f3n judicial que encabeza el fiscal Ernesto De Arag\u00f3n, diversas organizaciones hermanas se expresaron en apoyo a nuestro secretario General, Federico Giuliani.","format":"standard","video":"","gallery":"","source_name":"","source_url":"","via_name":"","via_url":"","override_template":"0","override":[{"template":"1","single_blog_custom":"","parallax":"1","fullscreen":"1","layout":"no-sidebar-narrow","sidebar":"default-sidebar","second_sidebar":"default-sidebar","sticky_sidebar":"1","share_position":"bottom","share_float_style":"share-monocrhome","show_share_counter":"1","show_view_counter":"1","show_featured":"0","show_post_meta":"1","show_post_author":"0","show_post_author_image":"1","show_post_date":"1","post_date_format":"default","post_date_format_custom":"Y\/m\/d","show_post_category":"1","show_post_reading_time":"0","post_reading_time_wpm":"300","show_zoom_button":"0","zoom_button_out_step":"2","zoom_button_in_step":"3","show_post_tag":"1","show_prev_next_post":"0","show_popup_post":"0","number_popup_post":"1","show_author_box":"0","show_post_related":"1","show_inline_post_related":"0"}],"override_image_size":"0","image_override":[{"single_post_thumbnail_size":"crop-500","single_post_gallery_size":"crop-500"}],"trending_post":"0","trending_post_position":"meta","trending_post_label":"Trending","sponsored_post":"0","sponsored_post_label":"Sponsored by","sponsored_post_name":"","sponsored_post_url":"","sponsored_post_logo_enable":"0","sponsored_post_logo":"","sponsored_post_desc":"","disable_ad":"0"},"jnews_primary_category":{"id":"","hide":""},"jnews_social_meta":{"fb_title":"","fb_description":"","fb_image":"","twitter_title":"","twitter_description":"","twitter_image":""},"jnews_review":[],"enable_review":"0","type":"percentage","name":"","summary":"","brand":"","sku":"","good":[{"good_text":""}],"bad":[{"bad_text":""}],"score_override":"","override_value":"","rating":[{"rating_text":"","rating_number":"10"}],"price":[{"shop":"","price":"","link":"","icon":""}],"jnews_override_counter":{"override_view_counter":"0","view_counter_number":"0","override_share_counter":"0","share_counter_number":"0","override_like_counter":"0","like_counter_number":"0","override_dislike_counter":"0","dislike_counter_number":"0"},"jnews_post_split":{"enable_post_split":"0","post_split":[{"template":"1","tag":"h2","numbering":"asc","mode":"normal","first":"0","enable_toc":"0","toc_type":"normal"}]},"footnotes":""},"categories":[10],"tags":[],"class_list":["post-39645","post","type-post","status-publish","format-standard","has-post-thumbnail","hentry","category-accion-politica"],"jetpack_featured_media_url":"https:\/\/atecordoba.org\/wp-content\/uploads\/2023\/11\/solidaridades.png","_links":{"self":[{"href":"https:\/\/atecordoba.org\/index.php?rest_route=\/wp\/v2\/posts\/39645","targetHints":{"allow":["GET"]}}],"collection":[{"href":"https:\/\/atecordoba.org\/index.php?rest_route=\/wp\/v2\/posts"}],"about":[{"href":"https:\/\/atecordoba.org\/index.php?rest_route=\/wp\/v2\/types\/post"}],"author":[{"embeddable":true,"href":"https:\/\/atecordoba.org\/index.php?rest_route=\/wp\/v2\/users\/7"}],"replies":[{"embeddable":true,"href":"https:\/\/atecordoba.org\/index.php?rest_route=%2Fwp%2Fv2%2Fcomments&post=39645"}],"version-history":[{"count":2,"href":"https:\/\/atecordoba.org\/index.php?rest_route=\/wp\/v2\/posts\/39645\/revisions"}],"predecessor-version":[{"id":39651,"href":"https:\/\/atecordoba.org\/index.php?rest_route=\/wp\/v2\/posts\/39645\/revisions\/39651"}],"wp:featuredmedia":[{"embeddable":true,"href":"https:\/\/atecordoba.org\/index.php?rest_route=\/wp\/v2\/media\/39649"}],"wp:attachment":[{"href":"https:\/\/atecordoba.org\/index.php?rest_route=%2Fwp%2Fv2%2Fmedia&parent=39645"}],"wp:term":[{"taxonomy":"category","embeddable":true,"href":"https:\/\/atecordoba.org\/index.php?rest_route=%2Fwp%2Fv2%2Fcategories&post=39645"},{"taxonomy":"post_tag","embeddable":true,"href":"https:\/\/atecordoba.org\/index.php?rest_route=%2Fwp%2Fv2%2Ftags&post=39645"}],"curies":[{"name":"wp","href":"https:\/\/api.w.org\/{rel}","templated":true}]}}