{"id":39636,"date":"2023-11-01T15:23:08","date_gmt":"2023-11-01T18:23:08","guid":{"rendered":"https:\/\/atecordoba.org\/?p=39636"},"modified":"2023-11-01T15:24:49","modified_gmt":"2023-11-01T18:24:49","slug":"criminalizacion-de-la-protesta-a-40-anos-de-democracia-de-aragon-actua-como-un-fiscal-de-la-dictadura","status":"publish","type":"post","link":"https:\/\/atecordoba.org\/?p=39636","title":{"rendered":"Criminalizaci\u00f3n de la protesta: a 40 a\u00f1os de democracia De Arag\u00f3n act\u00faa como un fiscal de la dictadura"},"content":{"rendered":"<div class=\"wp-block-image\">\n<figure class=\"aligncenter size-full\"><img loading=\"lazy\" decoding=\"async\" width=\"612\" height=\"534\" src=\"https:\/\/atecordoba.org\/wp-content\/uploads\/2023\/11\/martillo-justicia.jpg\" alt=\"\" class=\"wp-image-39637\" srcset=\"https:\/\/atecordoba.org\/wp-content\/uploads\/2023\/11\/martillo-justicia.jpg 612w, https:\/\/atecordoba.org\/wp-content\/uploads\/2023\/11\/martillo-justicia-300x262.jpg 300w\" sizes=\"auto, (max-width: 612px) 100vw, 612px\" \/><\/figure>\n<\/div>\n\n\n<p>A trav\u00e9s del Fiscal de Instrucci\u00f3n Distrito 4 Turno 1, Ernesto de Arag\u00f3n, la Justicia provincial se apresta a elevar a juicio al Secretario General de ATE y la CTA Aut\u00f3noma C\u00f3rdoba, Federico Giuliani, por participar de la Marcha contra el Hambre.<\/p>\n\n\n\n<p>La causa impulsada por De Arag\u00f3n, con el aval expl\u00edcito del Fiscal General de la Provincia, Juan Manuel Delgado, incluye a Giuliani \u2013junto a las y los dirigentes sociales Emanuel Berardo, Soledad Cristina D\u00edaz Garc\u00eda, Marisa Viviana Cariddi, Agust\u00edn Nazar y Roxana Alejandra Carezano- en la figura de \u201cDesobediencia a la autoridad e impedimento u obstrucci\u00f3n de transporte o servicios p\u00fablicos en concurso material\u201d, por ser parte y convocar a una protesta contra el ajuste el pasado 5 de abril y en el marco del leg\u00edtimo derecho a peticionar a las autoridades que establece con claridad la Constituci\u00f3n Nacional.<\/p>\n\n\n\n<p>Para construir su acusaci\u00f3n, el fiscal cit\u00f3 como principales testigos a los polic\u00edas que intervinieron en el operativo en el Puente centenario, donde ATE junto a otras organizaciones intervinieron para llevar adelante la protesta, que hab\u00eda sido informada oportunamente a la autoridad competente. Se trata de la misma Polic\u00eda provincial condenada reiteradamente por la pr\u00e1ctica del gatillo f\u00e1cil.<\/p>\n\n\n\n<p>Adem\u00e1s, el fiscal incorpor\u00f3 a la investigaci\u00f3n un informe de \u2018Fuentes Abiertas\u2019 confeccionado por la Direcci\u00f3n General de Investigaciones Criminales (DAIC), Divisi\u00f3n de An\u00e1lisis e Investigaci\u00f3n en las Comunicaciones relevando \u201clos movimientos de las redes sociales de los movimientos sociales involucrados\u201d y junto a \u201clos informes circunstanciados elaborados por la Direcci\u00f3n de Investigaci\u00f3n Operativa de la Polic\u00eda Judicial (DIO)\u201d, seg\u00fan detalla la elevaci\u00f3n a juicio que propone De Arag\u00f3n.<\/p>\n\n\n\n<p>Se analizan all\u00ed los antecedentes de la movilizaci\u00f3n del d\u00eda 5-4-2023, el lugar del hecho, las publicaciones de prensa de las agrupaciones y de los medios de comunicaci\u00f3n, el lugar que ocupan en la estructura de las organizaciones y gremios cada uno de los imputados, dando cuenta del nivel de espionaje a las organizaciones libres del pueblo que impone el Gobierno de C\u00f3rdoba para reprimir la movilizaci\u00f3n y el reclamo colectivo.<\/p>\n\n\n\n<p>La presunta prueba contra Giuliani y los dem\u00e1s dirigentes va de la mano con lo afirmado oportunamente por la Jefa de la Polic\u00eda, Liliana Z\u00e1rate Belletti, quien inform\u00f3 que la Fuerza a su cargo realiza un seguimiento de los perfiles de redes sociales de los dirigentes en la previa de cada marcha.<\/p>\n\n\n\n<p>A eso Z\u00e1rate Belletti sum\u00f3 que la identificaci\u00f3n in situ de los organizadores no es inconveniente ya que despliegan polic\u00edas de civil y cuentan con el registro de cientos de c\u00e1maras dispuestas en la mayor\u00eda de las esquinas del casco c\u00e9ntrico de la ciudad de C\u00f3rdoba. Un combo de inteligencia interior para sofocar el conflicto social que atenta directamente contra el estado de Derecho.<\/p>\n\n\n\n<p>Vale se\u00f1alar tambi\u00e9n que el Fiscal General Delgado fue denunciado en el momento de su nombramiento en la Legislatura por haber sido funcionario del Gobierno de Schiaretti y que su designaci\u00f3n no daba garant\u00edas a la poblaci\u00f3n de imparcialidad en su actuaci\u00f3n como funcionario judicial, que debe ser independiente del Poder Ejecutivo en tanto es parte de otro Poder del Estado.<\/p>\n\n\n\n<p>La actuaci\u00f3n de un fiscal con intervenci\u00f3n directa sobre el centro de la capital provincial confirma que se trata de una Justicia alienada con la pol\u00edtica represiva del Gobierno de C\u00f3rdoba.<\/p>\n\n\n\n<p>La persecuci\u00f3n a Giuliani y los dem\u00e1s dirigentes a trav\u00e9s del Ministerio P\u00fablico Fiscal es el m\u00e9todo instrumentado para amedrentar dirigentes y controlar la protesta social, mientras la crisis econ\u00f3mica somete a la pobreza y la miseria a las y los trabajadores en la provincia, sin que el Gobierno de Schiaretti atienda a resolver las demandas planteadas.<\/p>\n\n\n\n<p>Se trata de m\u00e9todos claramente re\u00f1idos con la convivencia democr\u00e1tica y propios de reg\u00edmenes autoritarios que debieran estar superados despu\u00e9s de 40 a\u00f1os de recuperaci\u00f3n del Estado de Derecho.<\/p>\n","protected":false},"excerpt":{"rendered":"<p>A trav\u00e9s del Fiscal de Instrucci\u00f3n Distrito 4 Turno 1, Ernesto de Arag\u00f3n, la Justicia provincial se apresta a elevar a juicio al Secretario General de ATE y la CTA Aut\u00f3noma C\u00f3rdoba, Federico Giuliani, por participar de la Marcha contra el Hambre. La causa impulsada por De Arag\u00f3n, con el aval expl\u00edcito del Fiscal General [&hellip;]<\/p>\n","protected":false},"author":7,"featured_media":39637,"comment_status":"open","ping_status":"open","sticky":false,"template":"","format":"standard","meta":{"_exactmetrics_skip_tracking":false,"_exactmetrics_sitenote_active":false,"_exactmetrics_sitenote_note":"","_exactmetrics_sitenote_category":0,"jnews-multi-image_gallery":[],"jnews_single_post":{"subtitle":"El Fiscal de Instrucci\u00f3n Distrito 4 Turno 1, Ernesto de Arag\u00f3n, pidi\u00f3 la elevaci\u00f3n a juicio la causa armada contra el secretario General de ATE C\u00f3rdoba, Federico Giuliani, junto a otras y otros cinco dirigentes sociales, por participar en la Marcha contra el Hambre.","format":"standard","video":"","gallery":"","source_name":"","source_url":"","via_name":"","via_url":"","override_template":"0","override":[{"template":"1","single_blog_custom":"","parallax":"1","fullscreen":"1","layout":"no-sidebar-narrow","sidebar":"default-sidebar","second_sidebar":"default-sidebar","sticky_sidebar":"1","share_position":"bottom","share_float_style":"share-monocrhome","show_share_counter":"1","show_view_counter":"1","show_featured":"0","show_post_meta":"1","show_post_author":"0","show_post_author_image":"1","show_post_date":"1","post_date_format":"default","post_date_format_custom":"Y\/m\/d","show_post_category":"1","show_post_reading_time":"0","post_reading_time_wpm":"300","show_zoom_button":"0","zoom_button_out_step":"2","zoom_button_in_step":"3","show_post_tag":"1","show_prev_next_post":"0","show_popup_post":"0","number_popup_post":"1","show_author_box":"0","show_post_related":"1","show_inline_post_related":"0"}],"override_image_size":"0","image_override":[{"single_post_thumbnail_size":"crop-500","single_post_gallery_size":"crop-500"}],"trending_post":"0","trending_post_position":"meta","trending_post_label":"Trending","sponsored_post":"0","sponsored_post_label":"Sponsored by","sponsored_post_name":"","sponsored_post_url":"","sponsored_post_logo_enable":"0","sponsored_post_logo":"","sponsored_post_desc":"","disable_ad":"0"},"jnews_primary_category":{"id":"","hide":""},"jnews_social_meta":{"fb_title":"","fb_description":"","fb_image":"","twitter_title":"","twitter_description":"","twitter_image":""},"jnews_review":[],"enable_review":"0","type":"percentage","name":"","summary":"","brand":"","sku":"","good":[{"good_text":""}],"bad":[{"bad_text":""}],"score_override":"","override_value":"","rating":[{"rating_text":"","rating_number":"10"}],"price":[{"shop":"","price":"","link":"","icon":""}],"jnews_override_counter":{"override_view_counter":"0","view_counter_number":"0","override_share_counter":"0","share_counter_number":"0","override_like_counter":"0","like_counter_number":"0","override_dislike_counter":"0","dislike_counter_number":"0"},"jnews_post_split":{"enable_post_split":"0","post_split":[{"template":"1","tag":"h2","numbering":"asc","mode":"normal","first":"0","enable_toc":"0","toc_type":"normal"}]},"footnotes":""},"categories":[10],"tags":[],"class_list":["post-39636","post","type-post","status-publish","format-standard","has-post-thumbnail","hentry","category-accion-politica"],"jetpack_featured_media_url":"https:\/\/atecordoba.org\/wp-content\/uploads\/2023\/11\/martillo-justicia.jpg","_links":{"self":[{"href":"https:\/\/atecordoba.org\/index.php?rest_route=\/wp\/v2\/posts\/39636","targetHints":{"allow":["GET"]}}],"collection":[{"href":"https:\/\/atecordoba.org\/index.php?rest_route=\/wp\/v2\/posts"}],"about":[{"href":"https:\/\/atecordoba.org\/index.php?rest_route=\/wp\/v2\/types\/post"}],"author":[{"embeddable":true,"href":"https:\/\/atecordoba.org\/index.php?rest_route=\/wp\/v2\/users\/7"}],"replies":[{"embeddable":true,"href":"https:\/\/atecordoba.org\/index.php?rest_route=%2Fwp%2Fv2%2Fcomments&post=39636"}],"version-history":[{"count":1,"href":"https:\/\/atecordoba.org\/index.php?rest_route=\/wp\/v2\/posts\/39636\/revisions"}],"predecessor-version":[{"id":39638,"href":"https:\/\/atecordoba.org\/index.php?rest_route=\/wp\/v2\/posts\/39636\/revisions\/39638"}],"wp:featuredmedia":[{"embeddable":true,"href":"https:\/\/atecordoba.org\/index.php?rest_route=\/wp\/v2\/media\/39637"}],"wp:attachment":[{"href":"https:\/\/atecordoba.org\/index.php?rest_route=%2Fwp%2Fv2%2Fmedia&parent=39636"}],"wp:term":[{"taxonomy":"category","embeddable":true,"href":"https:\/\/atecordoba.org\/index.php?rest_route=%2Fwp%2Fv2%2Fcategories&post=39636"},{"taxonomy":"post_tag","embeddable":true,"href":"https:\/\/atecordoba.org\/index.php?rest_route=%2Fwp%2Fv2%2Ftags&post=39636"}],"curies":[{"name":"wp","href":"https:\/\/api.w.org\/{rel}","templated":true}]}}