{"id":39615,"date":"2023-11-01T09:33:31","date_gmt":"2023-11-01T12:33:31","guid":{"rendered":"https:\/\/atecordoba.org\/?p=39615"},"modified":"2023-11-01T09:33:31","modified_gmt":"2023-11-01T12:33:31","slug":"taller-de-capacitacion-para-delegadas-y-delegados","status":"publish","type":"post","link":"https:\/\/atecordoba.org\/?p=39615","title":{"rendered":"Taller de Capacitaci\u00f3n para delegadas y delegados"},"content":{"rendered":"<div class=\"wp-block-image\">\n<figure class=\"aligncenter size-large is-resized\"><img loading=\"lazy\" decoding=\"async\" src=\"https:\/\/atecordoba.org\/wp-content\/uploads\/2023\/10\/formacion2-11-1024x1024.jpeg\" alt=\"\" class=\"wp-image-39564\" width=\"768\" height=\"768\" srcset=\"https:\/\/atecordoba.org\/wp-content\/uploads\/2023\/10\/formacion2-11-1024x1024.jpeg 1024w, https:\/\/atecordoba.org\/wp-content\/uploads\/2023\/10\/formacion2-11-300x300.jpeg 300w, https:\/\/atecordoba.org\/wp-content\/uploads\/2023\/10\/formacion2-11-150x150.jpeg 150w, https:\/\/atecordoba.org\/wp-content\/uploads\/2023\/10\/formacion2-11-768x768.jpeg 768w, https:\/\/atecordoba.org\/wp-content\/uploads\/2023\/10\/formacion2-11-560x560.jpeg 560w, https:\/\/atecordoba.org\/wp-content\/uploads\/2023\/10\/formacion2-11-75x75.jpeg 75w, https:\/\/atecordoba.org\/wp-content\/uploads\/2023\/10\/formacion2-11-350x350.jpeg 350w, https:\/\/atecordoba.org\/wp-content\/uploads\/2023\/10\/formacion2-11-750x750.jpeg 750w, https:\/\/atecordoba.org\/wp-content\/uploads\/2023\/10\/formacion2-11.jpeg 1080w\" sizes=\"auto, (max-width: 768px) 100vw, 768px\" \/><\/figure>\n<\/div>\n\n\n<p>Ma\u00f1ana 2 de noviembre, a las 15 horas, en la sede del Consejo Directivo Provincial (CDP), ATE C\u00f3rdoba llevar\u00e1 a cabo un \u201cTaller de Capacitaci\u00f3n para candidatos a Delegados y Delegadas y para Delegados y Delegadas en ejercicio\u201d.<\/p>\n\n\n\n<p>La jornada est\u00e1 destinada a compa\u00f1eras y compa\u00f1eros Nacionales, Provinciales y Municipales y es de car\u00e1cter obligatorio.<\/p>\n\n\n\n<p>A los fines de una mejor organizaci\u00f3n los participantes deben inscribirse ingresando&nbsp;<a href=\"https:\/\/docs.google.com\/%E2%80%A6\/1FAIpQLScmr%E2%80%A6\/viewform%E2%80%A6\">aqu\u00ed<\/a>&nbsp;o escaneando el c\u00f3digo QR del flyer.<\/p>\n","protected":false},"excerpt":{"rendered":"<p>Ma\u00f1ana 2 de noviembre, a las 15 horas, en la sede del Consejo Directivo Provincial (CDP), ATE C\u00f3rdoba llevar\u00e1 a cabo un \u201cTaller de Capacitaci\u00f3n para candidatos a Delegados y Delegadas y para Delegados y Delegadas en ejercicio\u201d. La jornada est\u00e1 destinada a compa\u00f1eras y compa\u00f1eros Nacionales, Provinciales y Municipales y es de car\u00e1cter obligatorio. [&hellip;]<\/p>\n","protected":false},"author":7,"featured_media":39566,"comment_status":"open","ping_status":"open","sticky":false,"template":"","format":"standard","meta":{"_exactmetrics_skip_tracking":false,"_exactmetrics_sitenote_active":false,"_exactmetrics_sitenote_note":"","_exactmetrics_sitenote_category":0,"jnews-multi-image_gallery":[],"jnews_single_post":{"subtitle":"La jornada formativa est\u00e1 destinada a Nacionales, Provinciales y Municipales y es de car\u00e1cter obligatorio.","format":"standard","video":"","gallery":"","source_name":"","source_url":"","via_name":"","via_url":"","override_template":"0","override":[{"template":"1","single_blog_custom":"","parallax":"1","fullscreen":"1","layout":"no-sidebar-narrow","sidebar":"default-sidebar","second_sidebar":"default-sidebar","sticky_sidebar":"1","share_position":"bottom","share_float_style":"share-monocrhome","show_share_counter":"1","show_view_counter":"1","show_featured":"0","show_post_meta":"1","show_post_author":"0","show_post_author_image":"1","show_post_date":"1","post_date_format":"default","post_date_format_custom":"Y\/m\/d","show_post_category":"1","show_post_reading_time":"0","post_reading_time_wpm":"300","show_zoom_button":"0","zoom_button_out_step":"2","zoom_button_in_step":"3","show_post_tag":"1","show_prev_next_post":"0","show_popup_post":"0","number_popup_post":"1","show_author_box":"0","show_post_related":"1","show_inline_post_related":"0"}],"override_image_size":"0","image_override":[{"single_post_thumbnail_size":"crop-500","single_post_gallery_size":"crop-500"}],"trending_post":"0","trending_post_position":"meta","trending_post_label":"Trending","sponsored_post":"0","sponsored_post_label":"Sponsored by","sponsored_post_name":"","sponsored_post_url":"","sponsored_post_logo_enable":"0","sponsored_post_logo":"","sponsored_post_desc":"","disable_ad":"0"},"jnews_primary_category":{"id":"","hide":""},"jnews_social_meta":{"fb_title":"","fb_description":"","fb_image":"","twitter_title":"","twitter_description":"","twitter_image":""},"jnews_review":[],"enable_review":"0","type":"percentage","name":"","summary":"","brand":"","sku":"","good":[{"good_text":""}],"bad":[{"bad_text":""}],"score_override":"","override_value":"","rating":[{"rating_text":"","rating_number":"10"}],"price":[{"shop":"","price":"","link":"","icon":""}],"jnews_override_counter":{"override_view_counter":"0","view_counter_number":"0","override_share_counter":"0","share_counter_number":"0","override_like_counter":"0","like_counter_number":"0","override_dislike_counter":"0","dislike_counter_number":"0"},"jnews_post_split":{"enable_post_split":"0","post_split":[{"template":"1","tag":"h2","numbering":"asc","mode":"normal","first":"0","enable_toc":"0","toc_type":"normal"}]},"footnotes":""},"categories":[88],"tags":[],"class_list":["post-39615","post","type-post","status-publish","format-standard","has-post-thumbnail","hentry","category-formacion"],"jetpack_featured_media_url":"https:\/\/atecordoba.org\/wp-content\/uploads\/2023\/10\/formacion2-11por-e1698240654819.jpeg","_links":{"self":[{"href":"https:\/\/atecordoba.org\/index.php?rest_route=\/wp\/v2\/posts\/39615","targetHints":{"allow":["GET"]}}],"collection":[{"href":"https:\/\/atecordoba.org\/index.php?rest_route=\/wp\/v2\/posts"}],"about":[{"href":"https:\/\/atecordoba.org\/index.php?rest_route=\/wp\/v2\/types\/post"}],"author":[{"embeddable":true,"href":"https:\/\/atecordoba.org\/index.php?rest_route=\/wp\/v2\/users\/7"}],"replies":[{"embeddable":true,"href":"https:\/\/atecordoba.org\/index.php?rest_route=%2Fwp%2Fv2%2Fcomments&post=39615"}],"version-history":[{"count":1,"href":"https:\/\/atecordoba.org\/index.php?rest_route=\/wp\/v2\/posts\/39615\/revisions"}],"predecessor-version":[{"id":39616,"href":"https:\/\/atecordoba.org\/index.php?rest_route=\/wp\/v2\/posts\/39615\/revisions\/39616"}],"wp:featuredmedia":[{"embeddable":true,"href":"https:\/\/atecordoba.org\/index.php?rest_route=\/wp\/v2\/media\/39566"}],"wp:attachment":[{"href":"https:\/\/atecordoba.org\/index.php?rest_route=%2Fwp%2Fv2%2Fmedia&parent=39615"}],"wp:term":[{"taxonomy":"category","embeddable":true,"href":"https:\/\/atecordoba.org\/index.php?rest_route=%2Fwp%2Fv2%2Fcategories&post=39615"},{"taxonomy":"post_tag","embeddable":true,"href":"https:\/\/atecordoba.org\/index.php?rest_route=%2Fwp%2Fv2%2Ftags&post=39615"}],"curies":[{"name":"wp","href":"https:\/\/api.w.org\/{rel}","templated":true}]}}