{"id":39558,"date":"2023-10-25T10:24:46","date_gmt":"2023-10-25T13:24:46","guid":{"rendered":"https:\/\/atecordoba.org\/?p=39558"},"modified":"2023-10-25T10:27:54","modified_gmt":"2023-10-25T13:27:54","slug":"radio-nacional-cordoba-celebra-66-anos-con-una-muestra-de-la-memoria-historica","status":"publish","type":"post","link":"https:\/\/atecordoba.org\/?p=39558","title":{"rendered":"Radio Nacional C\u00f3rdoba celebra 66 a\u00f1os con una &#8220;Muestra de la Memoria Hist\u00f3rica&#8221;"},"content":{"rendered":"<div class=\"wp-block-image\">\n<figure class=\"aligncenter size-full is-resized\"><img loading=\"lazy\" decoding=\"async\" src=\"https:\/\/atecordoba.org\/wp-content\/uploads\/2023\/10\/flyerradionacional.jpg\" alt=\"\" class=\"wp-image-39559\" width=\"395\" height=\"395\" srcset=\"https:\/\/atecordoba.org\/wp-content\/uploads\/2023\/10\/flyerradionacional.jpg 526w, https:\/\/atecordoba.org\/wp-content\/uploads\/2023\/10\/flyerradionacional-300x300.jpg 300w, https:\/\/atecordoba.org\/wp-content\/uploads\/2023\/10\/flyerradionacional-150x150.jpg 150w, https:\/\/atecordoba.org\/wp-content\/uploads\/2023\/10\/flyerradionacional-75x75.jpg 75w, https:\/\/atecordoba.org\/wp-content\/uploads\/2023\/10\/flyerradionacional-350x350.jpg 350w\" sizes=\"auto, (max-width: 395px) 100vw, 395px\" \/><\/figure>\n<\/div>\n\n\n<p>Ma\u00f1ana 26 de octubre, a las 19 horas, dar\u00e1 comienzo una &#8220;Muestra de la Memoria Hist\u00f3rica de Radio Nacional C\u00f3rdoba&#8221;, promovida por las y los trabajadores de la emisora p\u00fablica.<\/p>\n\n\n\n<p>En tiempos tan dif\u00edciles como \u00e9stos -tambi\u00e9n para los Medios P\u00fablicos\u2013 las compa\u00f1eras y los compa\u00f1eros de la emisora invitan a todas y todos a participar de un recorrido por sus 66 a\u00f1os de vida.<\/p>\n\n\n\n<p>\u201cSer\u00e1 un encuentro para recordar y compartir. Agend\u00e1 esta fecha. Tu presencia es imprescindible\u201d, destaca el comunicado de invitaci\u00f3n.<\/p>\n\n\n\n<p>El C\u00edrculo Sindical de la Prensa y la Comunicaci\u00f3n de C\u00f3rdoba (Cispren-CTAA) y la Asociaci\u00f3n Trabajadores del Estado (ATE-CTAA), entre otras organizaciones gremiales, tienen zona de actuaci\u00f3n en Radio Nacional.<\/p>\n","protected":false},"excerpt":{"rendered":"<p>Ma\u00f1ana 26 de octubre, a las 19 horas, dar\u00e1 comienzo una &#8220;Muestra de la Memoria Hist\u00f3rica de Radio Nacional C\u00f3rdoba&#8221;, promovida por las y los trabajadores de la emisora p\u00fablica. En tiempos tan dif\u00edciles como \u00e9stos -tambi\u00e9n para los Medios P\u00fablicos\u2013 las compa\u00f1eras y los compa\u00f1eros de la emisora invitan a todas y todos a [&hellip;]<\/p>\n","protected":false},"author":7,"featured_media":39560,"comment_status":"open","ping_status":"open","sticky":false,"template":"","format":"standard","meta":{"_exactmetrics_skip_tracking":false,"_exactmetrics_sitenote_active":false,"_exactmetrics_sitenote_note":"","_exactmetrics_sitenote_category":0,"jnews-multi-image_gallery":[],"jnews_single_post":{"subtitle":"En tiempos tan dif\u00edciles como \u00e9stos -tambi\u00e9n para los Medios P\u00fablicos\u2013 las compa\u00f1eras y los compa\u00f1eros de la emisora invitan a todas y todos a participar de un recorrido por sus 66 a\u00f1os de vida.","format":"standard","video":"","gallery":"","source_name":"","source_url":"","via_name":"","via_url":"","override_template":"0","override":[{"template":"1","single_blog_custom":"","parallax":"1","fullscreen":"1","layout":"no-sidebar-narrow","sidebar":"default-sidebar","second_sidebar":"default-sidebar","sticky_sidebar":"1","share_position":"bottom","share_float_style":"share-monocrhome","show_share_counter":"1","show_view_counter":"1","show_featured":"0","show_post_meta":"1","show_post_author":"0","show_post_author_image":"1","show_post_date":"1","post_date_format":"default","post_date_format_custom":"Y\/m\/d","show_post_category":"1","show_post_reading_time":"0","post_reading_time_wpm":"300","show_zoom_button":"0","zoom_button_out_step":"2","zoom_button_in_step":"3","show_post_tag":"1","show_prev_next_post":"0","show_popup_post":"0","number_popup_post":"1","show_author_box":"0","show_post_related":"1","show_inline_post_related":"0"}],"override_image_size":"0","image_override":[{"single_post_thumbnail_size":"crop-500","single_post_gallery_size":"crop-500"}],"trending_post":"0","trending_post_position":"meta","trending_post_label":"Trending","sponsored_post":"0","sponsored_post_label":"Sponsored by","sponsored_post_name":"","sponsored_post_url":"","sponsored_post_logo_enable":"0","sponsored_post_logo":"","sponsored_post_desc":"","disable_ad":"0"},"jnews_primary_category":{"id":"","hide":""},"jnews_social_meta":{"fb_title":"","fb_description":"","fb_image":"","twitter_title":"","twitter_description":"","twitter_image":""},"jnews_review":[],"enable_review":"0","type":"percentage","name":"","summary":"","brand":"","sku":"","good":[{"good_text":""}],"bad":[{"bad_text":""}],"score_override":"","override_value":"","rating":[{"rating_text":"","rating_number":"10"}],"price":[{"shop":"","price":"","link":"","icon":""}],"jnews_override_counter":{"override_view_counter":"0","view_counter_number":"0","override_share_counter":"0","share_counter_number":"0","override_like_counter":"0","like_counter_number":"0","override_dislike_counter":"0","dislike_counter_number":"0"},"jnews_post_split":{"enable_post_split":"0","post_split":[{"template":"1","tag":"h2","numbering":"asc","mode":"normal","first":"0","enable_toc":"0","toc_type":"normal"}]},"footnotes":""},"categories":[10],"tags":[],"class_list":["post-39558","post","type-post","status-publish","format-standard","has-post-thumbnail","hentry","category-accion-politica"],"jetpack_featured_media_url":"https:\/\/atecordoba.org\/wp-content\/uploads\/2023\/10\/nacionalpor.jpg","_links":{"self":[{"href":"https:\/\/atecordoba.org\/index.php?rest_route=\/wp\/v2\/posts\/39558","targetHints":{"allow":["GET"]}}],"collection":[{"href":"https:\/\/atecordoba.org\/index.php?rest_route=\/wp\/v2\/posts"}],"about":[{"href":"https:\/\/atecordoba.org\/index.php?rest_route=\/wp\/v2\/types\/post"}],"author":[{"embeddable":true,"href":"https:\/\/atecordoba.org\/index.php?rest_route=\/wp\/v2\/users\/7"}],"replies":[{"embeddable":true,"href":"https:\/\/atecordoba.org\/index.php?rest_route=%2Fwp%2Fv2%2Fcomments&post=39558"}],"version-history":[{"count":3,"href":"https:\/\/atecordoba.org\/index.php?rest_route=\/wp\/v2\/posts\/39558\/revisions"}],"predecessor-version":[{"id":39563,"href":"https:\/\/atecordoba.org\/index.php?rest_route=\/wp\/v2\/posts\/39558\/revisions\/39563"}],"wp:featuredmedia":[{"embeddable":true,"href":"https:\/\/atecordoba.org\/index.php?rest_route=\/wp\/v2\/media\/39560"}],"wp:attachment":[{"href":"https:\/\/atecordoba.org\/index.php?rest_route=%2Fwp%2Fv2%2Fmedia&parent=39558"}],"wp:term":[{"taxonomy":"category","embeddable":true,"href":"https:\/\/atecordoba.org\/index.php?rest_route=%2Fwp%2Fv2%2Fcategories&post=39558"},{"taxonomy":"post_tag","embeddable":true,"href":"https:\/\/atecordoba.org\/index.php?rest_route=%2Fwp%2Fv2%2Ftags&post=39558"}],"curies":[{"name":"wp","href":"https:\/\/api.w.org\/{rel}","templated":true}]}}