{"id":3955,"date":"2014-03-27T18:10:28","date_gmt":"2014-03-27T21:10:28","guid":{"rendered":"http:\/\/www.atecordoba.org\/?p=3955"},"modified":"2014-03-27T18:10:28","modified_gmt":"2014-03-27T21:10:28","slug":"ate-logro-la-reincorporacion-de-dos-companeros-del-hospital-rawson","status":"publish","type":"post","link":"https:\/\/atecordoba.org\/?p=3955","title":{"rendered":"ATE logr\u00f3 la reincorporaci\u00f3n de dos compa\u00f1eros del hospital Rawson"},"content":{"rendered":"<p><em>En la jornada de hoy las autoridades del Hospital Rawson confirmaron la reincorporaci\u00f3n de dos compa\u00f1eros que hab\u00edan sido dados de baja. <\/em><\/p>\n<p style=\"text-align: center;\"><a href=\"http:\/\/www.atecordoba.org\/wp-content\/uploads\/2014\/03\/1.png\"><img loading=\"lazy\" decoding=\"async\" class=\"aligncenter  wp-image-3956\" alt=\"1\" src=\"http:\/\/www.atecordoba.org\/wp-content\/uploads\/2014\/03\/1.png\" width=\"560\" height=\"420\" \/><\/a><\/p>\n<p>Los compa\u00f1eros Omar Gribaudo y Pablo Gonz\u00e1lez recibieron ayer la comunicaci\u00f3n que no seguir\u00edan en sus puestos, en su calidad de monotributistas del \u00e1rea administrativa del centro de salud, pero las gestiones realizadas por ATE ante las autoridades del Ministerio de Salud lograron revertir la situaci\u00f3n.<\/p>\n<p>M\u00e1s all\u00e1 de su situaci\u00f3n como monotributistas de ambos compa\u00f1eros, con tres y un a\u00f1o de antig\u00fcedad respectivamente, para ATE todos los trabajadores del Estado provincial tienen derecho a la estabilidad laboral tal como lo establece nuestra Constituci\u00f3n.<\/p>\n<p>Debe rescatarse al actitud de la cartera de Salud por retrotraer la medida y reincorporar a los trabajadores, que da cuenta de la voluntad de di\u00e1logo -tanto de nuestro gremio como de las autoridades-, as\u00ed como del grado de institucionalizaci\u00f3n que viene logrando ATE en la provincia desde que la justicia estableciera con claridad la legalidad de nuestra representaci\u00f3n sindical en C\u00f3rdoba.<\/p>\n<p>De la misma forma, hay que se\u00f1alar que estas graves situaciones se producen por el grado de precarizaci\u00f3n laboral que viven miles de trabajadores provinciales, realidad que ATE est\u00e1 comprometida a cambiar para lograr el pase a planta permanente de todos los monotributos y contratos a plazo, bandera innegociable de nuestro gremio<\/p>\n<p>&nbsp;<\/p>\n","protected":false},"excerpt":{"rendered":"<p>En la jornada de hoy las autoridades del Hospital Rawson confirmaron la reincorporaci\u00f3n de dos compa\u00f1eros que hab\u00edan sido dados de baja. Los compa\u00f1eros Omar Gribaudo y Pablo Gonz\u00e1lez recibieron ayer la comunicaci\u00f3n que no seguir\u00edan en sus puestos, en su calidad de monotributistas del \u00e1rea administrativa del centro de salud, pero las gestiones realizadas [&hellip;]<\/p>\n","protected":false},"author":1,"featured_media":19220,"comment_status":"open","ping_status":"open","sticky":false,"template":"","format":"standard","meta":{"_exactmetrics_skip_tracking":false,"_exactmetrics_sitenote_active":false,"_exactmetrics_sitenote_note":"","_exactmetrics_sitenote_category":0,"jnews-multi-image_gallery":[],"jnews_single_post":[],"jnews_primary_category":[],"jnews_social_meta":[],"jnews_review":[],"enable_review":"","type":"","name":"","summary":"","brand":"","sku":"","good":[],"bad":[],"score_override":"","override_value":"","rating":[],"price":[],"jnews_override_counter":[],"jnews_post_split":[],"footnotes":""},"categories":[7,8],"tags":[],"class_list":["post-3955","post","type-post","status-publish","format-standard","has-post-thumbnail","hentry","category-hospitales","category-provinciales"],"jetpack_featured_media_url":"https:\/\/atecordoba.org\/wp-content\/uploads\/2020\/05\/logo-nuevochico-e1561581322808.png","_links":{"self":[{"href":"https:\/\/atecordoba.org\/index.php?rest_route=\/wp\/v2\/posts\/3955","targetHints":{"allow":["GET"]}}],"collection":[{"href":"https:\/\/atecordoba.org\/index.php?rest_route=\/wp\/v2\/posts"}],"about":[{"href":"https:\/\/atecordoba.org\/index.php?rest_route=\/wp\/v2\/types\/post"}],"author":[{"embeddable":true,"href":"https:\/\/atecordoba.org\/index.php?rest_route=\/wp\/v2\/users\/1"}],"replies":[{"embeddable":true,"href":"https:\/\/atecordoba.org\/index.php?rest_route=%2Fwp%2Fv2%2Fcomments&post=3955"}],"version-history":[{"count":0,"href":"https:\/\/atecordoba.org\/index.php?rest_route=\/wp\/v2\/posts\/3955\/revisions"}],"wp:featuredmedia":[{"embeddable":true,"href":"https:\/\/atecordoba.org\/index.php?rest_route=\/wp\/v2\/media\/19220"}],"wp:attachment":[{"href":"https:\/\/atecordoba.org\/index.php?rest_route=%2Fwp%2Fv2%2Fmedia&parent=3955"}],"wp:term":[{"taxonomy":"category","embeddable":true,"href":"https:\/\/atecordoba.org\/index.php?rest_route=%2Fwp%2Fv2%2Fcategories&post=3955"},{"taxonomy":"post_tag","embeddable":true,"href":"https:\/\/atecordoba.org\/index.php?rest_route=%2Fwp%2Fv2%2Ftags&post=3955"}],"curies":[{"name":"wp","href":"https:\/\/api.w.org\/{rel}","templated":true}]}}