{"id":39533,"date":"2023-10-20T15:47:14","date_gmt":"2023-10-20T18:47:14","guid":{"rendered":"https:\/\/atecordoba.org\/?p=39533"},"modified":"2023-10-20T16:48:54","modified_gmt":"2023-10-20T19:48:54","slug":"aceptan-a-giuliani-como-querellante-en-la-causa-por-el-ataque-la-patota-de-fitipaldi","status":"publish","type":"post","link":"https:\/\/atecordoba.org\/?p=39533","title":{"rendered":"Aceptan a Giuliani como querellante en la causa  por el ataque la patota de Fittipaldi"},"content":{"rendered":"<div class=\"wp-block-image\">\n<figure class=\"alignleft size-full is-resized\"><img loading=\"lazy\" decoding=\"async\" src=\"https:\/\/atecordoba.org\/wp-content\/uploads\/2023\/10\/fede.jpeg\" alt=\"\" class=\"wp-image-39534\" width=\"427\" height=\"427\" srcset=\"https:\/\/atecordoba.org\/wp-content\/uploads\/2023\/10\/fede.jpeg 854w, https:\/\/atecordoba.org\/wp-content\/uploads\/2023\/10\/fede-300x300.jpeg 300w, https:\/\/atecordoba.org\/wp-content\/uploads\/2023\/10\/fede-150x150.jpeg 150w, https:\/\/atecordoba.org\/wp-content\/uploads\/2023\/10\/fede-768x768.jpeg 768w, https:\/\/atecordoba.org\/wp-content\/uploads\/2023\/10\/fede-560x560.jpeg 560w, https:\/\/atecordoba.org\/wp-content\/uploads\/2023\/10\/fede-75x75.jpeg 75w, https:\/\/atecordoba.org\/wp-content\/uploads\/2023\/10\/fede-350x350.jpeg 350w, https:\/\/atecordoba.org\/wp-content\/uploads\/2023\/10\/fede-750x750.jpeg 750w\" sizes=\"auto, (max-width: 427px) 100vw, 427px\" \/><\/figure>\n<\/div>\n\n\n<p><\/p>\n\n\n\n<p>La Fiscal\u00edas de Distrito 1 Turno 6 que interviene en la investigaci\u00f3n por el ataque de una patota, que responde al dirigente sindical Sergio Fittipaldi, a una movilizaci\u00f3n de ATE C\u00f3rdoba, resolvi\u00f3 acceder al pedido de nuestro secretario General Federico Giuliani como querellante particular en dicha causa. <\/p>\n\n\n\n<p>Se trata de un pesquisa judicial que buscar determinar quienes fueron los autores materiales e intelectuales del brutal ataque que sufri\u00f3 un grupo de trabajadoras del PAICOR enroladas en ATE, el 28 de julio de 2022, que marchaban hacia Casa de Gobierno a reclamar mejoras salariales y de condiciones de trabajo, cuando al llegar a la esquina de nuestro gremio, un grupo armado con armas de fuego, palos y distintos objetos contundentes las golpe\u00f3 salvajemente para impedir que realizaran la protesta. <\/p>\n\n\n\n<p>As\u00ed a los golpes arriaron a las compa\u00f1eras durante media cuadra hasta que pudieron refugiarse dentro de ATE. La polic\u00eda no intervino a pesar de encontrarse en el lugar y de estar enfrente el Servicio Penitenciario de la provincia.<\/p>\n\n\n\n<p>Ahora, a m\u00e1s de una a\u00f1o de sucedidos los hechos, la fiscal\u00eda hace lugar al pedido de Giuliani.<\/p>\n\n\n\n<p>Para la abogada de ATE Mar\u00eda Terragno, que tambi\u00e9n fue parte del grupo de mujeres golpeadas en aquella ocasi\u00f3n, la resoluci\u00f3n judicial &#8220;significa que como v\u00edctima de un delito puede ser parte de la causa. Esto abre la posibilidad de ofrecer prueba y controlar el proceso penal, y es muy importante a la hora de impulsar la causa&#8221;.<\/p>\n\n\n\n<p>En tal sentido, Federico Giuliani destac\u00f3 la lentitud de la Justicia &#8220;frente a un hecho sucedido en 2022, evidentemente hay una administraci\u00f3n de justicia muy lenta para algunas cosas. R\u00e1pida con los d\u00e9biles y lenta con los poderosos&#8221;.<\/p>\n\n\n\n<p>A pesar de esto, el dirigente valor\u00f3 &#8220;la importancia que un hecho de estas caracter\u00edsticas no quede impune, una grav\u00edsima patoteada de una barra brava contra un grupo de trabajadoras&#8221;. <\/p>\n\n\n<div class=\"wp-block-image\">\n<figure class=\"aligncenter size-full is-resized\"><img loading=\"lazy\" decoding=\"async\" src=\"https:\/\/atecordoba.org\/wp-content\/uploads\/2023\/10\/ataque.jpg\" alt=\"\" class=\"wp-image-39535\" width=\"768\" height=\"432\" \/><\/figure>\n<\/div>\n\n\n<p>Y alent\u00f3 &#8220;la posibilidad de que vayamos a fondo, esto no se debe naturalizar&#8221;. <\/p>\n\n\n\n<p>Vale recordar que en su momento, la Legislatura emiti\u00f3 una declaraci\u00f3n repudiando los hechos, pero ello no fue obst\u00e1culo para que el actual gobernador Mart\u00edn Llaryora integrase a Fittipaldi en la lista de candidatos a legisladores del oficialismo.<\/p>\n\n\n\n<p>Giuliani relacion\u00f3 el ataque con que &#8220;Fittipaldi fue un nene mimado del schiarettismo, que le garantizaba los negocios de tercerizaci\u00f3n de la limpieza de los edificios p\u00fablicos, mientras la compa\u00f1eras de limpieza cobran salarios por debajo de la l\u00ednea de la indigencia&#8221;.<\/p>\n\n\n\n<p>Y concluy\u00f3 se\u00f1alando que &#8220;nuestra lucha es pac\u00edfica y tiene que ver con la libertad sindical de poder elegir qu\u00e9 gremio quer\u00e9s que te represente. Los Fitipaldi son dirigentes ricos con trabajadores pobres&#8221;.<\/p>\n\n\n\n<p>Fittipaldi ya se encuentra investigado en una causa penal por el asesinato de una afiliada de su gremio en el marco de la interna que lo enfrenta con una lista opositora para la renovaci\u00f3n de la conducci\u00f3n del gremio que preside, el Soelsac. <\/p>\n","protected":false},"excerpt":{"rendered":"<p>La Fiscal\u00edas de Distrito 1 Turno 6 que interviene en la investigaci\u00f3n por el ataque de una patota, que responde al dirigente sindical Sergio Fittipaldi, a una movilizaci\u00f3n de ATE C\u00f3rdoba, resolvi\u00f3 acceder al pedido de nuestro secretario General Federico Giuliani como querellante particular en dicha causa. Se trata de un pesquisa judicial que buscar [&hellip;]<\/p>\n","protected":false},"author":7,"featured_media":39535,"comment_status":"open","ping_status":"open","sticky":false,"template":"","format":"standard","meta":{"_exactmetrics_skip_tracking":false,"_exactmetrics_sitenote_active":false,"_exactmetrics_sitenote_note":"","_exactmetrics_sitenote_category":0,"jnews-multi-image_gallery":[],"jnews_single_post":{"subtitle":"Federico Giuliani relacion\u00f3 el ataque con que \"Sergio Fittipaldi fue un nene mimado del schiarettismo, que le garantizaba los negocios de tercerizaci\u00f3n de la limpieza de los edificios p\u00fablicos, mientras la compa\u00f1eras de limpieza cobran salarios por debajo de la l\u00ednea de la indigencia\".","format":"standard","video":"","gallery":"","source_name":"","source_url":"","via_name":"","via_url":"","override_template":"0","override":[{"template":"1","single_blog_custom":"","parallax":"1","fullscreen":"1","layout":"no-sidebar-narrow","sidebar":"default-sidebar","second_sidebar":"default-sidebar","sticky_sidebar":"1","share_position":"bottom","share_float_style":"share-monocrhome","show_share_counter":"1","show_view_counter":"1","show_featured":"0","show_post_meta":"1","show_post_author":"0","show_post_author_image":"1","show_post_date":"1","post_date_format":"default","post_date_format_custom":"Y\/m\/d","show_post_category":"1","show_post_reading_time":"0","post_reading_time_wpm":"300","show_zoom_button":"0","zoom_button_out_step":"2","zoom_button_in_step":"3","show_post_tag":"1","show_prev_next_post":"0","show_popup_post":"0","number_popup_post":"1","show_author_box":"0","show_post_related":"1","show_inline_post_related":"0"}],"override_image_size":"0","image_override":[{"single_post_thumbnail_size":"crop-500","single_post_gallery_size":"crop-500"}],"trending_post":"0","trending_post_position":"meta","trending_post_label":"Trending","sponsored_post":"0","sponsored_post_label":"Sponsored by","sponsored_post_name":"","sponsored_post_url":"","sponsored_post_logo_enable":"0","sponsored_post_logo":"","sponsored_post_desc":"","disable_ad":"0"},"jnews_primary_category":{"id":"","hide":""},"jnews_social_meta":{"fb_title":"","fb_description":"","fb_image":"","twitter_title":"","twitter_description":"","twitter_image":""},"jnews_review":[],"enable_review":"0","type":"percentage","name":"","summary":"","brand":"","sku":"","good":[{"good_text":""}],"bad":[{"bad_text":""}],"score_override":"","override_value":"","rating":[{"rating_text":"","rating_number":"10"}],"price":[{"shop":"","price":"","link":"","icon":""}],"jnews_override_counter":{"override_view_counter":"0","view_counter_number":"0","override_share_counter":"0","share_counter_number":"0","override_like_counter":"0","like_counter_number":"0","override_dislike_counter":"0","dislike_counter_number":"0"},"jnews_post_split":{"enable_post_split":"0","post_split":[{"template":"1","tag":"h2","numbering":"asc","mode":"normal","first":"0","enable_toc":"0","toc_type":"normal"}]},"footnotes":""},"categories":[10],"tags":[],"class_list":["post-39533","post","type-post","status-publish","format-standard","has-post-thumbnail","hentry","category-accion-politica"],"jetpack_featured_media_url":"https:\/\/atecordoba.org\/wp-content\/uploads\/2023\/10\/ataque-e1697827627558.jpg","_links":{"self":[{"href":"https:\/\/atecordoba.org\/index.php?rest_route=\/wp\/v2\/posts\/39533","targetHints":{"allow":["GET"]}}],"collection":[{"href":"https:\/\/atecordoba.org\/index.php?rest_route=\/wp\/v2\/posts"}],"about":[{"href":"https:\/\/atecordoba.org\/index.php?rest_route=\/wp\/v2\/types\/post"}],"author":[{"embeddable":true,"href":"https:\/\/atecordoba.org\/index.php?rest_route=\/wp\/v2\/users\/7"}],"replies":[{"embeddable":true,"href":"https:\/\/atecordoba.org\/index.php?rest_route=%2Fwp%2Fv2%2Fcomments&post=39533"}],"version-history":[{"count":2,"href":"https:\/\/atecordoba.org\/index.php?rest_route=\/wp\/v2\/posts\/39533\/revisions"}],"predecessor-version":[{"id":39538,"href":"https:\/\/atecordoba.org\/index.php?rest_route=\/wp\/v2\/posts\/39533\/revisions\/39538"}],"wp:featuredmedia":[{"embeddable":true,"href":"https:\/\/atecordoba.org\/index.php?rest_route=\/wp\/v2\/media\/39535"}],"wp:attachment":[{"href":"https:\/\/atecordoba.org\/index.php?rest_route=%2Fwp%2Fv2%2Fmedia&parent=39533"}],"wp:term":[{"taxonomy":"category","embeddable":true,"href":"https:\/\/atecordoba.org\/index.php?rest_route=%2Fwp%2Fv2%2Fcategories&post=39533"},{"taxonomy":"post_tag","embeddable":true,"href":"https:\/\/atecordoba.org\/index.php?rest_route=%2Fwp%2Fv2%2Ftags&post=39533"}],"curies":[{"name":"wp","href":"https:\/\/api.w.org\/{rel}","templated":true}]}}