{"id":39525,"date":"2023-10-20T13:44:53","date_gmt":"2023-10-20T16:44:53","guid":{"rendered":"https:\/\/atecordoba.org\/?p=39525"},"modified":"2023-10-20T14:01:46","modified_gmt":"2023-10-20T17:01:46","slug":"mina-clavero-ate-pide-la-convocatoria-de-la-mesa-de-relaciones-laborales","status":"publish","type":"post","link":"https:\/\/atecordoba.org\/?p=39525","title":{"rendered":"Mina Clavero: ATE pide la convocatoria de la Mesa de Relaciones Laborales para tratar los pases a planta permanente"},"content":{"rendered":"<div class=\"wp-block-image\">\n<figure class=\"aligncenter size-full is-resized\"><img loading=\"lazy\" decoding=\"async\" src=\"https:\/\/atecordoba.org\/wp-content\/uploads\/2023\/10\/mina-clavero-1024x680-1.jpg\" alt=\"\" class=\"wp-image-39527\" width=\"512\" height=\"340\" \/><\/figure>\n<\/div>\n\n\n<p>En su condici\u00f3n de gremio mayoritario en la Municipalidad de Mina Clavero, ATE solicit\u00f3 al Departamento Ejecutivo la convocatoria a la Mesa de Relaciones Laborales que dispone la comuna para tratar temas relativos a las y los trabajadores del sector. <\/p>\n\n\n\n<p>La delegaci\u00f3n ATE Traslasierra ya viene manteniendo di\u00e1logo con el Ejecutivo y ahora cumple con la formalidad de solicitar la convocatoria.<\/p>\n\n\n\n<p>En la ocasi\u00f3n, ATE presentar\u00e1 un proyecto de pase a planta permanente para que sea trabajado en esta mesa entre la gesti\u00f3n ejecutiva que finaliza su mandato y la nueva gesti\u00f3n municipal. La Mesa de Relaciones laborales estar\u00e1 integrada por ATE, el Departamento Ejecutivo y los dos bloques de concejales del Concejo Deliberante.<\/p>\n\n\n\n<p>Desde este a\u00f1o las y los municipales se sumaron masivamente a nuestra organizaci\u00f3n para que los represente.<\/p>\n\n\n<div class=\"wp-block-image\">\n<figure class=\"aligncenter size-large is-resized\"><img loading=\"lazy\" decoding=\"async\" src=\"https:\/\/atecordoba.org\/wp-content\/uploads\/2023\/10\/WhatsApp-Image-2023-10-20-at-13.06.30-576x1024.jpeg\" alt=\"\" class=\"wp-image-39526\" width=\"432\" height=\"768\" srcset=\"https:\/\/atecordoba.org\/wp-content\/uploads\/2023\/10\/WhatsApp-Image-2023-10-20-at-13.06.30-576x1024.jpeg 576w, https:\/\/atecordoba.org\/wp-content\/uploads\/2023\/10\/WhatsApp-Image-2023-10-20-at-13.06.30-169x300.jpeg 169w, https:\/\/atecordoba.org\/wp-content\/uploads\/2023\/10\/WhatsApp-Image-2023-10-20-at-13.06.30.jpeg 720w\" sizes=\"auto, (max-width: 432px) 100vw, 432px\" \/><\/figure>\n<\/div>","protected":false},"excerpt":{"rendered":"<p>En su condici\u00f3n de gremio mayoritario en la Municipalidad de Mina Clavero, ATE solicit\u00f3 al Departamento Ejecutivo la convocatoria a la Mesa de Relaciones Laborales que dispone la comuna para tratar temas relativos a las y los trabajadores del sector. La delegaci\u00f3n ATE Traslasierra ya viene manteniendo di\u00e1logo con el Ejecutivo y ahora cumple con [&hellip;]<\/p>\n","protected":false},"author":7,"featured_media":39527,"comment_status":"open","ping_status":"open","sticky":false,"template":"","format":"standard","meta":{"_exactmetrics_skip_tracking":false,"_exactmetrics_sitenote_active":false,"_exactmetrics_sitenote_note":"","_exactmetrics_sitenote_category":0,"jnews-multi-image_gallery":[],"jnews_single_post":{"subtitle":"Desde este a\u00f1o las y los municipales se sumaron masivamente a nuestra organizaci\u00f3n para que las y los represente.","format":"standard","video":"","gallery":"","source_name":"","source_url":"","via_name":"","via_url":"","override_template":"0","override":[{"template":"1","single_blog_custom":"","parallax":"1","fullscreen":"1","layout":"no-sidebar-narrow","sidebar":"default-sidebar","second_sidebar":"default-sidebar","sticky_sidebar":"1","share_position":"bottom","share_float_style":"share-monocrhome","show_share_counter":"1","show_view_counter":"1","show_featured":"0","show_post_meta":"1","show_post_author":"0","show_post_author_image":"1","show_post_date":"1","post_date_format":"default","post_date_format_custom":"Y\/m\/d","show_post_category":"1","show_post_reading_time":"0","post_reading_time_wpm":"300","show_zoom_button":"0","zoom_button_out_step":"2","zoom_button_in_step":"3","show_post_tag":"1","show_prev_next_post":"0","show_popup_post":"0","number_popup_post":"1","show_author_box":"0","show_post_related":"1","show_inline_post_related":"0"}],"override_image_size":"0","image_override":[{"single_post_thumbnail_size":"crop-500","single_post_gallery_size":"crop-500"}],"trending_post":"0","trending_post_position":"meta","trending_post_label":"Trending","sponsored_post":"0","sponsored_post_label":"Sponsored by","sponsored_post_name":"","sponsored_post_url":"","sponsored_post_logo_enable":"0","sponsored_post_logo":"","sponsored_post_desc":"","disable_ad":"0"},"jnews_primary_category":{"id":"","hide":""},"jnews_social_meta":{"fb_title":"","fb_description":"","fb_image":"","twitter_title":"","twitter_description":"","twitter_image":""},"jnews_review":[],"enable_review":"0","type":"percentage","name":"","summary":"","brand":"","sku":"","good":[{"good_text":""}],"bad":[{"bad_text":""}],"score_override":"","override_value":"","rating":[{"rating_text":"","rating_number":"10"}],"price":[{"shop":"","price":"","link":"","icon":""}],"jnews_override_counter":{"override_view_counter":"0","view_counter_number":"0","override_share_counter":"0","share_counter_number":"0","override_like_counter":"0","like_counter_number":"0","override_dislike_counter":"0","dislike_counter_number":"0"},"jnews_post_split":{"enable_post_split":"0","post_split":[{"template":"1","tag":"h2","numbering":"asc","mode":"normal","first":"0","enable_toc":"0","toc_type":"normal"}]},"footnotes":""},"categories":[20,1],"tags":[],"class_list":["post-39525","post","type-post","status-publish","format-standard","has-post-thumbnail","hentry","category-municipales","category-sin-categoria"],"jetpack_featured_media_url":"https:\/\/atecordoba.org\/wp-content\/uploads\/2023\/10\/mina-clavero-1024x680-1-e1697821301627.jpg","_links":{"self":[{"href":"https:\/\/atecordoba.org\/index.php?rest_route=\/wp\/v2\/posts\/39525","targetHints":{"allow":["GET"]}}],"collection":[{"href":"https:\/\/atecordoba.org\/index.php?rest_route=\/wp\/v2\/posts"}],"about":[{"href":"https:\/\/atecordoba.org\/index.php?rest_route=\/wp\/v2\/types\/post"}],"author":[{"embeddable":true,"href":"https:\/\/atecordoba.org\/index.php?rest_route=\/wp\/v2\/users\/7"}],"replies":[{"embeddable":true,"href":"https:\/\/atecordoba.org\/index.php?rest_route=%2Fwp%2Fv2%2Fcomments&post=39525"}],"version-history":[{"count":2,"href":"https:\/\/atecordoba.org\/index.php?rest_route=\/wp\/v2\/posts\/39525\/revisions"}],"predecessor-version":[{"id":39532,"href":"https:\/\/atecordoba.org\/index.php?rest_route=\/wp\/v2\/posts\/39525\/revisions\/39532"}],"wp:featuredmedia":[{"embeddable":true,"href":"https:\/\/atecordoba.org\/index.php?rest_route=\/wp\/v2\/media\/39527"}],"wp:attachment":[{"href":"https:\/\/atecordoba.org\/index.php?rest_route=%2Fwp%2Fv2%2Fmedia&parent=39525"}],"wp:term":[{"taxonomy":"category","embeddable":true,"href":"https:\/\/atecordoba.org\/index.php?rest_route=%2Fwp%2Fv2%2Fcategories&post=39525"},{"taxonomy":"post_tag","embeddable":true,"href":"https:\/\/atecordoba.org\/index.php?rest_route=%2Fwp%2Fv2%2Ftags&post=39525"}],"curies":[{"name":"wp","href":"https:\/\/api.w.org\/{rel}","templated":true}]}}