{"id":3950,"date":"2014-03-26T18:39:20","date_gmt":"2014-03-26T21:39:20","guid":{"rendered":"http:\/\/www.atecordoba.org\/?p=3950"},"modified":"2014-03-26T18:39:20","modified_gmt":"2014-03-26T21:39:20","slug":"solidaridad-con-no-docentes-despedidos-en-la-universidad-nacional-de-cuyo","status":"publish","type":"post","link":"https:\/\/atecordoba.org\/?p=3950","title":{"rendered":"Solidaridad con no docentes despedidos en la Universidad Nacional de Cuyo"},"content":{"rendered":"<p align=\"right\">\n<p><em>El plenario de delegados no docentes de la Universidad Nacional de C\u00f3rdoba expres\u00f3 su m\u00e1s absoluta solidaridad con los compa\u00f1eros no docentes despedidos en la Universidad Nacional de Cuyo (UNCu) y repudi\u00f3 a las autoridades que llevaron a cabo la medida.<\/em><\/p>\n<p style=\"text-align: center;\"><a href=\"http:\/\/www.atecordoba.org\/wp-content\/uploads\/2014\/03\/UNCu.jpg\"><img loading=\"lazy\" decoding=\"async\" class=\"aligncenter size-full wp-image-3951\" alt=\"UNCu\" src=\"http:\/\/www.atecordoba.org\/wp-content\/uploads\/2014\/03\/UNCu.jpg\" width=\"584\" height=\"292\" \/><\/a><\/p>\n<p>Los despidos se produjeron en el marco de la persecuci\u00f3n a militantes sindicales que se produce en esa casa de estudios. ATE sigue reclamando libertad y democracia sindical en el sistema universitario p\u00fablico, ya que no es posible que los trabajadores no tengamos derecho a elegir qu\u00e9 gremio nos representa.<\/p>\n<p>Estos despidos expresan tambi\u00e9n la falta de garant\u00edas y de estabilidad laboral en las distintas universidades nacionales del pa\u00eds y nos compromete m\u00e1s aun en la lucha por el pase a planta de todos los trabajadores precarizados que cumplen funciones en el Estado.<\/p>\n<p>A pesar de los aprietes y las extorciones, los trabajadores no docentes de las universidades nacionales seguiremos eligiendo a la Asociaci\u00f3n Trabajadores del Estado para que nos represente.<\/p>\n<p align=\"right\">Francisco Pavan<\/p>\n<p align=\"right\">Vocal \u00a0&#8211; ATE C\u00f3rdoba<\/p>\n<p align=\"right\">No docente UNC<\/p>\n<p>&nbsp;<\/p>\n","protected":false},"excerpt":{"rendered":"<p>El plenario de delegados no docentes de la Universidad Nacional de C\u00f3rdoba expres\u00f3 su m\u00e1s absoluta solidaridad con los compa\u00f1eros no docentes despedidos en la Universidad Nacional de Cuyo (UNCu) y repudi\u00f3 a las autoridades que llevaron a cabo la medida. Los despidos se produjeron en el marco de la persecuci\u00f3n a militantes sindicales que [&hellip;]<\/p>\n","protected":false},"author":1,"featured_media":19220,"comment_status":"open","ping_status":"open","sticky":false,"template":"","format":"standard","meta":{"_exactmetrics_skip_tracking":false,"_exactmetrics_sitenote_active":false,"_exactmetrics_sitenote_note":"","_exactmetrics_sitenote_category":0,"jnews-multi-image_gallery":[],"jnews_single_post":[],"jnews_primary_category":[],"jnews_social_meta":[],"jnews_review":[],"enable_review":"","type":"","name":"","summary":"","brand":"","sku":"","good":[],"bad":[],"score_override":"","override_value":"","rating":[],"price":[],"jnews_override_counter":[],"jnews_post_split":[],"footnotes":""},"categories":[18,89],"tags":[],"class_list":["post-3950","post","type-post","status-publish","format-standard","has-post-thumbnail","hentry","category-nacionales","category-unc"],"jetpack_featured_media_url":"https:\/\/atecordoba.org\/wp-content\/uploads\/2020\/05\/logo-nuevochico-e1561581322808.png","_links":{"self":[{"href":"https:\/\/atecordoba.org\/index.php?rest_route=\/wp\/v2\/posts\/3950","targetHints":{"allow":["GET"]}}],"collection":[{"href":"https:\/\/atecordoba.org\/index.php?rest_route=\/wp\/v2\/posts"}],"about":[{"href":"https:\/\/atecordoba.org\/index.php?rest_route=\/wp\/v2\/types\/post"}],"author":[{"embeddable":true,"href":"https:\/\/atecordoba.org\/index.php?rest_route=\/wp\/v2\/users\/1"}],"replies":[{"embeddable":true,"href":"https:\/\/atecordoba.org\/index.php?rest_route=%2Fwp%2Fv2%2Fcomments&post=3950"}],"version-history":[{"count":0,"href":"https:\/\/atecordoba.org\/index.php?rest_route=\/wp\/v2\/posts\/3950\/revisions"}],"wp:featuredmedia":[{"embeddable":true,"href":"https:\/\/atecordoba.org\/index.php?rest_route=\/wp\/v2\/media\/19220"}],"wp:attachment":[{"href":"https:\/\/atecordoba.org\/index.php?rest_route=%2Fwp%2Fv2%2Fmedia&parent=3950"}],"wp:term":[{"taxonomy":"category","embeddable":true,"href":"https:\/\/atecordoba.org\/index.php?rest_route=%2Fwp%2Fv2%2Fcategories&post=3950"},{"taxonomy":"post_tag","embeddable":true,"href":"https:\/\/atecordoba.org\/index.php?rest_route=%2Fwp%2Fv2%2Ftags&post=3950"}],"curies":[{"name":"wp","href":"https:\/\/api.w.org\/{rel}","templated":true}]}}