{"id":39490,"date":"2023-10-20T11:16:43","date_gmt":"2023-10-20T14:16:43","guid":{"rendered":"https:\/\/atecordoba.org\/?p=39490"},"modified":"2023-10-20T11:20:19","modified_gmt":"2023-10-20T14:20:19","slug":"segundo-modulo-de-formacion-en-violencia-de-generos-abordo-la-ley-olimpia","status":"publish","type":"post","link":"https:\/\/atecordoba.org\/?p=39490","title":{"rendered":"Tercer m\u00f3dulo de formaci\u00f3n en violencia de g\u00e9neros abord\u00f3 la Ley Olimpia"},"content":{"rendered":"<div class=\"wp-block-image\">\n<figure class=\"aligncenter size-large is-resized\"><img loading=\"lazy\" decoding=\"async\" src=\"https:\/\/atecordoba.org\/wp-content\/uploads\/2023\/10\/Imagen-de-WhatsApp-2023-10-20-a-las-08.25.26_4e61aecb-1024x683.jpg\" alt=\"\" class=\"wp-image-39491\" width=\"768\" height=\"512\" \/><\/figure>\n<\/div>\n\n\n<p>En cumplimiento del\u00a0<a href=\"https:\/\/atecordoba.org\/?p=39100\">fallo judicial<\/a>\u00a0que ordena a los cuatro afiliados a realizar capacitaciones debido a sus agresiones por motivos de g\u00e9nero y violencia pol\u00edtica que sufri\u00f3 la secretaria de Prensa de ATE C\u00f3rdoba, Julia Giuliani, se dict\u00f3 en ATE el segundo m\u00f3dulo del taller de formaci\u00f3n, en el contexto de la aprobaci\u00f3n en el Congreso Nacional la semana pasada la ley Olimpia, que incorpora a la Ley 26485 el delito\u00a0contra mujeres en entornos digitales como otra forma de violencia machista.<\/p>\n\n\n\n<p>En la ocasi\u00f3n, las especialistas Raquel y Lila Farfan dictaron el curso ante un auditorio muy nutrido de dirigentes de ATE Cordoba, encabezados por nuestro secretario General Federico Giuliani, junto a delegadas y delegados de sectores nacionales, provinciales y municipales, destac\u00e1ndose -como resalt\u00f3 la secretaria G\u00e9neros y Diversidades a cargo de la actividad, Mar\u00eda Spaventa-, importante presencia de varones, preocupados en capacitarse en la materia. <\/p>\n\n\n<div class=\"wp-block-image\">\n<figure class=\"alignleft size-large is-resized\"><img loading=\"lazy\" decoding=\"async\" src=\"https:\/\/atecordoba.org\/wp-content\/uploads\/2023\/10\/Imagen-de-WhatsApp-2023-10-20-a-las-08.25.21_26e9d5c4-1024x683.jpg\" alt=\"\" class=\"wp-image-39492\" width=\"512\" height=\"342\" srcset=\"https:\/\/atecordoba.org\/wp-content\/uploads\/2023\/10\/Imagen-de-WhatsApp-2023-10-20-a-las-08.25.21_26e9d5c4-1024x683.jpg 1024w, https:\/\/atecordoba.org\/wp-content\/uploads\/2023\/10\/Imagen-de-WhatsApp-2023-10-20-a-las-08.25.21_26e9d5c4-300x200.jpg 300w, https:\/\/atecordoba.org\/wp-content\/uploads\/2023\/10\/Imagen-de-WhatsApp-2023-10-20-a-las-08.25.21_26e9d5c4-768x512.jpg 768w, https:\/\/atecordoba.org\/wp-content\/uploads\/2023\/10\/Imagen-de-WhatsApp-2023-10-20-a-las-08.25.21_26e9d5c4-750x500.jpg 750w, https:\/\/atecordoba.org\/wp-content\/uploads\/2023\/10\/Imagen-de-WhatsApp-2023-10-20-a-las-08.25.21_26e9d5c4-1140x761.jpg 1140w, https:\/\/atecordoba.org\/wp-content\/uploads\/2023\/10\/Imagen-de-WhatsApp-2023-10-20-a-las-08.25.21_26e9d5c4.jpg 1280w\" sizes=\"auto, (max-width: 512px) 100vw, 512px\" \/><\/figure>\n<\/div>\n\n\n<p>&#8220;Trabajamos sobre la la ley Olimpia, con la alegr\u00eda de saber que fue aprobada en el Congreso Nacional&#8221;, dijo Spaventa. Y explic\u00f3 que &#8220;la norma incorpora como formas de violencia digital dentro del criterio general de violencias de g\u00e9neros. Fue muy fruct\u00edfero porque aporta contenidos nuevos, aprendimos conceptos que no ten\u00edamos familiarizados. Muy interesante la propuesta del \u2018violent\u00f3metro\u2019 que ilustra gr\u00e1ficamente hasta d\u00f3nde puede llegar la violencia digital. Es importante para nosotras y para nuestras familias porque la digitalizaci\u00f3n es parte de la vida cotidiana, y sirve para prevenir esta violencia con nuestros hijos o hijas&#8221;, dijo la dirigente, trabajadora del Ministerio de Desarrollo Social de la Naci\u00f3n. .<\/p>\n\n\n\n<p>Spaventa dijo que &#8220;la violencia hacia las mujeres no es solo f\u00edsica, hay parte de nuestras vidas que pasa por las redes sociales y tambi\u00e9n se volvi\u00f3 un plano donde se ejerce violencia hacia las mujeres y las diversidades. Hay que destacar que no se trata solo de violencia sexual sino tambi\u00e9n que hay otros tipos de violencia que se ven reflejadas en las redes&#8221;, situaci\u00f3n que precisamente vivi\u00f3 Julia Giuliani y que fundament\u00f3 el mencionado fallo judicial. <\/p>\n\n\n\n<p>Adem\u00e1s, la secretaria de G\u00e9neros y Diversidades valor\u00f3 &#8220;un lindo debate entre las y los compa\u00f1eros que asistimos, Lila y Raquel que fueron muy claras en sus exposiciones. Estamos muy agradecidos desde el Departamento que se haya podido construir esta instancia de intercambio y di\u00e1logo&#8221;.<\/p>\n\n\n\n<p>Y finaliz\u00f3 conceptuando que &#8220;esto contribuye a la formaci\u00f3n de nuestras delegadas y delegados a partir de un criterio pol\u00edtico que est\u00e1 a la altura de las circunstancias de lo que estamos viviendo y ubica a ATE a la vanguardia de la defensa de nuestros derechos como mujeres, como diversidades, avanzando en esa conciencia&#8221;.<\/p>\n\n\n\n<p><strong>La ley Olimpia<\/strong><\/p>\n\n\n\n<p>(fuente: diario Pagina\/12)<\/p>\n\n\n<div class=\"wp-block-image\">\n<figure class=\"alignright size-large is-resized\"><img loading=\"lazy\" decoding=\"async\" src=\"https:\/\/atecordoba.org\/wp-content\/uploads\/2023\/10\/Imagen-de-WhatsApp-2023-10-20-a-las-08.25.22_93341ce3-1024x683.jpg\" alt=\"\" class=\"wp-image-39493\" width=\"512\" height=\"342\" srcset=\"https:\/\/atecordoba.org\/wp-content\/uploads\/2023\/10\/Imagen-de-WhatsApp-2023-10-20-a-las-08.25.22_93341ce3-1024x683.jpg 1024w, https:\/\/atecordoba.org\/wp-content\/uploads\/2023\/10\/Imagen-de-WhatsApp-2023-10-20-a-las-08.25.22_93341ce3-300x200.jpg 300w, https:\/\/atecordoba.org\/wp-content\/uploads\/2023\/10\/Imagen-de-WhatsApp-2023-10-20-a-las-08.25.22_93341ce3-768x512.jpg 768w, https:\/\/atecordoba.org\/wp-content\/uploads\/2023\/10\/Imagen-de-WhatsApp-2023-10-20-a-las-08.25.22_93341ce3-750x500.jpg 750w, https:\/\/atecordoba.org\/wp-content\/uploads\/2023\/10\/Imagen-de-WhatsApp-2023-10-20-a-las-08.25.22_93341ce3-1140x761.jpg 1140w, https:\/\/atecordoba.org\/wp-content\/uploads\/2023\/10\/Imagen-de-WhatsApp-2023-10-20-a-las-08.25.22_93341ce3.jpg 1280w\" sizes=\"auto, (max-width: 512px) 100vw, 512px\" \/><\/figure>\n<\/div>\n\n\n<p>El Senado vot\u00f3 por unanimidad la llamada Ley Olimpia, que incorpora la violencia contra mujeres en entornos digitales a la Ley 26.485 como otra forma de violencia machista. Y prev\u00e9 una serie de medidas cautelares de protecci\u00f3n que puede dictar la justicia, entre ellas, ordenar a las plataformas digitales la eliminaci\u00f3n de los contenidos que generan la violencia y adem\u00e1s establece la creaci\u00f3n de un programa de alfabetizaci\u00f3n digital y buenas pr\u00e1cticas en el uso de las TICs para las mujeres. Pero no fue una sanci\u00f3n definitiva, aunque ten\u00eda media sanci\u00f3n de Diputados. El proyecto debe volver a la C\u00e1mara baja porque se cometi\u00f3 un error en Diputados al transcribir un art\u00edculo modificado y el texto que se envi\u00f3 al Senado lleg\u00f3 sin dos palabras (\u201cparticipaci\u00f3n pol\u00edtica\u201d); a la vez se le incorpor\u00f3 el t\u00e9rmino \u201ctelem\u00e1tica\u201d como sin\u00f3nimo de violencia digital. De todas formas, en lo sustancial no se le introdujo ning\u00fan cambio. Por esa raz\u00f3n, v\u00edctimas de este tipo de violencia, que vienen militando la norma, celebraron en las galer\u00edas del recinto legislativo como si se hubiera aprobado ya la ley. Entre ellas estuvo Olimpia Coral, la activista de M\u00e9xico, cuyo testimonio puso en debate en ese pa\u00eds la tem\u00e1tica y logr\u00f3 tipificar la conducta como delito adem\u00e1s de establecer medidas educativas. \u201cEste logro es el primer acto de justicia para nombrar lo que nos dijeron que por ser virtual no exist\u00eda\u201d, se\u00f1al\u00f3 a&nbsp;<strong>P\u00e1gina 12<\/strong>&nbsp;Coral, quien el jueves adem\u00e1s particip\u00f3 con un pa\u00f1uelo verde de&nbsp;<a href=\"https:\/\/www.pagina12.com.ar\/592935-el-futuro-no-sera-tan-oscuro\">la movilizaci\u00f3n convocada por los feminismos frente al Congreso para frenar a la derecha y en defensa de los derechos conquistados<\/a>.<\/p>\n\n\n\n<p>Todav\u00eda no hay fecha de tratamiento en Diputados, se espera que se incluya en la sesi\u00f3n del 10 de octubre. La media sanci\u00f3n se vot\u00f3 a comienzos de julio por amplia mayor\u00eda: tuvo solo dos votos en contra y una abstenci\u00f3n. En esa sesi\u00f3n se opusieron los libertarios Javier Milei y Victoria Villarroel y estuvieron ausentes Jos\u00e9 Luis Espert de JxC y Carolina P\u00edparo, tambi\u00e9n de LLA.<\/p>\n\n\n\n<p>&#8220;Esta aprobaci\u00f3n en el Senado es una clara se\u00f1al del consenso que existe en relaci\u00f3n a que es necesaria la reforma legal. Y tambi\u00e9n muestra la fuerza transformadora de la militancia y los reclamos colectivos\u201d, destac\u00f3 a&nbsp;<strong>P\u00e1gina 12<\/strong>&nbsp;l<a href=\"https:\/\/www.pagina12.com.ar\/529697-diez-puntos-contra-la-violencia-digital-de-genero\">a abogada especializada en Protecci\u00f3n de Datos Personales de la Defensor\u00eda del Pueblo, Mar\u00eda Julia Giorgelli<\/a>.<\/p>\n\n\n<div class=\"wp-block-image\">\n<figure class=\"alignleft size-large is-resized\"><img loading=\"lazy\" decoding=\"async\" src=\"https:\/\/atecordoba.org\/wp-content\/uploads\/2023\/10\/Imagen-de-WhatsApp-2023-10-20-a-las-08.25.25_cee8e9a6-1024x683.jpg\" alt=\"\" class=\"wp-image-39494\" width=\"512\" height=\"342\" srcset=\"https:\/\/atecordoba.org\/wp-content\/uploads\/2023\/10\/Imagen-de-WhatsApp-2023-10-20-a-las-08.25.25_cee8e9a6-1024x683.jpg 1024w, https:\/\/atecordoba.org\/wp-content\/uploads\/2023\/10\/Imagen-de-WhatsApp-2023-10-20-a-las-08.25.25_cee8e9a6-300x200.jpg 300w, https:\/\/atecordoba.org\/wp-content\/uploads\/2023\/10\/Imagen-de-WhatsApp-2023-10-20-a-las-08.25.25_cee8e9a6-768x512.jpg 768w, https:\/\/atecordoba.org\/wp-content\/uploads\/2023\/10\/Imagen-de-WhatsApp-2023-10-20-a-las-08.25.25_cee8e9a6-750x500.jpg 750w, https:\/\/atecordoba.org\/wp-content\/uploads\/2023\/10\/Imagen-de-WhatsApp-2023-10-20-a-las-08.25.25_cee8e9a6-1140x761.jpg 1140w, https:\/\/atecordoba.org\/wp-content\/uploads\/2023\/10\/Imagen-de-WhatsApp-2023-10-20-a-las-08.25.25_cee8e9a6.jpg 1280w\" sizes=\"auto, (max-width: 512px) 100vw, 512px\" \/><\/figure>\n<\/div>\n\n\n<p>En di\u00e1logo con este diario, la abogada Florencia Zerd\u00e1, integrante de la organizaci\u00f3n G\u00e9nero y TIC (GenTIC), tambi\u00e9n celebr\u00f3 el paso dado en el Senado y su aprobaci\u00f3n \u201cpor unanimidad\u201d. Se vot\u00f3 a las 2.30 de la madrugada. Obtuvo 52 votos afirmativos y ninguno en contra, tampoco abstenciones. \u201cEs una gran noticia\u201d, apunt\u00f3. Y expres\u00f3 su deseo de que en dos semanas tenga sanci\u00f3n definitiva as\u00ed, dijo, \u201cse podr\u00e1n otorgar medidas de protecci\u00f3n para&nbsp;<a href=\"https:\/\/www.pagina12.com.ar\/568287-a-quienes-defiende-la-ley-olimpia\">las mujeres que est\u00e1n sufriendo estas formas de violencia&nbsp;<\/a>y generar pol\u00edticas p\u00fablicas en estos temas\u201d.<\/p>\n\n\n\n<h2 class=\"wp-block-heading\">\u00bfQu\u00e9 es la violencia digital de g\u00e9nero?<\/h2>\n\n\n\n<p>La Ley Olimpia no es una normativa penal. Suma a la definici\u00f3n de violencia hacia las mujeres las distintas formas que se expresen de manera virtual. Tambi\u00e9n contempla como violencia telem\u00e1tica la \u201creproducci\u00f3n en el \u00e1mbito digital de discursos de odio mis\u00f3ginos\u201d.<\/p>\n\n\n\n<p>Un aspecto muy importante del texto es que establece que para la notificaci\u00f3n de la medida de remoci\u00f3n de contenidos que puedan ordenar jueces o juezas se permite emplazar a las empresas de plataformas digitales mediante v\u00eda escrita o electr\u00f3nica, teniendo en consideraci\u00f3n que muchas compa\u00f1\u00edas proveedoras de servicios de internet se encuentran radicadas en el extranjero y aceptan canales de comunicaci\u00f3n electr\u00f3nicos para solicitudes judiciales que les llegan en otros procesos penales. Pero suelen desconocer este tipo de pedidos por entender que son meros intermediarios y por ende no se responsabilizan por el contenido publicado por terceros. Muchas veces desconocen las notificaciones porque no tienen sus oficinas centrales radicadas en el pa\u00eds.<\/p>\n\n\n\n<h2 class=\"wp-block-heading\">No es delito<\/h2>\n\n\n<div class=\"wp-block-image\">\n<figure class=\"alignright size-large is-resized\"><img loading=\"lazy\" decoding=\"async\" src=\"https:\/\/atecordoba.org\/wp-content\/uploads\/2023\/10\/Imagen-de-WhatsApp-2023-10-20-a-las-08.25.26_6ac543c8-1024x683.jpg\" alt=\"\" class=\"wp-image-39495\" width=\"512\" height=\"342\" srcset=\"https:\/\/atecordoba.org\/wp-content\/uploads\/2023\/10\/Imagen-de-WhatsApp-2023-10-20-a-las-08.25.26_6ac543c8-1024x683.jpg 1024w, https:\/\/atecordoba.org\/wp-content\/uploads\/2023\/10\/Imagen-de-WhatsApp-2023-10-20-a-las-08.25.26_6ac543c8-300x200.jpg 300w, https:\/\/atecordoba.org\/wp-content\/uploads\/2023\/10\/Imagen-de-WhatsApp-2023-10-20-a-las-08.25.26_6ac543c8-768x512.jpg 768w, https:\/\/atecordoba.org\/wp-content\/uploads\/2023\/10\/Imagen-de-WhatsApp-2023-10-20-a-las-08.25.26_6ac543c8-750x500.jpg 750w, https:\/\/atecordoba.org\/wp-content\/uploads\/2023\/10\/Imagen-de-WhatsApp-2023-10-20-a-las-08.25.26_6ac543c8-1140x761.jpg 1140w, https:\/\/atecordoba.org\/wp-content\/uploads\/2023\/10\/Imagen-de-WhatsApp-2023-10-20-a-las-08.25.26_6ac543c8.jpg 1280w\" sizes=\"auto, (max-width: 512px) 100vw, 512px\" \/><\/figure>\n<\/div>\n\n\n<p>Todav\u00eda est\u00e1 pendiente discutir en el Congreso la penalizaci\u00f3n de la difusi\u00f3n no consentida de material \u00edntimo, entre otras formas en las que se expresa la violencia digital, y que est\u00e1 contemplada en el proyecto conocido como \u201cLey Bel\u00e9n\u201d, en homenaje a&nbsp;<a href=\"https:\/\/www.pagina12.com.ar\/310550-murio-belen-san-roman-la-policia-se-habia-disparado-luego-de\">Bel\u00e9n San Rom\u00e1n<\/a>, una agente de la polic\u00eda del Comando de Patrullas Rurales de Bragado, provincia de Buenos Aires, que el 30 de noviembre de 2020 se peg\u00f3 un tiro con su arma reglamentaria despu\u00e9s de que su exnovio, Tob\u00edas Villarruel, viralizara un video y fotos \u00edntimas suyas para extorsionarla, hostigarla, amenazarla.<\/p>\n\n\n\n<p>\u201cSin dudas es necesaria la creaci\u00f3n de herramientas legales para mitigar las violencias en el espacio digital que impactan en la vida real&#8221;, consider\u00f3 Giorgelli.<\/p>\n\n\n\n<p>En Argentina todav\u00eda las expresiones de la violencia digital no se consideran delito. Conductas como la \u201csextorsi\u00f3n\u201d &#8211;que es una forma de chantaje en la que se amenaza a una persona con divulgar y hacer p\u00fablicas im\u00e1genes o videos de su intimidad sexual&#8211; o la difusi\u00f3n no consentida de material \u00edntimo suelen quedar impunes o se las encuadra en figuras como la coacci\u00f3n pero la justicia tiende a archivar las denuncias. \u201cDesgraciadamente son muy frecuentes y generan una gran afectaci\u00f3n en las v\u00edctimas pero no se las castiga\u201d, alert\u00f3 Coral, sobre el vac\u00edo legal.<\/p>\n\n\n\n<h2 class=\"wp-block-heading\">\u00bfQu\u00e9 establece la ley Olimpia?<\/h2>\n\n\n\n<p>* Realiza una serie de modificacioines a la Ley 26.485 de Protecci\u00f3n Integral para prevenir, sancionar y erracidar la violencia contra las mujeres, sanccionada en 2009, para incorporar a la violencia digital como otra de las formas de violencia por razones de g\u00e9nero que afectan a las mujeres.<\/p>\n\n\n<div class=\"wp-block-image\">\n<figure class=\"alignleft size-large is-resized\"><img loading=\"lazy\" decoding=\"async\" src=\"https:\/\/atecordoba.org\/wp-content\/uploads\/2023\/10\/Imagen-de-WhatsApp-2023-10-20-a-las-08.25.24_acee56f2-1024x683.jpg\" alt=\"\" class=\"wp-image-39496\" width=\"512\" height=\"342\" srcset=\"https:\/\/atecordoba.org\/wp-content\/uploads\/2023\/10\/Imagen-de-WhatsApp-2023-10-20-a-las-08.25.24_acee56f2-1024x683.jpg 1024w, https:\/\/atecordoba.org\/wp-content\/uploads\/2023\/10\/Imagen-de-WhatsApp-2023-10-20-a-las-08.25.24_acee56f2-300x200.jpg 300w, https:\/\/atecordoba.org\/wp-content\/uploads\/2023\/10\/Imagen-de-WhatsApp-2023-10-20-a-las-08.25.24_acee56f2-768x512.jpg 768w, https:\/\/atecordoba.org\/wp-content\/uploads\/2023\/10\/Imagen-de-WhatsApp-2023-10-20-a-las-08.25.24_acee56f2-750x500.jpg 750w, https:\/\/atecordoba.org\/wp-content\/uploads\/2023\/10\/Imagen-de-WhatsApp-2023-10-20-a-las-08.25.24_acee56f2-1140x761.jpg 1140w, https:\/\/atecordoba.org\/wp-content\/uploads\/2023\/10\/Imagen-de-WhatsApp-2023-10-20-a-las-08.25.24_acee56f2.jpg 1280w\" sizes=\"auto, (max-width: 512px) 100vw, 512px\" \/><\/figure>\n<\/div>\n\n\n<p>* Tiene como objeto promover y garantizar \u201clos derechos y bienes digitales de las mujeres as\u00ed como su desenvolvimiento y permanencia en el espacio digital\u201d.<\/p>\n\n\n\n<p>* Y como derechos protegidos define \u201cque se respete su dignidad, reputaci\u00f3n e identidad, incluso en los espacios digitales\u201d.<\/p>\n\n\n\n<p>* Asimismo incorpora las medidas de conservaci\u00f3n, aseguramiento y revelaci\u00f3n de datos inform\u00e1ticos que se encuentran legisladas en el art. 16, 17 y 18 del Convenio Sobre Ciberdelito Del Consejo De Europa, aprobado por ley Argentina N\u00b0 27.411.<\/p>\n\n\n\n<p>* A la l\u00ednea 144 a trav\u00e9s de la cual el Estado brinda informaci\u00f3n y asesoramiento sobre los recursos disponibles para acompa\u00f1ar a v\u00edctimas de violencia de g\u00e9nero, deber\u00e1 sumarse un servicio multisoporte, no solo telef\u00f3nico sino tambi\u00e9n digital y de acceso gratuito.<\/p>\n\n\n\n<p>* Prev\u00e9 la creaci\u00f3n de un programa de alfabetizaci\u00f3n digital para las mujeres y buenas pr\u00e1cticas en el uso de las TICs.<\/p>\n\n\n\n<p>* En las garant\u00edas del Estado, incorpora la gratuidad para realizar pericias inform\u00e1ticas. Entre las medidas preventivas que puede ordenar el o la juez interviniente se suma obligar a las plataformas digitales, redes sociales o p\u00e1ginas electr\u00f3nicas la supresi\u00f3n de contenidos que constituyan violencia digital.<\/p>\n\n\n\n<p>* Contempla la posibilidad de notificaci\u00f3n en los t\u00e9rminos del art\u00edculo 122 de la Ley de Sociedades Comerciales, por el cual m\u00e1s all\u00e1 de que aleguen tener sus servidores en el extranjero, las plataformas o p\u00e1ginas web donde se alberguen contenidos denunciados deben darse por notificadas judicialmente.<\/p>\n\n\n\n<figure class=\"wp-block-gallery has-nested-images columns-default is-cropped wp-block-gallery-1 is-layout-flex wp-block-gallery-is-layout-flex\">\n<figure class=\"wp-block-image size-large\"><a href=\"https:\/\/atecordoba.org\/wp-content\/uploads\/2023\/10\/Imagen-de-WhatsApp-2023-10-20-a-las-08.25.23_3718169e.jpg\" target=\"_blank\" rel=\"noopener\"><img loading=\"lazy\" decoding=\"async\" width=\"1024\" height=\"682\" data-id=\"39498\" src=\"https:\/\/atecordoba.org\/wp-content\/uploads\/2023\/10\/Imagen-de-WhatsApp-2023-10-20-a-las-08.25.23_3718169e-1024x682.jpg\" alt=\"\" class=\"wp-image-39498\" srcset=\"https:\/\/atecordoba.org\/wp-content\/uploads\/2023\/10\/Imagen-de-WhatsApp-2023-10-20-a-las-08.25.23_3718169e-1024x682.jpg 1024w, https:\/\/atecordoba.org\/wp-content\/uploads\/2023\/10\/Imagen-de-WhatsApp-2023-10-20-a-las-08.25.23_3718169e-300x200.jpg 300w, https:\/\/atecordoba.org\/wp-content\/uploads\/2023\/10\/Imagen-de-WhatsApp-2023-10-20-a-las-08.25.23_3718169e-768x512.jpg 768w, https:\/\/atecordoba.org\/wp-content\/uploads\/2023\/10\/Imagen-de-WhatsApp-2023-10-20-a-las-08.25.23_3718169e-750x500.jpg 750w, https:\/\/atecordoba.org\/wp-content\/uploads\/2023\/10\/Imagen-de-WhatsApp-2023-10-20-a-las-08.25.23_3718169e-1140x760.jpg 1140w, https:\/\/atecordoba.org\/wp-content\/uploads\/2023\/10\/Imagen-de-WhatsApp-2023-10-20-a-las-08.25.23_3718169e.jpg 1280w\" sizes=\"auto, (max-width: 1024px) 100vw, 1024px\" \/><\/a><\/figure>\n\n\n\n<figure class=\"wp-block-image size-large\"><a href=\"https:\/\/atecordoba.org\/wp-content\/uploads\/2023\/10\/Imagen-de-WhatsApp-2023-10-20-a-las-08.25.25_0127e5e5.jpg\" target=\"_blank\" rel=\"noopener\"><img loading=\"lazy\" decoding=\"async\" width=\"683\" height=\"1024\" data-id=\"39501\" src=\"https:\/\/atecordoba.org\/wp-content\/uploads\/2023\/10\/Imagen-de-WhatsApp-2023-10-20-a-las-08.25.25_0127e5e5-683x1024.jpg\" alt=\"\" class=\"wp-image-39501\" srcset=\"https:\/\/atecordoba.org\/wp-content\/uploads\/2023\/10\/Imagen-de-WhatsApp-2023-10-20-a-las-08.25.25_0127e5e5-683x1024.jpg 683w, https:\/\/atecordoba.org\/wp-content\/uploads\/2023\/10\/Imagen-de-WhatsApp-2023-10-20-a-las-08.25.25_0127e5e5-200x300.jpg 200w, https:\/\/atecordoba.org\/wp-content\/uploads\/2023\/10\/Imagen-de-WhatsApp-2023-10-20-a-las-08.25.25_0127e5e5-768x1151.jpg 768w, https:\/\/atecordoba.org\/wp-content\/uploads\/2023\/10\/Imagen-de-WhatsApp-2023-10-20-a-las-08.25.25_0127e5e5-750x1124.jpg 750w, https:\/\/atecordoba.org\/wp-content\/uploads\/2023\/10\/Imagen-de-WhatsApp-2023-10-20-a-las-08.25.25_0127e5e5.jpg 854w\" sizes=\"auto, (max-width: 683px) 100vw, 683px\" \/><\/a><\/figure>\n\n\n\n<figure class=\"wp-block-image size-large\"><a href=\"https:\/\/atecordoba.org\/wp-content\/uploads\/2023\/10\/Imagen-de-WhatsApp-2023-10-20-a-las-08.25.21_2113c85c.jpg\" target=\"_blank\" rel=\"noopener\"><img loading=\"lazy\" decoding=\"async\" width=\"1024\" height=\"683\" data-id=\"39499\" src=\"https:\/\/atecordoba.org\/wp-content\/uploads\/2023\/10\/Imagen-de-WhatsApp-2023-10-20-a-las-08.25.21_2113c85c-1024x683.jpg\" alt=\"\" class=\"wp-image-39499\" srcset=\"https:\/\/atecordoba.org\/wp-content\/uploads\/2023\/10\/Imagen-de-WhatsApp-2023-10-20-a-las-08.25.21_2113c85c-1024x683.jpg 1024w, https:\/\/atecordoba.org\/wp-content\/uploads\/2023\/10\/Imagen-de-WhatsApp-2023-10-20-a-las-08.25.21_2113c85c-300x200.jpg 300w, https:\/\/atecordoba.org\/wp-content\/uploads\/2023\/10\/Imagen-de-WhatsApp-2023-10-20-a-las-08.25.21_2113c85c-768x512.jpg 768w, https:\/\/atecordoba.org\/wp-content\/uploads\/2023\/10\/Imagen-de-WhatsApp-2023-10-20-a-las-08.25.21_2113c85c-750x500.jpg 750w, https:\/\/atecordoba.org\/wp-content\/uploads\/2023\/10\/Imagen-de-WhatsApp-2023-10-20-a-las-08.25.21_2113c85c-1140x761.jpg 1140w, https:\/\/atecordoba.org\/wp-content\/uploads\/2023\/10\/Imagen-de-WhatsApp-2023-10-20-a-las-08.25.21_2113c85c.jpg 1280w\" sizes=\"auto, (max-width: 1024px) 100vw, 1024px\" \/><\/a><\/figure>\n\n\n\n<figure class=\"wp-block-image size-large\"><a href=\"https:\/\/atecordoba.org\/wp-content\/uploads\/2023\/10\/Imagen-de-WhatsApp-2023-10-20-a-las-08.25.22_2db186a1.jpg\" target=\"_blank\" rel=\"noopener\"><img loading=\"lazy\" decoding=\"async\" width=\"1024\" height=\"683\" data-id=\"39500\" src=\"https:\/\/atecordoba.org\/wp-content\/uploads\/2023\/10\/Imagen-de-WhatsApp-2023-10-20-a-las-08.25.22_2db186a1-1024x683.jpg\" alt=\"\" class=\"wp-image-39500\" srcset=\"https:\/\/atecordoba.org\/wp-content\/uploads\/2023\/10\/Imagen-de-WhatsApp-2023-10-20-a-las-08.25.22_2db186a1-1024x683.jpg 1024w, https:\/\/atecordoba.org\/wp-content\/uploads\/2023\/10\/Imagen-de-WhatsApp-2023-10-20-a-las-08.25.22_2db186a1-300x200.jpg 300w, https:\/\/atecordoba.org\/wp-content\/uploads\/2023\/10\/Imagen-de-WhatsApp-2023-10-20-a-las-08.25.22_2db186a1-768x512.jpg 768w, https:\/\/atecordoba.org\/wp-content\/uploads\/2023\/10\/Imagen-de-WhatsApp-2023-10-20-a-las-08.25.22_2db186a1-750x500.jpg 750w, https:\/\/atecordoba.org\/wp-content\/uploads\/2023\/10\/Imagen-de-WhatsApp-2023-10-20-a-las-08.25.22_2db186a1-1140x761.jpg 1140w, https:\/\/atecordoba.org\/wp-content\/uploads\/2023\/10\/Imagen-de-WhatsApp-2023-10-20-a-las-08.25.22_2db186a1.jpg 1280w\" sizes=\"auto, (max-width: 1024px) 100vw, 1024px\" \/><\/a><\/figure>\n<\/figure>\n","protected":false},"excerpt":{"rendered":"<p>En cumplimiento del\u00a0fallo judicial\u00a0que ordena a los cuatro afiliados a realizar capacitaciones debido a sus agresiones por motivos de g\u00e9nero y violencia pol\u00edtica que sufri\u00f3 la secretaria de Prensa de ATE C\u00f3rdoba, Julia Giuliani, se dict\u00f3 en ATE el segundo m\u00f3dulo del taller de formaci\u00f3n, en el contexto de la aprobaci\u00f3n en el Congreso Nacional [&hellip;]<\/p>\n","protected":false},"author":7,"featured_media":39491,"comment_status":"open","ping_status":"open","sticky":false,"template":"","format":"standard","meta":{"_exactmetrics_skip_tracking":false,"_exactmetrics_sitenote_active":false,"_exactmetrics_sitenote_note":"","_exactmetrics_sitenote_category":0,"jnews-multi-image_gallery":[],"jnews_single_post":{"subtitle":"\"Esto contribuye a la formaci\u00f3n de nuestras delegadas y delegados a partir de un criterio pol\u00edtico que est\u00e1 a la altura de las circunstancias de lo que estamos viviendo y ubica a ATE a la vanguardia de la defensa de nuestros derechos como mujeres, como diversidades, avanzando en esa conciencia\", dijo la secretaria de G\u00e9neros y Diversidades Mar\u00eda Spaventa.","format":"standard","video":"","gallery":"","source_name":"","source_url":"","via_name":"","via_url":"","override_template":"0","override":[{"template":"1","single_blog_custom":"","parallax":"1","fullscreen":"1","layout":"no-sidebar-narrow","sidebar":"default-sidebar","second_sidebar":"default-sidebar","sticky_sidebar":"1","share_position":"bottom","share_float_style":"share-monocrhome","show_share_counter":"1","show_view_counter":"1","show_featured":"0","show_post_meta":"1","show_post_author":"0","show_post_author_image":"1","show_post_date":"1","post_date_format":"default","post_date_format_custom":"Y\/m\/d","show_post_category":"1","show_post_reading_time":"0","post_reading_time_wpm":"300","show_zoom_button":"0","zoom_button_out_step":"2","zoom_button_in_step":"3","show_post_tag":"1","show_prev_next_post":"0","show_popup_post":"0","number_popup_post":"1","show_author_box":"0","show_post_related":"1","show_inline_post_related":"0"}],"override_image_size":"0","image_override":[{"single_post_thumbnail_size":"crop-500","single_post_gallery_size":"crop-500"}],"trending_post":"0","trending_post_position":"meta","trending_post_label":"Trending","sponsored_post":"0","sponsored_post_label":"Sponsored by","sponsored_post_name":"","sponsored_post_url":"","sponsored_post_logo_enable":"0","sponsored_post_logo":"","sponsored_post_desc":"","disable_ad":"0"},"jnews_primary_category":{"id":"","hide":""},"jnews_social_meta":{"fb_title":"","fb_description":"","fb_image":"","twitter_title":"","twitter_description":"","twitter_image":""},"jnews_review":[],"enable_review":"0","type":"percentage","name":"","summary":"","brand":"","sku":"","good":[{"good_text":""}],"bad":[{"bad_text":""}],"score_override":"","override_value":"","rating":[{"rating_text":"","rating_number":"10"}],"price":[{"shop":"","price":"","link":"","icon":""}],"jnews_override_counter":{"override_view_counter":"0","view_counter_number":"0","override_share_counter":"0","share_counter_number":"0","override_like_counter":"0","like_counter_number":"0","override_dislike_counter":"0","dislike_counter_number":"0"},"jnews_post_split":{"enable_post_split":"0","post_split":[{"template":"1","tag":"h2","numbering":"asc","mode":"normal","first":"0","enable_toc":"0","toc_type":"normal"}]},"footnotes":""},"categories":[325],"tags":[],"class_list":["post-39490","post","type-post","status-publish","format-standard","has-post-thumbnail","hentry","category-generos-y-diversidades"],"jetpack_featured_media_url":"https:\/\/atecordoba.org\/wp-content\/uploads\/2023\/10\/Imagen-de-WhatsApp-2023-10-20-a-las-08.25.26_4e61aecb-e1697811369798.jpg","_links":{"self":[{"href":"https:\/\/atecordoba.org\/index.php?rest_route=\/wp\/v2\/posts\/39490","targetHints":{"allow":["GET"]}}],"collection":[{"href":"https:\/\/atecordoba.org\/index.php?rest_route=\/wp\/v2\/posts"}],"about":[{"href":"https:\/\/atecordoba.org\/index.php?rest_route=\/wp\/v2\/types\/post"}],"author":[{"embeddable":true,"href":"https:\/\/atecordoba.org\/index.php?rest_route=\/wp\/v2\/users\/7"}],"replies":[{"embeddable":true,"href":"https:\/\/atecordoba.org\/index.php?rest_route=%2Fwp%2Fv2%2Fcomments&post=39490"}],"version-history":[{"count":2,"href":"https:\/\/atecordoba.org\/index.php?rest_route=\/wp\/v2\/posts\/39490\/revisions"}],"predecessor-version":[{"id":39503,"href":"https:\/\/atecordoba.org\/index.php?rest_route=\/wp\/v2\/posts\/39490\/revisions\/39503"}],"wp:featuredmedia":[{"embeddable":true,"href":"https:\/\/atecordoba.org\/index.php?rest_route=\/wp\/v2\/media\/39491"}],"wp:attachment":[{"href":"https:\/\/atecordoba.org\/index.php?rest_route=%2Fwp%2Fv2%2Fmedia&parent=39490"}],"wp:term":[{"taxonomy":"category","embeddable":true,"href":"https:\/\/atecordoba.org\/index.php?rest_route=%2Fwp%2Fv2%2Fcategories&post=39490"},{"taxonomy":"post_tag","embeddable":true,"href":"https:\/\/atecordoba.org\/index.php?rest_route=%2Fwp%2Fv2%2Ftags&post=39490"}],"curies":[{"name":"wp","href":"https:\/\/api.w.org\/{rel}","templated":true}]}}