{"id":39482,"date":"2023-10-19T15:29:41","date_gmt":"2023-10-19T18:29:41","guid":{"rendered":"https:\/\/atecordoba.org\/?p=39482"},"modified":"2023-10-19T16:43:16","modified_gmt":"2023-10-19T19:43:16","slug":"noelia-guzman-los-jubilados-bregamos-por-la-unidad","status":"publish","type":"post","link":"https:\/\/atecordoba.org\/?p=39482","title":{"rendered":"Noelia Guzm\u00e1n en C\u00f3rdoba: los jubilados bregamos por la unidad"},"content":{"rendered":"<div class=\"wp-block-image\">\n<figure class=\"aligncenter size-large is-resized\"><img loading=\"lazy\" decoding=\"async\" src=\"https:\/\/atecordoba.org\/wp-content\/uploads\/2023\/10\/noelia-guzman-1024x461.jpg\" alt=\"\" class=\"wp-image-39483\" width=\"768\" height=\"346\" \/><\/figure>\n<\/div>\n\n\n<p>La Presidenta del Centro Nacional de Jubilados y Pensionados de ATE,  Noelia guzm\u00e1n, estuvo hoy en C\u00f3rdoba visitando nuestro Consejo Directivo Provincial (CDP) para articular pol\u00edticas y miradas respecto a lo que se viene en ATE a partir de la asunci\u00f3n de las nuevas conducciones, en noviembre pr\u00f3ximo.<\/p>\n\n\n\n<p>&#8220;Vinimos a saludar a Carmen Neder, con quien compartimos cuatro a\u00f1os de gesti\u00f3n muy buena y fue una compa\u00f1era muy leal a la conducci\u00f3n nacional y a las pol\u00edticas que llevamos adelante. Quiero invitarla a que venga a nuestra asunci\u00f3n el 6 de noviembre&#8221;, dijo Guzm\u00e1n en un mientras manten\u00eda un reuni\u00f3n en tono fraterno con el secretario General de ATE C\u00f3rdoba, Federico Giuliani. <\/p>\n\n\n<div class=\"wp-block-image\">\n<figure class=\"alignleft size-full is-resized\"><img loading=\"lazy\" decoding=\"async\" src=\"https:\/\/atecordoba.org\/wp-content\/uploads\/2023\/10\/noelia-guzman2.jpg\" alt=\"\" class=\"wp-image-39484\" width=\"360\" height=\"432\" srcset=\"https:\/\/atecordoba.org\/wp-content\/uploads\/2023\/10\/noelia-guzman2.jpg 720w, https:\/\/atecordoba.org\/wp-content\/uploads\/2023\/10\/noelia-guzman2-250x300.jpg 250w\" sizes=\"auto, (max-width: 360px) 100vw, 360px\" \/><\/figure>\n<\/div>\n\n\n<p>La hist\u00f3rica dirigente de ATE agreg\u00f3 que &#8220;adem\u00e1s, vinimos a charlar con los compa\u00f1eros del CDP, que encabezados por el compa\u00f1ero Giuliani asumen el 10 de noviembre, para saber c\u00f3mo va a funcionar el trabajo con centro de jubilados de C\u00f3rdoba ya que la nueva comisi\u00f3n asumir\u00e1 con los compa\u00f1eros Teresa Romero y Cacho Mengarelli&#8221;.<\/p>\n\n\n\n<p>En tal sentido, la presidenta del centro de jubilados dijo que &#8220;me voy muy conforme porque los compa\u00f1eros del CDP manifestaron la intenci\u00f3n que el centro de jubilados y su conducci\u00f3n funcionen en sede de ATE como corresponde, que los talleres de PAMI van a continuar tambi\u00e9n como hasta ahora, lo mismo tiempo que se seguir\u00e1 haciendo entrega de los subsidios y dem\u00e1s&#8221;.<\/p>\n\n\n\n<p>Y remarc\u00f3 que &#8220;los jubilados bregamos por la unidad. La situaci\u00f3n no es f\u00e1cil hoy, no lo fue ayer y no lo ser\u00e1 en el futuro, gane quien gane el gobierno nacional&#8221;.<\/p>\n\n\n\n<p>En esa l\u00ednea, la dirigenta asegur\u00f3 que &#8220;mi experiencia con Federico Giuliani es muy buena porque siempre tuvo la mejor actitud, siempre nos convoc\u00f3 y nos tuvo en cuenta. Por eso digo que la convivencia interna se debe dar sin agresiones. Me llama mucho la atenci\u00f3n la actitud que veo que ha tomado Cacho Mengarelli, un hist\u00f3rico que luch\u00f3 en la \u00e9poca de los milicos, que no entiende que debemos estar todos unidos, los jubilados y los activos. La agresi\u00f3n no nos lleva a nada&#8221;.  <\/p>\n\n\n\n<p><strong>Panorama nacional<\/strong><\/p>\n\n\n\n<p>&#8220;Si bien en mi caso apoyo al candidato Sergio Massa, sabemos que con \u00e9l tampoco ser\u00e1 f\u00e1cil la situaci\u00f3n de los jubilados. Por eso tenemos que estar todos unidos&#8221;, se\u00f1al\u00f3 la jubilada.<\/p>\n\n\n\n<p>Frente a las propuestas de privatizar el sistema previsional y que retornen las AFJP, Guzm\u00e1n dijo que &#8220;en ATE tenemos una historia y estaremos en la calle para rechazar cualquier intento privatizador como ya lo hicimos en el &#8217;91 cuando, con V\u00edctor De Gennaro juntamos tres millones de firmas para que se mantenga el sistema de reparto solidario. Finalmente logramos recuperar el sistema en el 2008 con el gobierno de Cristina&#8221;. <\/p>\n\n\n\n<p>&#8220;Hoy el sistema est\u00e1 desfinanciado por la falta de aportes de los activos por la gran cantidad de trabajo en negro que hay. De cada 10 mujeres en edad de jubilarse solo una tiene los aportes necesarios, en los varones son tres de cada 10. Por eso digo que la unidad con los activos es fundamental para dar vuelta esta historia&#8221;, finaliz\u00f3. <\/p>\n","protected":false},"excerpt":{"rendered":"<p>La Presidenta del Centro Nacional de Jubilados y Pensionados de ATE, Noelia guzm\u00e1n, estuvo hoy en C\u00f3rdoba visitando nuestro Consejo Directivo Provincial (CDP) para articular pol\u00edticas y miradas respecto a lo que se viene en ATE a partir de la asunci\u00f3n de las nuevas conducciones, en noviembre pr\u00f3ximo. &#8220;Vinimos a saludar a Carmen Neder, con [&hellip;]<\/p>\n","protected":false},"author":7,"featured_media":39483,"comment_status":"open","ping_status":"open","sticky":false,"template":"","format":"standard","meta":{"_exactmetrics_skip_tracking":false,"_exactmetrics_sitenote_active":false,"_exactmetrics_sitenote_note":"","_exactmetrics_sitenote_category":0,"jnews-multi-image_gallery":[],"jnews_single_post":{"subtitle":"Frente a las propuestas de privatizar el sistema previsional y que retornen las AFJP, la presidenta del  Centro Nacional de Jubilados y Pensionados dijo que \"en ATE tenemos una historia y estaremos en la calle para rechazar cualquier intento privatizador como ya lo hicimos en el '91 cuando, con V\u00edctor De Gennaro juntamos tres millones de firmas para que se mantenga el sistema de reparto solidario. Hoy el sistema est\u00e1 desfinanciado por la falta de aportes de los activos por la gran cantidad de trabajo en negro que hay. Por eso digo que la unidad con los activos es fundamental para dar vuelta esta historia\"","format":"standard","video":"","gallery":"","source_name":"","source_url":"","via_name":"","via_url":"","override_template":"0","override":[{"template":"1","single_blog_custom":"","parallax":"1","fullscreen":"1","layout":"no-sidebar-narrow","sidebar":"default-sidebar","second_sidebar":"default-sidebar","sticky_sidebar":"1","share_position":"bottom","share_float_style":"share-monocrhome","show_share_counter":"1","show_view_counter":"1","show_featured":"0","show_post_meta":"1","show_post_author":"0","show_post_author_image":"1","show_post_date":"1","post_date_format":"default","post_date_format_custom":"Y\/m\/d","show_post_category":"1","show_post_reading_time":"0","post_reading_time_wpm":"300","show_zoom_button":"0","zoom_button_out_step":"2","zoom_button_in_step":"3","show_post_tag":"1","show_prev_next_post":"0","show_popup_post":"0","number_popup_post":"1","show_author_box":"0","show_post_related":"1","show_inline_post_related":"0"}],"override_image_size":"0","image_override":[{"single_post_thumbnail_size":"crop-500","single_post_gallery_size":"crop-500"}],"trending_post":"0","trending_post_position":"meta","trending_post_label":"Trending","sponsored_post":"0","sponsored_post_label":"Sponsored by","sponsored_post_name":"","sponsored_post_url":"","sponsored_post_logo_enable":"0","sponsored_post_logo":"","sponsored_post_desc":"","disable_ad":"0"},"jnews_primary_category":{"id":"","hide":""},"jnews_social_meta":{"fb_title":"","fb_description":"","fb_image":"","twitter_title":"","twitter_description":"","twitter_image":""},"jnews_review":[],"enable_review":"0","type":"percentage","name":"","summary":"","brand":"","sku":"","good":[{"good_text":""}],"bad":[{"bad_text":""}],"score_override":"","override_value":"","rating":[{"rating_text":"","rating_number":"10"}],"price":[{"shop":"","price":"","link":"","icon":""}],"jnews_override_counter":{"override_view_counter":"0","view_counter_number":"0","override_share_counter":"0","share_counter_number":"0","override_like_counter":"0","like_counter_number":"0","override_dislike_counter":"0","dislike_counter_number":"0"},"jnews_post_split":{"enable_post_split":"0","post_split":[{"template":"1","tag":"h2","numbering":"asc","mode":"normal","first":"0","enable_toc":"0","toc_type":"normal"}]},"footnotes":""},"categories":[22],"tags":[],"class_list":["post-39482","post","type-post","status-publish","format-standard","has-post-thumbnail","hentry","category-jubilados"],"jetpack_featured_media_url":"https:\/\/atecordoba.org\/wp-content\/uploads\/2023\/10\/noelia-guzman-e1697740175430.jpg","_links":{"self":[{"href":"https:\/\/atecordoba.org\/index.php?rest_route=\/wp\/v2\/posts\/39482","targetHints":{"allow":["GET"]}}],"collection":[{"href":"https:\/\/atecordoba.org\/index.php?rest_route=\/wp\/v2\/posts"}],"about":[{"href":"https:\/\/atecordoba.org\/index.php?rest_route=\/wp\/v2\/types\/post"}],"author":[{"embeddable":true,"href":"https:\/\/atecordoba.org\/index.php?rest_route=\/wp\/v2\/users\/7"}],"replies":[{"embeddable":true,"href":"https:\/\/atecordoba.org\/index.php?rest_route=%2Fwp%2Fv2%2Fcomments&post=39482"}],"version-history":[{"count":4,"href":"https:\/\/atecordoba.org\/index.php?rest_route=\/wp\/v2\/posts\/39482\/revisions"}],"predecessor-version":[{"id":39489,"href":"https:\/\/atecordoba.org\/index.php?rest_route=\/wp\/v2\/posts\/39482\/revisions\/39489"}],"wp:featuredmedia":[{"embeddable":true,"href":"https:\/\/atecordoba.org\/index.php?rest_route=\/wp\/v2\/media\/39483"}],"wp:attachment":[{"href":"https:\/\/atecordoba.org\/index.php?rest_route=%2Fwp%2Fv2%2Fmedia&parent=39482"}],"wp:term":[{"taxonomy":"category","embeddable":true,"href":"https:\/\/atecordoba.org\/index.php?rest_route=%2Fwp%2Fv2%2Fcategories&post=39482"},{"taxonomy":"post_tag","embeddable":true,"href":"https:\/\/atecordoba.org\/index.php?rest_route=%2Fwp%2Fv2%2Ftags&post=39482"}],"curies":[{"name":"wp","href":"https:\/\/api.w.org\/{rel}","templated":true}]}}