{"id":39470,"date":"2023-10-19T10:05:30","date_gmt":"2023-10-19T13:05:30","guid":{"rendered":"https:\/\/atecordoba.org\/?p=39470"},"modified":"2023-10-19T10:05:31","modified_gmt":"2023-10-19T13:05:31","slug":"reclamo-en-achiras","status":"publish","type":"post","link":"https:\/\/atecordoba.org\/?p=39470","title":{"rendered":"Reclamo en Achiras"},"content":{"rendered":"<div class=\"wp-block-image\">\n<figure class=\"alignleft size-full\"><img loading=\"lazy\" decoding=\"async\" width=\"300\" height=\"200\" src=\"https:\/\/atecordoba.org\/wp-content\/uploads\/2023\/10\/carteles.jpg\" alt=\"\" class=\"wp-image-39471\" \/><\/figure>\n<\/div>\n\n\n<p>En un comunicado emitido ayer, ATE R\u00edo Cuarto inform\u00f3 sobre la grave situaci\u00f3n que atraviesan las y los trabajadores de la Municipalidad de Achiras, localidad ubicada a 70 kil\u00f3metros al sur de la Capital Alterna de la provincia. <\/p>\n\n\n\n<p>\u201cLas trabajadoras y trabajadores de la Municipalidad de Achiras queremos manifestar ante la poblaci\u00f3n local, la cr\u00edtica situaci\u00f3n laboral que estamos atravesando. Apelamos no s\u00f3lo al llamado urgente al di\u00e1logo y la negociaci\u00f3n por parte del Ejecutivo, teniendo presente el sustento de las familias municipales&#8221;, manifest\u00f3 el personal municipal, se\u00f1alando &#8220;un contexto de profundizaci\u00f3n de la crisis social y econ\u00f3mica que los trabajadores no hemos generado&#8221;.<\/p>\n\n\n\n<p>Y apuntaron que &#8220;somos las v\u00edctimas directas ante la devaluaci\u00f3n de nuestros salarios y el crecimiento desmesurado de la inflaci\u00f3n que golpea directamente la mesa de cada trabajador y trabajadora municipal\u201d. De esta forma, apelan a una convocatoria del Departamento Ejecutivo a una Mesa de Relaciones Laborales para abordar este dram\u00e1tico cuadro. <\/p>\n","protected":false},"excerpt":{"rendered":"<p>En un comunicado emitido ayer, ATE R\u00edo Cuarto inform\u00f3 sobre la grave situaci\u00f3n que atraviesan las y los trabajadores de la Municipalidad de Achiras, localidad ubicada a 70 kil\u00f3metros al sur de la Capital Alterna de la provincia. \u201cLas trabajadoras y trabajadores de la Municipalidad de Achiras queremos manifestar ante la poblaci\u00f3n local, la cr\u00edtica [&hellip;]<\/p>\n","protected":false},"author":7,"featured_media":39471,"comment_status":"open","ping_status":"open","sticky":false,"template":"","format":"standard","meta":{"_exactmetrics_skip_tracking":false,"_exactmetrics_sitenote_active":false,"_exactmetrics_sitenote_note":"","_exactmetrics_sitenote_category":0,"jnews-multi-image_gallery":[],"jnews_single_post":{"subtitle":"\u201cLas trabajadoras y trabajadores de la Municipalidad de Achiras queremos manifestar ante la poblaci\u00f3n local, la cr\u00edtica situaci\u00f3n laboral que estamos atravesando. Apelamos no s\u00f3lo al llamado urgente al di\u00e1logo y la negociaci\u00f3n por parte del Ejecutivo, teniendo presente el sustento de las familias municipales\", manifest\u00f3 el personal municipal, se\u00f1alando \"un contexto de profundizaci\u00f3n de la crisis social y econ\u00f3mica que los trabajadores no hemos generado\".","format":"standard","video":"","gallery":"","source_name":"","source_url":"","via_name":"","via_url":"","override_template":"0","override":[{"template":"1","single_blog_custom":"","parallax":"1","fullscreen":"1","layout":"no-sidebar-narrow","sidebar":"default-sidebar","second_sidebar":"default-sidebar","sticky_sidebar":"1","share_position":"bottom","share_float_style":"share-monocrhome","show_share_counter":"1","show_view_counter":"1","show_featured":"0","show_post_meta":"1","show_post_author":"0","show_post_author_image":"1","show_post_date":"1","post_date_format":"default","post_date_format_custom":"Y\/m\/d","show_post_category":"1","show_post_reading_time":"0","post_reading_time_wpm":"300","show_zoom_button":"0","zoom_button_out_step":"2","zoom_button_in_step":"3","show_post_tag":"1","show_prev_next_post":"0","show_popup_post":"0","number_popup_post":"1","show_author_box":"0","show_post_related":"1","show_inline_post_related":"0"}],"override_image_size":"0","image_override":[{"single_post_thumbnail_size":"crop-500","single_post_gallery_size":"crop-500"}],"trending_post":"0","trending_post_position":"meta","trending_post_label":"Trending","sponsored_post":"0","sponsored_post_label":"Sponsored by","sponsored_post_name":"","sponsored_post_url":"","sponsored_post_logo_enable":"0","sponsored_post_logo":"","sponsored_post_desc":"","disable_ad":"0"},"jnews_primary_category":{"id":"","hide":""},"jnews_social_meta":{"fb_title":"Municipales: Reclamo en Achiras ","fb_description":"","fb_image":"","twitter_title":"","twitter_description":"","twitter_image":""},"jnews_review":[],"enable_review":"0","type":"percentage","name":"","summary":"","brand":"","sku":"","good":[{"good_text":""}],"bad":[{"bad_text":""}],"score_override":"","override_value":"","rating":[{"rating_text":"","rating_number":"10"}],"price":[{"shop":"","price":"","link":"","icon":""}],"jnews_override_counter":{"override_view_counter":"0","view_counter_number":"0","override_share_counter":"0","share_counter_number":"0","override_like_counter":"0","like_counter_number":"0","override_dislike_counter":"0","dislike_counter_number":"0"},"jnews_post_split":{"enable_post_split":"0","post_split":[{"template":"1","tag":"h2","numbering":"asc","mode":"normal","first":"0","enable_toc":"0","toc_type":"normal"}]},"footnotes":""},"categories":[20],"tags":[],"class_list":["post-39470","post","type-post","status-publish","format-standard","has-post-thumbnail","hentry","category-municipales"],"jetpack_featured_media_url":"https:\/\/atecordoba.org\/wp-content\/uploads\/2023\/10\/carteles.jpg","_links":{"self":[{"href":"https:\/\/atecordoba.org\/index.php?rest_route=\/wp\/v2\/posts\/39470","targetHints":{"allow":["GET"]}}],"collection":[{"href":"https:\/\/atecordoba.org\/index.php?rest_route=\/wp\/v2\/posts"}],"about":[{"href":"https:\/\/atecordoba.org\/index.php?rest_route=\/wp\/v2\/types\/post"}],"author":[{"embeddable":true,"href":"https:\/\/atecordoba.org\/index.php?rest_route=\/wp\/v2\/users\/7"}],"replies":[{"embeddable":true,"href":"https:\/\/atecordoba.org\/index.php?rest_route=%2Fwp%2Fv2%2Fcomments&post=39470"}],"version-history":[{"count":1,"href":"https:\/\/atecordoba.org\/index.php?rest_route=\/wp\/v2\/posts\/39470\/revisions"}],"predecessor-version":[{"id":39472,"href":"https:\/\/atecordoba.org\/index.php?rest_route=\/wp\/v2\/posts\/39470\/revisions\/39472"}],"wp:featuredmedia":[{"embeddable":true,"href":"https:\/\/atecordoba.org\/index.php?rest_route=\/wp\/v2\/media\/39471"}],"wp:attachment":[{"href":"https:\/\/atecordoba.org\/index.php?rest_route=%2Fwp%2Fv2%2Fmedia&parent=39470"}],"wp:term":[{"taxonomy":"category","embeddable":true,"href":"https:\/\/atecordoba.org\/index.php?rest_route=%2Fwp%2Fv2%2Fcategories&post=39470"},{"taxonomy":"post_tag","embeddable":true,"href":"https:\/\/atecordoba.org\/index.php?rest_route=%2Fwp%2Fv2%2Ftags&post=39470"}],"curies":[{"name":"wp","href":"https:\/\/api.w.org\/{rel}","templated":true}]}}