{"id":39462,"date":"2023-10-18T13:46:40","date_gmt":"2023-10-18T16:46:40","guid":{"rendered":"https:\/\/atecordoba.org\/?p=39462"},"modified":"2023-10-18T13:46:41","modified_gmt":"2023-10-18T16:46:41","slug":"mina-clavero-ate-mantuvo-una-audiencia-con-el-intendente-manzanelli","status":"publish","type":"post","link":"https:\/\/atecordoba.org\/?p=39462","title":{"rendered":"Mina Clavero: ATE mantuvo una audiencia con el intendente Manzanelli"},"content":{"rendered":"<div class=\"wp-block-image\">\n<figure class=\"aligncenter size-large is-resized\"><img loading=\"lazy\" decoding=\"async\" src=\"https:\/\/atecordoba.org\/wp-content\/uploads\/2023\/10\/minaclaveronormalizadores-1024x576.jpg\" alt=\"\" class=\"wp-image-39464\" width=\"768\" height=\"432\" \/><\/figure>\n<\/div>\n\n\n<p>Una comitiva de ATE compuesta por las y los delegados normalizadores, Jasna Mascare\u00f1a, Jorge Ariel Pereyra y Mat\u00edas Santamar\u00eda, junto a la delegada del Hospital, Milagros Sozzi se reunieron hoy con el intendente de Mina Clavero, Claudio Manzanelli, para plantear cuestiones como un aumento de suma fija para las y los trabajadores, m\u00e1s all\u00e1 de su situaci\u00f3n contractual.<\/p>\n\n\n\n<p>En tal sentido, el Ejecutivo qued\u00f3 en responder al plateo en 10 d\u00edas.<\/p>\n\n\n\n<p>Adem\u00e1s, en la oportunidad se habl\u00f3 de un aumento para el sector salud, llegando a un acuerdo que fija la recomposici\u00f3n en un punto intermedio entre lo que paga la comunidad regional y los trabajadores del sector de los municipios del Valle de Traslasierra.<\/p>\n\n\n\n<p>Por \u00faltimo, el intendente Manzanelli dio su acuerdo para que desde ATE se presente una nota con el objetivo de conformar de una Mesa de Relaciones Laborales donde est\u00e9n presentes no solo el Departamento Ejecutivo sino el Concejo Deliberante, tanto los bloques como la Presidencia, a los fines de evaluar el proyecto armado por ATE para efectivizar el personal a trav\u00e9s del pase a planta permanente para las y los municipales de Mina clavero.<\/p>\n","protected":false},"excerpt":{"rendered":"<p>Una comitiva de ATE compuesta por las y los delegados normalizadores, Jasna Mascare\u00f1a, Jorge Ariel Pereyra y Mat\u00edas Santamar\u00eda, junto a la delegada del Hospital, Milagros Sozzi se reunieron hoy con el intendente de Mina Clavero, Claudio Manzanelli, para plantear cuestiones como un aumento de suma fija para las y los trabajadores, m\u00e1s all\u00e1 de [&hellip;]<\/p>\n","protected":false},"author":7,"featured_media":39464,"comment_status":"open","ping_status":"open","sticky":false,"template":"","format":"standard","meta":{"_exactmetrics_skip_tracking":false,"_exactmetrics_sitenote_active":false,"_exactmetrics_sitenote_note":"","_exactmetrics_sitenote_category":0,"jnews-multi-image_gallery":[],"jnews_single_post":{"subtitle":"Nuestro gremio solicit\u00f3 el pago de una suma fija para todo el personal, m\u00e1s all\u00e1 de su situaci\u00f3n contractual.","format":"standard","video":"","gallery":"","source_name":"","source_url":"","via_name":"","via_url":"","override_template":"0","override":[{"template":"1","single_blog_custom":"","parallax":"1","fullscreen":"1","layout":"no-sidebar-narrow","sidebar":"default-sidebar","second_sidebar":"default-sidebar","sticky_sidebar":"1","share_position":"bottom","share_float_style":"share-monocrhome","show_share_counter":"1","show_view_counter":"1","show_featured":"0","show_post_meta":"1","show_post_author":"0","show_post_author_image":"1","show_post_date":"1","post_date_format":"default","post_date_format_custom":"Y\/m\/d","show_post_category":"1","show_post_reading_time":"0","post_reading_time_wpm":"300","show_zoom_button":"0","zoom_button_out_step":"2","zoom_button_in_step":"3","show_post_tag":"1","show_prev_next_post":"0","show_popup_post":"0","number_popup_post":"1","show_author_box":"0","show_post_related":"1","show_inline_post_related":"0"}],"override_image_size":"0","image_override":[{"single_post_thumbnail_size":"crop-500","single_post_gallery_size":"crop-500"}],"trending_post":"0","trending_post_position":"meta","trending_post_label":"Trending","sponsored_post":"0","sponsored_post_label":"Sponsored by","sponsored_post_name":"","sponsored_post_url":"","sponsored_post_logo_enable":"0","sponsored_post_logo":"","sponsored_post_desc":"","disable_ad":"0"},"jnews_primary_category":{"id":"","hide":""},"jnews_social_meta":{"fb_title":"","fb_description":"","fb_image":"","twitter_title":"","twitter_description":"","twitter_image":""},"jnews_review":[],"enable_review":"0","type":"percentage","name":"","summary":"","brand":"","sku":"","good":[{"good_text":""}],"bad":[{"bad_text":""}],"score_override":"","override_value":"","rating":[{"rating_text":"","rating_number":"10"}],"price":[{"shop":"","price":"","link":"","icon":""}],"jnews_override_counter":{"override_view_counter":"0","view_counter_number":"0","override_share_counter":"0","share_counter_number":"0","override_like_counter":"0","like_counter_number":"0","override_dislike_counter":"0","dislike_counter_number":"0"},"jnews_post_split":{"enable_post_split":"0","post_split":[{"template":"1","tag":"h2","numbering":"asc","mode":"normal","first":"0","enable_toc":"0","toc_type":"normal"}]},"footnotes":""},"categories":[20],"tags":[],"class_list":["post-39462","post","type-post","status-publish","format-standard","has-post-thumbnail","hentry","category-municipales"],"jetpack_featured_media_url":"https:\/\/atecordoba.org\/wp-content\/uploads\/2023\/10\/minaclaveronormalizadores-e1697647563671.jpg","_links":{"self":[{"href":"https:\/\/atecordoba.org\/index.php?rest_route=\/wp\/v2\/posts\/39462","targetHints":{"allow":["GET"]}}],"collection":[{"href":"https:\/\/atecordoba.org\/index.php?rest_route=\/wp\/v2\/posts"}],"about":[{"href":"https:\/\/atecordoba.org\/index.php?rest_route=\/wp\/v2\/types\/post"}],"author":[{"embeddable":true,"href":"https:\/\/atecordoba.org\/index.php?rest_route=\/wp\/v2\/users\/7"}],"replies":[{"embeddable":true,"href":"https:\/\/atecordoba.org\/index.php?rest_route=%2Fwp%2Fv2%2Fcomments&post=39462"}],"version-history":[{"count":1,"href":"https:\/\/atecordoba.org\/index.php?rest_route=\/wp\/v2\/posts\/39462\/revisions"}],"predecessor-version":[{"id":39465,"href":"https:\/\/atecordoba.org\/index.php?rest_route=\/wp\/v2\/posts\/39462\/revisions\/39465"}],"wp:featuredmedia":[{"embeddable":true,"href":"https:\/\/atecordoba.org\/index.php?rest_route=\/wp\/v2\/media\/39464"}],"wp:attachment":[{"href":"https:\/\/atecordoba.org\/index.php?rest_route=%2Fwp%2Fv2%2Fmedia&parent=39462"}],"wp:term":[{"taxonomy":"category","embeddable":true,"href":"https:\/\/atecordoba.org\/index.php?rest_route=%2Fwp%2Fv2%2Fcategories&post=39462"},{"taxonomy":"post_tag","embeddable":true,"href":"https:\/\/atecordoba.org\/index.php?rest_route=%2Fwp%2Fv2%2Ftags&post=39462"}],"curies":[{"name":"wp","href":"https:\/\/api.w.org\/{rel}","templated":true}]}}