{"id":3946,"date":"2014-03-26T18:12:19","date_gmt":"2014-03-26T21:12:19","guid":{"rendered":"http:\/\/www.atecordoba.org\/?p=3946"},"modified":"2014-03-26T18:12:19","modified_gmt":"2014-03-26T21:12:19","slug":"ate-repudia-el-despido-de-dos-trabajadores-del-hospital-rawson","status":"publish","type":"post","link":"https:\/\/atecordoba.org\/?p=3946","title":{"rendered":"ATE repudia el despido de dos trabajadores del Hospital Rawson"},"content":{"rendered":"<p><em>La medida del gobierno se produce en el marco de las protestas que se desarrollaron en el centro de salud y es una represalia de la direcci\u00f3n que apunta al disciplinamiento por ser uno de los hospitales m\u00e1s combativos en el marco de plan de lucha de nuestro gremio<\/em><\/p>\n<p style=\"text-align: center;\"><a href=\"http:\/\/www.atecordoba.org\/wp-content\/uploads\/2014\/03\/IMG_5730.jpg\"><img loading=\"lazy\" decoding=\"async\" class=\"aligncenter  wp-image-3947\" alt=\"IMG_5730\" src=\"http:\/\/www.atecordoba.org\/wp-content\/uploads\/2014\/03\/IMG_5730.jpg\" width=\"448\" height=\"336\" \/><\/a><\/p>\n<p>Se trata de dos trabajadores administrativos, precarizados como monotributistas desde hace dos a\u00f1os lo que saca a la luz la falta de condiciones de trabajo que aseguren la estabilidad laboral en los hospitales provinciales.\u00a0Vale se\u00f1alar que ya hay una compa\u00f1era enfermera, Mar\u00eda In\u00e9s Palacio, encarcelada en un turbio proceso judicial.<\/p>\n<p>ATE repudia los despidos y exige su inmediata reincorporaci\u00f3n.\u00a0En tanto, para ma\u00f1ana programada una asamblea a las 10.30 en el Rawson para determinar los pasos a seguir.<\/p>\n<p>&nbsp;<\/p>\n","protected":false},"excerpt":{"rendered":"<p>La medida del gobierno se produce en el marco de las protestas que se desarrollaron en el centro de salud y es una represalia de la direcci\u00f3n que apunta al disciplinamiento por ser uno de los hospitales m\u00e1s combativos en el marco de plan de lucha de nuestro gremio Se trata de dos trabajadores administrativos, [&hellip;]<\/p>\n","protected":false},"author":1,"featured_media":19220,"comment_status":"open","ping_status":"open","sticky":false,"template":"","format":"standard","meta":{"_exactmetrics_skip_tracking":false,"_exactmetrics_sitenote_active":false,"_exactmetrics_sitenote_note":"","_exactmetrics_sitenote_category":0,"jnews-multi-image_gallery":[],"jnews_single_post":[],"jnews_primary_category":[],"jnews_social_meta":[],"jnews_review":[],"enable_review":"","type":"","name":"","summary":"","brand":"","sku":"","good":[],"bad":[],"score_override":"","override_value":"","rating":[],"price":[],"jnews_override_counter":[],"jnews_post_split":[],"footnotes":""},"categories":[7,8],"tags":[],"class_list":["post-3946","post","type-post","status-publish","format-standard","has-post-thumbnail","hentry","category-hospitales","category-provinciales"],"jetpack_featured_media_url":"https:\/\/atecordoba.org\/wp-content\/uploads\/2020\/05\/logo-nuevochico-e1561581322808.png","_links":{"self":[{"href":"https:\/\/atecordoba.org\/index.php?rest_route=\/wp\/v2\/posts\/3946","targetHints":{"allow":["GET"]}}],"collection":[{"href":"https:\/\/atecordoba.org\/index.php?rest_route=\/wp\/v2\/posts"}],"about":[{"href":"https:\/\/atecordoba.org\/index.php?rest_route=\/wp\/v2\/types\/post"}],"author":[{"embeddable":true,"href":"https:\/\/atecordoba.org\/index.php?rest_route=\/wp\/v2\/users\/1"}],"replies":[{"embeddable":true,"href":"https:\/\/atecordoba.org\/index.php?rest_route=%2Fwp%2Fv2%2Fcomments&post=3946"}],"version-history":[{"count":0,"href":"https:\/\/atecordoba.org\/index.php?rest_route=\/wp\/v2\/posts\/3946\/revisions"}],"wp:featuredmedia":[{"embeddable":true,"href":"https:\/\/atecordoba.org\/index.php?rest_route=\/wp\/v2\/media\/19220"}],"wp:attachment":[{"href":"https:\/\/atecordoba.org\/index.php?rest_route=%2Fwp%2Fv2%2Fmedia&parent=3946"}],"wp:term":[{"taxonomy":"category","embeddable":true,"href":"https:\/\/atecordoba.org\/index.php?rest_route=%2Fwp%2Fv2%2Fcategories&post=3946"},{"taxonomy":"post_tag","embeddable":true,"href":"https:\/\/atecordoba.org\/index.php?rest_route=%2Fwp%2Fv2%2Ftags&post=3946"}],"curies":[{"name":"wp","href":"https:\/\/api.w.org\/{rel}","templated":true}]}}