{"id":39448,"date":"2023-10-17T15:11:12","date_gmt":"2023-10-17T18:11:12","guid":{"rendered":"https:\/\/atecordoba.org\/?p=39448"},"modified":"2023-10-17T15:12:23","modified_gmt":"2023-10-17T18:12:23","slug":"la-paz-recorrida-por-el-hospital-y-audiencia-con-el-departamento-ejecutivo","status":"publish","type":"post","link":"https:\/\/atecordoba.org\/?p=39448","title":{"rendered":"La Paz: recorrida por el hospital y audiencia con el Departamento Ejecutivo"},"content":{"rendered":"<div class=\"wp-block-image\">\n<figure class=\"aligncenter size-full is-resized\"><img loading=\"lazy\" decoding=\"async\" src=\"https:\/\/atecordoba.org\/wp-content\/uploads\/2023\/10\/lapaz1710-1.jpg\" alt=\"\" class=\"wp-image-39451\" width=\"720\" height=\"636\" \/><figcaption class=\"wp-element-caption\">La delegada Zulma Pereyra, Julia Giuliani del CDP, junto al secretario de Econom\u00eda Franco Suau.<\/figcaption><\/figure>\n<\/div>\n\n\n<p>La secretaria de Prensa de ATE C\u00f3rdoba, Julia Giuliani, realiz\u00f3 esta ma\u00f1ana una recorrida en la localidad de La Paz, Traslasierra, visitando el Hospital Municipal Santa Rita. En di\u00e1logo con las y los trabajadores se relevaron las problem\u00e1ticas del sector, no solo en lo salarial -punto prioritario en la agenda gremial- si no tambi\u00e9n respecto a la cobertura que reciben de ART.<\/p>\n\n\n\n<p>Posteriormente, junto a la delegada Zulma Pereyra, la dirigente de ATE concurri\u00f3 a una audiencia con el secretario de Econom\u00eda, Franco Suau, a quien se le plante\u00f3 la urgencia de un aumento salarial que compense la escalada inflacionaria, en forma de recomposici\u00f3n o mediante el pago de un bono igual al que pag\u00f3 la Naci\u00f3n recientemente.<\/p>\n\n\n\n<p>Ante la pr\u00f3xima reuni\u00f3n se plante\u00f3 la conformaci\u00f3n de una mesa de relaciones laborales donde ATE pueda canalizar con mayor din\u00e1mica la agenda gremial. En esa grilla de puntos a tratar se ubica la realizaci\u00f3n de un Estatuto del Trabajador Municipal.<\/p>\n","protected":false},"excerpt":{"rendered":"<p>La secretaria de Prensa de ATE C\u00f3rdoba, Julia Giuliani, realiz\u00f3 esta ma\u00f1ana una recorrida en la localidad de La Paz, Traslasierra, visitando el Hospital Municipal Santa Rita. En di\u00e1logo con las y los trabajadores se relevaron las problem\u00e1ticas del sector, no solo en lo salarial -punto prioritario en la agenda gremial- si no tambi\u00e9n respecto [&hellip;]<\/p>\n","protected":false},"author":7,"featured_media":39454,"comment_status":"open","ping_status":"open","sticky":false,"template":"","format":"standard","meta":{"_exactmetrics_skip_tracking":false,"_exactmetrics_sitenote_active":false,"_exactmetrics_sitenote_note":"","_exactmetrics_sitenote_category":0,"jnews-multi-image_gallery":[],"jnews_single_post":{"subtitle":"En una reuni\u00f3n con el secretario de Econom\u00eda, Franco Suau, ATE plante\u00f3 la urgencia de un aumento salarial que compense la escalada inflacionaria.","format":"standard","video":"","gallery":"","source_name":"","source_url":"","via_name":"","via_url":"","override_template":"0","override":[{"template":"1","single_blog_custom":"","parallax":"1","fullscreen":"1","layout":"no-sidebar-narrow","sidebar":"default-sidebar","second_sidebar":"default-sidebar","sticky_sidebar":"1","share_position":"bottom","share_float_style":"share-monocrhome","show_share_counter":"1","show_view_counter":"1","show_featured":"0","show_post_meta":"1","show_post_author":"0","show_post_author_image":"1","show_post_date":"1","post_date_format":"default","post_date_format_custom":"Y\/m\/d","show_post_category":"1","show_post_reading_time":"0","post_reading_time_wpm":"300","show_zoom_button":"0","zoom_button_out_step":"2","zoom_button_in_step":"3","show_post_tag":"1","show_prev_next_post":"0","show_popup_post":"0","number_popup_post":"1","show_author_box":"0","show_post_related":"1","show_inline_post_related":"0"}],"override_image_size":"0","image_override":[{"single_post_thumbnail_size":"crop-500","single_post_gallery_size":"crop-500"}],"trending_post":"0","trending_post_position":"meta","trending_post_label":"Trending","sponsored_post":"0","sponsored_post_label":"Sponsored by","sponsored_post_name":"","sponsored_post_url":"","sponsored_post_logo_enable":"0","sponsored_post_logo":"","sponsored_post_desc":"","disable_ad":"0"},"jnews_primary_category":{"id":"","hide":""},"jnews_social_meta":{"fb_title":"","fb_description":"","fb_image":"","twitter_title":"","twitter_description":"","twitter_image":""},"jnews_review":[],"enable_review":"0","type":"percentage","name":"","summary":"","brand":"","sku":"","good":[{"good_text":""}],"bad":[{"bad_text":""}],"score_override":"","override_value":"","rating":[{"rating_text":"","rating_number":"10"}],"price":[{"shop":"","price":"","link":"","icon":""}],"jnews_override_counter":{"override_view_counter":"0","view_counter_number":"0","override_share_counter":"0","share_counter_number":"0","override_like_counter":"0","like_counter_number":"0","override_dislike_counter":"0","dislike_counter_number":"0"},"jnews_post_split":{"enable_post_split":"0","post_split":[{"template":"1","tag":"h2","numbering":"asc","mode":"normal","first":"0","enable_toc":"0","toc_type":"normal"}]},"footnotes":""},"categories":[20],"tags":[],"class_list":["post-39448","post","type-post","status-publish","format-standard","has-post-thumbnail","hentry","category-municipales"],"jetpack_featured_media_url":"https:\/\/atecordoba.org\/wp-content\/uploads\/2023\/10\/lapaz1710-2.jpg","_links":{"self":[{"href":"https:\/\/atecordoba.org\/index.php?rest_route=\/wp\/v2\/posts\/39448","targetHints":{"allow":["GET"]}}],"collection":[{"href":"https:\/\/atecordoba.org\/index.php?rest_route=\/wp\/v2\/posts"}],"about":[{"href":"https:\/\/atecordoba.org\/index.php?rest_route=\/wp\/v2\/types\/post"}],"author":[{"embeddable":true,"href":"https:\/\/atecordoba.org\/index.php?rest_route=\/wp\/v2\/users\/7"}],"replies":[{"embeddable":true,"href":"https:\/\/atecordoba.org\/index.php?rest_route=%2Fwp%2Fv2%2Fcomments&post=39448"}],"version-history":[{"count":1,"href":"https:\/\/atecordoba.org\/index.php?rest_route=\/wp\/v2\/posts\/39448\/revisions"}],"predecessor-version":[{"id":39452,"href":"https:\/\/atecordoba.org\/index.php?rest_route=\/wp\/v2\/posts\/39448\/revisions\/39452"}],"wp:featuredmedia":[{"embeddable":true,"href":"https:\/\/atecordoba.org\/index.php?rest_route=\/wp\/v2\/media\/39454"}],"wp:attachment":[{"href":"https:\/\/atecordoba.org\/index.php?rest_route=%2Fwp%2Fv2%2Fmedia&parent=39448"}],"wp:term":[{"taxonomy":"category","embeddable":true,"href":"https:\/\/atecordoba.org\/index.php?rest_route=%2Fwp%2Fv2%2Fcategories&post=39448"},{"taxonomy":"post_tag","embeddable":true,"href":"https:\/\/atecordoba.org\/index.php?rest_route=%2Fwp%2Fv2%2Ftags&post=39448"}],"curies":[{"name":"wp","href":"https:\/\/api.w.org\/{rel}","templated":true}]}}