{"id":39438,"date":"2023-10-17T14:15:07","date_gmt":"2023-10-17T17:15:07","guid":{"rendered":"https:\/\/atecordoba.org\/?p=39438"},"modified":"2023-10-17T14:24:17","modified_gmt":"2023-10-17T17:24:17","slug":"villa-cura-brochero-ate-se-reunio-con-intendente-y-cerro-un-26-de-aumento-salarial-para-octubre-y-noviembre","status":"publish","type":"post","link":"https:\/\/atecordoba.org\/?p=39438","title":{"rendered":"Villa Cura Brochero: ATE se reuni\u00f3 con intendente y  cerr\u00f3 un 26% de aumento salarial para octubre y noviembre"},"content":{"rendered":"<div class=\"wp-block-image\">\n<figure class=\"aligncenter size-large is-resized\"><img loading=\"lazy\" decoding=\"async\" src=\"https:\/\/atecordoba.org\/wp-content\/uploads\/2023\/10\/curabrocheroaudiencia1710-1024x576.jpg\" alt=\"\" class=\"wp-image-39439\" width=\"768\" height=\"432\" \/><\/figure>\n<\/div>\n\n\n<p>En una audiencia celebrada hoy con el intendente de la localidad de Villa Cura Brochero, Carlos Mar\u00eda Oviedo, ATE acord\u00f3 un aumento salarial del 26% para las y los municipales del sector, a pagarse de forma no remunerativa en octubre y noviembre, abon\u00e1ndose un 13% cada mes.<\/p>\n\n\n\n<p>De esta forma, ATE logra que ya a partir del pr\u00f3ximo sueldo de octubre la comuna comience a compensar en los salarios municipales la escalada inflacionaria que se abate sobre la econom\u00eda de las familias estatales. <\/p>\n\n\n\n<p>En la oportunidad estuvieron presentes en representaci\u00f3n de nuestro gremio el secretario de Organizaci\u00f3n del Consejo Directivo Provincial, Javier Bracamonte,  el vocal, Jos\u00e9 Baigorr\u00eda, junto a las y los delegados de ATE Traslasierra Hugo Galaburri, Milagros Sozzi y Jos\u00e9 Tapia. <\/p>\n\n\n\n<p><strong>Reincorporaci\u00f3n<\/strong><\/p>\n\n\n\n<p>A su vez, en la audiencia se acord\u00f3 la reincorporaci\u00f3n del compa\u00f1ero Juan Tapia, con un contrato a plazo para volver a su puesto de trabajo. Cabe mencionar que Tapia<a href=\"https:\/\/atecordoba.org\/?p=37698\"> fue despedido en julio pasado junto a otras y otros 29 compa\u00f1eros<\/a>, muchos de los cuales ya retornaron a su lugar de trabajo. Pero a Tapia la Municipalidad pretendi\u00f3 reincorporarlo como pasante. Ahora el compa\u00f1ero recupera su lugar de trabajo en iguales condiciones a las que ten\u00eda previamente.<\/p>\n\n\n\n<p>En la agenda gremial que se abord\u00f3 hoy, se incorpor\u00f3 el reclamo por la muda de trabajo, que el departamento de RRHH evaluar\u00e1 en funci\u00f3n de las tareas realizadas por el personal. En tanto, el Ejecutivo se comprometi\u00f3 a plasmar una pol\u00edtica referido a Higiene y Seguridad en el Trabajo, dictando cursos de capacitaci\u00f3n para formar a las y los municipales de la localidad. <\/p>\n","protected":false},"excerpt":{"rendered":"<p>En una audiencia celebrada hoy con el intendente de la localidad de Villa Cura Brochero, Carlos Mar\u00eda Oviedo, ATE acord\u00f3 un aumento salarial del 26% para las y los municipales del sector, a pagarse de forma no remunerativa en octubre y noviembre, abon\u00e1ndose un 13% cada mes. De esta forma, ATE logra que ya a [&hellip;]<\/p>\n","protected":false},"author":7,"featured_media":39442,"comment_status":"open","ping_status":"open","sticky":false,"template":"","format":"standard","meta":{"_exactmetrics_skip_tracking":false,"_exactmetrics_sitenote_active":false,"_exactmetrics_sitenote_note":"","_exactmetrics_sitenote_category":0,"jnews-multi-image_gallery":[],"jnews_single_post":{"subtitle":"En la audiencia se acord\u00f3 la reincorporaci\u00f3n del compa\u00f1ero Juan Tapia, que cumpl\u00eda funciones como pasante y ahora contar\u00e1 con un contrato a plazo para volver a su puesto de trabajo. ","format":"standard","video":"","gallery":"","source_name":"","source_url":"","via_name":"","via_url":"","override_template":"0","override":[{"template":"1","single_blog_custom":"","parallax":"1","fullscreen":"1","layout":"no-sidebar-narrow","sidebar":"default-sidebar","second_sidebar":"default-sidebar","sticky_sidebar":"1","share_position":"bottom","share_float_style":"share-monocrhome","show_share_counter":"1","show_view_counter":"1","show_featured":"0","show_post_meta":"1","show_post_author":"0","show_post_author_image":"1","show_post_date":"1","post_date_format":"default","post_date_format_custom":"Y\/m\/d","show_post_category":"1","show_post_reading_time":"0","post_reading_time_wpm":"300","show_zoom_button":"0","zoom_button_out_step":"2","zoom_button_in_step":"3","show_post_tag":"1","show_prev_next_post":"0","show_popup_post":"0","number_popup_post":"1","show_author_box":"0","show_post_related":"1","show_inline_post_related":"0"}],"override_image_size":"0","image_override":[{"single_post_thumbnail_size":"crop-500","single_post_gallery_size":"crop-500"}],"trending_post":"0","trending_post_position":"meta","trending_post_label":"Trending","sponsored_post":"0","sponsored_post_label":"Sponsored by","sponsored_post_name":"","sponsored_post_url":"","sponsored_post_logo_enable":"0","sponsored_post_logo":"","sponsored_post_desc":"","disable_ad":"0"},"jnews_primary_category":{"id":"","hide":""},"jnews_social_meta":{"fb_title":"","fb_description":"","fb_image":"","twitter_title":"","twitter_description":"","twitter_image":""},"jnews_review":[],"enable_review":"0","type":"percentage","name":"","summary":"","brand":"","sku":"","good":[{"good_text":""}],"bad":[{"bad_text":""}],"score_override":"","override_value":"","rating":[{"rating_text":"","rating_number":"10"}],"price":[{"shop":"","price":"","link":"","icon":""}],"jnews_override_counter":{"override_view_counter":"0","view_counter_number":"0","override_share_counter":"0","share_counter_number":"0","override_like_counter":"0","like_counter_number":"0","override_dislike_counter":"0","dislike_counter_number":"0"},"jnews_post_split":{"enable_post_split":"0","post_split":[{"template":"1","tag":"h2","numbering":"asc","mode":"normal","first":"0","enable_toc":"0","toc_type":"normal"}]},"footnotes":""},"categories":[20],"tags":[],"class_list":["post-39438","post","type-post","status-publish","format-standard","has-post-thumbnail","hentry","category-municipales"],"jetpack_featured_media_url":"https:\/\/atecordoba.org\/wp-content\/uploads\/2023\/10\/curabrocheroaudiencia1710-1.jpg","_links":{"self":[{"href":"https:\/\/atecordoba.org\/index.php?rest_route=\/wp\/v2\/posts\/39438","targetHints":{"allow":["GET"]}}],"collection":[{"href":"https:\/\/atecordoba.org\/index.php?rest_route=\/wp\/v2\/posts"}],"about":[{"href":"https:\/\/atecordoba.org\/index.php?rest_route=\/wp\/v2\/types\/post"}],"author":[{"embeddable":true,"href":"https:\/\/atecordoba.org\/index.php?rest_route=\/wp\/v2\/users\/7"}],"replies":[{"embeddable":true,"href":"https:\/\/atecordoba.org\/index.php?rest_route=%2Fwp%2Fv2%2Fcomments&post=39438"}],"version-history":[{"count":4,"href":"https:\/\/atecordoba.org\/index.php?rest_route=\/wp\/v2\/posts\/39438\/revisions"}],"predecessor-version":[{"id":39447,"href":"https:\/\/atecordoba.org\/index.php?rest_route=\/wp\/v2\/posts\/39438\/revisions\/39447"}],"wp:featuredmedia":[{"embeddable":true,"href":"https:\/\/atecordoba.org\/index.php?rest_route=\/wp\/v2\/media\/39442"}],"wp:attachment":[{"href":"https:\/\/atecordoba.org\/index.php?rest_route=%2Fwp%2Fv2%2Fmedia&parent=39438"}],"wp:term":[{"taxonomy":"category","embeddable":true,"href":"https:\/\/atecordoba.org\/index.php?rest_route=%2Fwp%2Fv2%2Fcategories&post=39438"},{"taxonomy":"post_tag","embeddable":true,"href":"https:\/\/atecordoba.org\/index.php?rest_route=%2Fwp%2Fv2%2Ftags&post=39438"}],"curies":[{"name":"wp","href":"https:\/\/api.w.org\/{rel}","templated":true}]}}