{"id":39427,"date":"2023-10-17T13:08:52","date_gmt":"2023-10-17T16:08:52","guid":{"rendered":"https:\/\/atecordoba.org\/?p=39427"},"modified":"2023-10-17T13:48:01","modified_gmt":"2023-10-17T16:48:01","slug":"alta-gracia-se-desarrolla-con-normalidad-la-eleccion-de-delegadas-os-pese-a-la-oposicion-el-intendente-marcos-torres","status":"publish","type":"post","link":"https:\/\/atecordoba.org\/?p=39427","title":{"rendered":"Alta Gracia: se desarrolla con normalidad la elecci\u00f3n de delegadas\/os pese a la oposici\u00f3n el intendente Marcos Torres"},"content":{"rendered":"<div class=\"wp-block-image\">\n<figure class=\"aligncenter size-large is-resized\"><img loading=\"lazy\" decoding=\"async\" src=\"https:\/\/atecordoba.org\/wp-content\/uploads\/2023\/10\/1-1-1024x768.jpg\" alt=\"\" class=\"wp-image-39428\" width=\"768\" height=\"576\" \/><\/figure>\n<\/div>\n\n\n<p>ATE llev\u00f3 a cabo hoy la elecci\u00f3n de delegadas y delegados municipales en la localidad de Alta Gracia. El voto de las y los municipales eligi\u00f3 a Pablo Guzm\u00e1n y Cintia Rosales para que los represente por los pr\u00f3ximos dos a\u00f1os, instalando a ATE como opci\u00f3n de representaci\u00f3n sindical en la Municipalidad, a pesar de la oposici\u00f3n del intendente Marcos Torres, muy c\u00f3modo con la actuaci\u00f3n del gremio local.<\/p>\n\n\n\n<p>El Consejo Directivo Provincial estuvo en el lugar garantizando la elecci\u00f3n, con una comitiva encabezada por el secretario de Interior, Diego Ch\u00e1vez.<\/p>\n\n\n\n<p>A la hora de evaluar la votaci\u00f3n, Chavez valor\u00f3 el compromiso de las y los trabajadores que se acerc\u00f3 a sufragar y apunt\u00f3 contra Torres. &#8220;El intendente Torres, en base a su negociado con el gremio local que le garantiza no tener problemas ante las p\u00e9simas condiciones de trabajo y los bajos salarios, niega legalidad a las elecciones convocadas por ATE aduciendo que nuestro gremio no cuenta con el \u00e1mbito de representaci\u00f3n legal para actuar en la Municipalidad&#8221;.<\/p>\n\n\n\n<figure class=\"wp-block-gallery has-nested-images columns-default is-cropped wp-block-gallery-1 is-layout-flex wp-block-gallery-is-layout-flex\">\n<figure class=\"wp-block-image size-large\"><img loading=\"lazy\" decoding=\"async\" width=\"1024\" height=\"768\" data-id=\"39430\" src=\"https:\/\/atecordoba.org\/wp-content\/uploads\/2023\/10\/3-1-1024x768.jpg\" alt=\"\" class=\"wp-image-39430\" srcset=\"https:\/\/atecordoba.org\/wp-content\/uploads\/2023\/10\/3-1-1024x768.jpg 1024w, https:\/\/atecordoba.org\/wp-content\/uploads\/2023\/10\/3-1-300x225.jpg 300w, https:\/\/atecordoba.org\/wp-content\/uploads\/2023\/10\/3-1-768x576.jpg 768w, https:\/\/atecordoba.org\/wp-content\/uploads\/2023\/10\/3-1-1536x1152.jpg 1536w, https:\/\/atecordoba.org\/wp-content\/uploads\/2023\/10\/3-1-750x563.jpg 750w, https:\/\/atecordoba.org\/wp-content\/uploads\/2023\/10\/3-1-1140x855.jpg 1140w, https:\/\/atecordoba.org\/wp-content\/uploads\/2023\/10\/3-1.jpg 1600w\" sizes=\"auto, (max-width: 1024px) 100vw, 1024px\" \/><\/figure>\n\n\n\n<figure class=\"wp-block-image size-large\"><img loading=\"lazy\" decoding=\"async\" width=\"1024\" height=\"768\" data-id=\"39429\" src=\"https:\/\/atecordoba.org\/wp-content\/uploads\/2023\/10\/Imagen-de-WhatsApp-2023-10-17-a-las-10.45.22_6f395799-1024x768.jpg\" alt=\"\" class=\"wp-image-39429\" srcset=\"https:\/\/atecordoba.org\/wp-content\/uploads\/2023\/10\/Imagen-de-WhatsApp-2023-10-17-a-las-10.45.22_6f395799-1024x768.jpg 1024w, https:\/\/atecordoba.org\/wp-content\/uploads\/2023\/10\/Imagen-de-WhatsApp-2023-10-17-a-las-10.45.22_6f395799-300x225.jpg 300w, https:\/\/atecordoba.org\/wp-content\/uploads\/2023\/10\/Imagen-de-WhatsApp-2023-10-17-a-las-10.45.22_6f395799-768x576.jpg 768w, https:\/\/atecordoba.org\/wp-content\/uploads\/2023\/10\/Imagen-de-WhatsApp-2023-10-17-a-las-10.45.22_6f395799-1536x1152.jpg 1536w, https:\/\/atecordoba.org\/wp-content\/uploads\/2023\/10\/Imagen-de-WhatsApp-2023-10-17-a-las-10.45.22_6f395799-750x563.jpg 750w, https:\/\/atecordoba.org\/wp-content\/uploads\/2023\/10\/Imagen-de-WhatsApp-2023-10-17-a-las-10.45.22_6f395799-1140x855.jpg 1140w, https:\/\/atecordoba.org\/wp-content\/uploads\/2023\/10\/Imagen-de-WhatsApp-2023-10-17-a-las-10.45.22_6f395799.jpg 1600w\" sizes=\"auto, (max-width: 1024px) 100vw, 1024px\" \/><\/figure>\n\n\n\n<figure class=\"wp-block-image size-large\"><img loading=\"lazy\" decoding=\"async\" width=\"1024\" height=\"768\" data-id=\"39431\" src=\"https:\/\/atecordoba.org\/wp-content\/uploads\/2023\/10\/2-1-1024x768.jpg\" alt=\"\" class=\"wp-image-39431\" srcset=\"https:\/\/atecordoba.org\/wp-content\/uploads\/2023\/10\/2-1-1024x768.jpg 1024w, https:\/\/atecordoba.org\/wp-content\/uploads\/2023\/10\/2-1-300x225.jpg 300w, https:\/\/atecordoba.org\/wp-content\/uploads\/2023\/10\/2-1-768x576.jpg 768w, https:\/\/atecordoba.org\/wp-content\/uploads\/2023\/10\/2-1-1536x1152.jpg 1536w, https:\/\/atecordoba.org\/wp-content\/uploads\/2023\/10\/2-1-750x563.jpg 750w, https:\/\/atecordoba.org\/wp-content\/uploads\/2023\/10\/2-1-1140x855.jpg 1140w, https:\/\/atecordoba.org\/wp-content\/uploads\/2023\/10\/2-1.jpg 1600w\" sizes=\"auto, (max-width: 1024px) 100vw, 1024px\" \/><\/figure>\n<\/figure>\n\n\n\n<p>En tal sentido, el dirigente declar\u00f3 que &#8220;as\u00ed y todo las elecciones se realizan en cada sector de trabajo, aun instalando las mesas en la vereda de cada espacio de trabajo. A pesar de la pol\u00edtica persecutoria del Ejecutivo la gente se est\u00e1 acercando a votar&#8221;.<\/p>\n\n\n\n<p>Y record\u00f3 que &#8220;ATE C\u00f3rdoba es un sindicato con representaci\u00f3n en los tres niveles del Estado (nacional, provincial y municipal) contando con la personer\u00eda gremial N\u00ba2 del pa\u00eds, as\u00ed que el intendente. Nuestro equipo asesor letrado har\u00e1 la denuncia correspondiente para que quede claro que ATE puede y debe estar en Alta Gracia, representando todos los compa\u00f1eros cuyo voto avala la presencia de nuestro gremio en la Municipalidad&#8221;.<\/p>\n\n\n\n<p>De esta forma, ATE contin\u00faa construyendo organizaci\u00f3n de las y los municipales en el Departamento Santa Mar\u00eda. <\/p>\n\n\n\n<p><strong>La perdida de confianza en el gobierno local<\/strong><\/p>\n\n\n\n<p>(fuente: subanelvolumen.com.ar) <\/p>\n\n\n<div class=\"wp-block-image\">\n<figure class=\"alignright size-full\"><img loading=\"lazy\" decoding=\"async\" width=\"540\" height=\"591\" src=\"https:\/\/atecordoba.org\/wp-content\/uploads\/2023\/10\/4-2.jpg\" alt=\"\" class=\"wp-image-39436\" srcset=\"https:\/\/atecordoba.org\/wp-content\/uploads\/2023\/10\/4-2.jpg 540w, https:\/\/atecordoba.org\/wp-content\/uploads\/2023\/10\/4-2-274x300.jpg 274w\" sizes=\"auto, (max-width: 540px) 100vw, 540px\" \/><\/figure>\n<\/div>\n\n\n<p><br>En una clara muestra de indiferencia hacia el sindicato estatal&nbsp;<strong>ATE<\/strong>&nbsp;(Asociaci\u00f3n de Trabajadores del Estado),<strong>&nbsp;el gobierno de Alta Gracia ha decidido mantenerse al margen de las solicitudes de reconocimiento de este gremio<\/strong>. Mientras los trabajadores estatales buscan legitimar su representaci\u00f3n, las autoridades no solo se niegan a dar respuesta, sino que tambi\u00e9n&nbsp;<strong>les han negado un espacio adecuado para llevar a cabo sus elecciones<\/strong>&nbsp;de delegados.<\/p>\n\n\n\n<p>ATE, un sindicato que&nbsp;<strong>representa a miles de empleados p\u00fablicos en el pa\u00eds<\/strong>, se encuentra en un limbo legal en Alta Gracia. Han presentado solicitudes de reconocimiento al gobierno local, pero este se mantiene en silencio, dejando a los trabajadores en un estado de incertidumbre y vulnerabilidad.<strong>&nbsp;La falta de reconocimiento impide que ATE tenga voz en las decisiones que afectan directamente a sus miembros, lo que atenta contra los derechos laborales de los trabajadores<\/strong>&nbsp;estatales en la ciudad.<\/p>\n\n\n\n<p>El desprecio del gobierno local hacia ATE no termina en la falta de reconocimiento, ya que<strong>&nbsp;tambi\u00e9n se niegan a proporcionar un espacio adecuado para que el sindicato realice sus elecciones<\/strong>&nbsp;de delegados de manera leg\u00edtima. La administraci\u00f3n local<strong>&nbsp;ha cerrado las puertas a la posibilidad de un di\u00e1logo constructivo<\/strong>&nbsp;y, como resultado, los trabajadores de ATE se ven obligados a realizar sus elecciones en<em>&nbsp;condiciones precarias y en lugares poco apropiados.<\/em><\/p>\n\n\n\n<p><strong>Las elecciones de delegados<\/strong>, que son fundamentales para que los trabajadores puedan defender sus derechos laborales y mantener una comunicaci\u00f3n efectiva con la administraci\u00f3n,&nbsp;<strong>se est\u00e1n llevando a cabo de manera itinerante.<\/strong>&nbsp;Los empleados p\u00fablicos de Alta Gracia se ven forzados a buscar lugares alternativos para llevar a cabo este proceso democr\u00e1tico. Espacios como&nbsp;<strong>Maestranza, el Bingo Municipal, el Vivero Municipal y la Planta Hormigonera<\/strong>&nbsp;se han convertido en improvisados centros de votaci\u00f3n, debido a la falta de cooperaci\u00f3n por parte de las autoridades locales.<\/p>\n\n\n\n<p>Este desprecio por los derechos laborales de los empleados estatales y la falta de voluntad para negociar con ATE no solo socavan la representatividad de los trabajadores, sino que tambi\u00e9n debilitan la confianza en el gobierno local.<strong>&nbsp;En lugar de fomentar un ambiente de colaboraci\u00f3n y respeto mutuo, las acciones del gobierno de Alta Gracia parecen destinadas a socavar la labor de un sindicato<\/strong>&nbsp;leg\u00edtimo que busca luchar por los derechos de los trabajadores,&nbsp;<strong>y termina beneficiando a SITRAMAG<\/strong>, lo cual genera suspicacias sobre el porqu\u00e9 de dicho favoritismo&nbsp;<strong>\u00bfQui\u00e9n se beneficia manteniendo el monopolio gremial?<\/strong><\/p>\n\n\n\n<p>Como nota de color, se comenta que&nbsp;<strong>los jefes de \u00e1rea no suelen llegar temprano, y sin embargo hoy todos los funcionarios<\/strong>&nbsp;a la cabeza de cada lugar donde se realizan estas elecciones,&nbsp;<strong>dijeron presente a primera hora<\/strong>. Esto, sumado a los comentarios que hemos recibido en la redacci\u00f3n sobre&nbsp;<strong>amenazas y presiones<\/strong>&nbsp;para evitar que ATE haga pie en Alta Gracia no hacen m\u00e1s que&nbsp;<strong>ensombrecer un proceso que deber\u00eda ser transparente<\/strong>&nbsp;y com\u00fan.<\/p>\n\n\n\n<p>Es hora de que el gobierno de Alta Gracia escuche las demandas de los trabajadores de ATE y act\u00fae de manera responsable y justa.<strong>&nbsp;Negar el reconocimiento y obstaculizar la realizaci\u00f3n de elecciones de delegados socava la democracia y los derechos laborales de los empleados<\/strong>&nbsp;estatales en la ciudad. Es hora de abrir el juego, que se reconozca a ATE y&nbsp;<em>se respeten los&nbsp;<strong>derechos fundamentales<\/strong>&nbsp;de los trabajadores en Alta Gracia.<\/em><\/p>\n","protected":false},"excerpt":{"rendered":"<p>ATE llev\u00f3 a cabo hoy la elecci\u00f3n de delegadas y delegados municipales en la localidad de Alta Gracia. El voto de las y los municipales eligi\u00f3 a Pablo Guzm\u00e1n y Cintia Rosales para que los represente por los pr\u00f3ximos dos a\u00f1os, instalando a ATE como opci\u00f3n de representaci\u00f3n sindical en la Municipalidad, a pesar de [&hellip;]<\/p>\n","protected":false},"author":7,"featured_media":39428,"comment_status":"open","ping_status":"open","sticky":false,"template":"","format":"standard","meta":{"_exactmetrics_skip_tracking":false,"_exactmetrics_sitenote_active":false,"_exactmetrics_sitenote_note":"","_exactmetrics_sitenote_category":0,"jnews-multi-image_gallery":[],"jnews_single_post":{"subtitle":"\"Las elecciones se realizan en cada sector de trabajo, aun instalando las mesas en la vereda de cada espacio de trabajo. A pesar de la pol\u00edtica persecutoria del Ejecutivo la gente se est\u00e1 acercando a votar\", dijo el secretario de Interior del CDP, Diego Ch\u00e1vez. ","format":"standard","video":"","gallery":"","source_name":"","source_url":"","via_name":"","via_url":"","override_template":"0","override":[{"template":"1","single_blog_custom":"","parallax":"1","fullscreen":"1","layout":"no-sidebar-narrow","sidebar":"default-sidebar","second_sidebar":"default-sidebar","sticky_sidebar":"1","share_position":"bottom","share_float_style":"share-monocrhome","show_share_counter":"1","show_view_counter":"1","show_featured":"0","show_post_meta":"1","show_post_author":"0","show_post_author_image":"1","show_post_date":"1","post_date_format":"default","post_date_format_custom":"Y\/m\/d","show_post_category":"1","show_post_reading_time":"0","post_reading_time_wpm":"300","show_zoom_button":"0","zoom_button_out_step":"2","zoom_button_in_step":"3","show_post_tag":"1","show_prev_next_post":"0","show_popup_post":"0","number_popup_post":"1","show_author_box":"0","show_post_related":"1","show_inline_post_related":"0"}],"override_image_size":"0","image_override":[{"single_post_thumbnail_size":"crop-500","single_post_gallery_size":"crop-500"}],"trending_post":"0","trending_post_position":"meta","trending_post_label":"Trending","sponsored_post":"0","sponsored_post_label":"Sponsored by","sponsored_post_name":"","sponsored_post_url":"","sponsored_post_logo_enable":"0","sponsored_post_logo":"","sponsored_post_desc":"","disable_ad":"0"},"jnews_primary_category":{"id":"","hide":""},"jnews_social_meta":{"fb_title":"","fb_description":"","fb_image":"","twitter_title":"","twitter_description":"","twitter_image":""},"jnews_review":[],"enable_review":"0","type":"percentage","name":"","summary":"","brand":"","sku":"","good":[{"good_text":""}],"bad":[{"bad_text":""}],"score_override":"","override_value":"","rating":[{"rating_text":"","rating_number":"10"}],"price":[{"shop":"","price":"","link":"","icon":""}],"jnews_override_counter":{"override_view_counter":"0","view_counter_number":"0","override_share_counter":"0","share_counter_number":"0","override_like_counter":"0","like_counter_number":"0","override_dislike_counter":"0","dislike_counter_number":"0"},"jnews_post_split":{"enable_post_split":"0","post_split":[{"template":"1","tag":"h2","numbering":"asc","mode":"normal","first":"0","enable_toc":"0","toc_type":"normal"}]},"footnotes":""},"categories":[20],"tags":[],"class_list":["post-39427","post","type-post","status-publish","format-standard","has-post-thumbnail","hentry","category-municipales"],"jetpack_featured_media_url":"https:\/\/atecordoba.org\/wp-content\/uploads\/2023\/10\/1-1-e1697561253507.jpg","_links":{"self":[{"href":"https:\/\/atecordoba.org\/index.php?rest_route=\/wp\/v2\/posts\/39427","targetHints":{"allow":["GET"]}}],"collection":[{"href":"https:\/\/atecordoba.org\/index.php?rest_route=\/wp\/v2\/posts"}],"about":[{"href":"https:\/\/atecordoba.org\/index.php?rest_route=\/wp\/v2\/types\/post"}],"author":[{"embeddable":true,"href":"https:\/\/atecordoba.org\/index.php?rest_route=\/wp\/v2\/users\/7"}],"replies":[{"embeddable":true,"href":"https:\/\/atecordoba.org\/index.php?rest_route=%2Fwp%2Fv2%2Fcomments&post=39427"}],"version-history":[{"count":2,"href":"https:\/\/atecordoba.org\/index.php?rest_route=\/wp\/v2\/posts\/39427\/revisions"}],"predecessor-version":[{"id":39437,"href":"https:\/\/atecordoba.org\/index.php?rest_route=\/wp\/v2\/posts\/39427\/revisions\/39437"}],"wp:featuredmedia":[{"embeddable":true,"href":"https:\/\/atecordoba.org\/index.php?rest_route=\/wp\/v2\/media\/39428"}],"wp:attachment":[{"href":"https:\/\/atecordoba.org\/index.php?rest_route=%2Fwp%2Fv2%2Fmedia&parent=39427"}],"wp:term":[{"taxonomy":"category","embeddable":true,"href":"https:\/\/atecordoba.org\/index.php?rest_route=%2Fwp%2Fv2%2Fcategories&post=39427"},{"taxonomy":"post_tag","embeddable":true,"href":"https:\/\/atecordoba.org\/index.php?rest_route=%2Fwp%2Fv2%2Ftags&post=39427"}],"curies":[{"name":"wp","href":"https:\/\/api.w.org\/{rel}","templated":true}]}}