{"id":39414,"date":"2023-10-12T12:42:12","date_gmt":"2023-10-12T15:42:12","guid":{"rendered":"https:\/\/atecordoba.org\/?p=39414"},"modified":"2023-10-12T12:42:12","modified_gmt":"2023-10-12T15:42:12","slug":"logro-de-ate-acuerdan-contratos-y-recategorizaciones-en-yacanto","status":"publish","type":"post","link":"https:\/\/atecordoba.org\/?p=39414","title":{"rendered":"Logro de ATE: acuerdan contratos y recategorizaciones en Yacanto"},"content":{"rendered":"<div class=\"wp-block-image\">\n<figure class=\"aligncenter size-large is-resized\"><img loading=\"lazy\" decoding=\"async\" src=\"https:\/\/atecordoba.org\/wp-content\/uploads\/2023\/10\/yacanto-1024x576.jpg\" alt=\"\" class=\"wp-image-39415\" width=\"768\" height=\"432\" \/><figcaption class=\"wp-element-caption\">La delegaci\u00f3n del consejo Directivo Provincial, junto a compa\u00f1eras y compa\u00f1eros municipales de Yacanto.<\/figcaption><\/figure>\n<\/div>\n\n\n<p>Tras lograr el reconocimiento como entidad sindical representativa en la Municipalidad de Yacanto, ya comienzan a alcanzarse los primeros logros para beneficio de las y los municipales de la localidad.<\/p>\n\n\n\n<p>En ese sentido, hoy ATE arrib\u00f3 a un acuerdo con el Concejo Deliberante de Yacanto que establece la recategorizaci\u00f3n de10 trabajadores teniendo en cuenta la antig\u00fcedad y las tareas que realizan en el Municipio, con el consecuente aumento salarial que implica. <\/p>\n\n\n\n<p>Seguidamente se acord\u00f3 el pase a contrato de 9 trabajadores que no ten\u00edan ning\u00fan tipo de registraci\u00f3n. De esta forma, nuestra organizaci\u00f3n contin\u00faa cumpliendo con el compromiso de mejorar la calidad de las condiciones de trabajo y el salario de las y los municipales del interior provincial. <\/p>\n\n\n\n<p>En la ocasi\u00f3n, la delegaci\u00f3n de ATE que suscribi\u00f3 el acuerdo estuvo integrada por la secretaria Adjunta electa de ATE C\u00f3rdoba, Gabriela Alcoba, el secretario Gremial electo, Jorge Chalup,  y el Vocal y dirigente municipal de ATE R\u00edo Primero, Jos\u00e9 Baigorria.<\/p>\n\n\n\n<figure class=\"wp-block-gallery has-nested-images columns-default is-cropped wp-block-gallery-1 is-layout-flex wp-block-gallery-is-layout-flex\">\n<figure class=\"wp-block-image size-large\"><a href=\"https:\/\/atecordoba.org\/wp-content\/uploads\/2023\/10\/Imagen-de-WhatsApp-2023-10-12-a-las-12.04.51_51bc4308.jpg\" target=\"_blank\" rel=\"noopener\"><img loading=\"lazy\" decoding=\"async\" width=\"1024\" height=\"1024\" data-id=\"39418\" src=\"https:\/\/atecordoba.org\/wp-content\/uploads\/2023\/10\/Imagen-de-WhatsApp-2023-10-12-a-las-12.04.51_51bc4308-1024x1024.jpg\" alt=\"\" class=\"wp-image-39418\" srcset=\"https:\/\/atecordoba.org\/wp-content\/uploads\/2023\/10\/Imagen-de-WhatsApp-2023-10-12-a-las-12.04.51_51bc4308-1024x1024.jpg 1024w, https:\/\/atecordoba.org\/wp-content\/uploads\/2023\/10\/Imagen-de-WhatsApp-2023-10-12-a-las-12.04.51_51bc4308-300x300.jpg 300w, https:\/\/atecordoba.org\/wp-content\/uploads\/2023\/10\/Imagen-de-WhatsApp-2023-10-12-a-las-12.04.51_51bc4308-150x150.jpg 150w, https:\/\/atecordoba.org\/wp-content\/uploads\/2023\/10\/Imagen-de-WhatsApp-2023-10-12-a-las-12.04.51_51bc4308-768x768.jpg 768w, https:\/\/atecordoba.org\/wp-content\/uploads\/2023\/10\/Imagen-de-WhatsApp-2023-10-12-a-las-12.04.51_51bc4308-560x560.jpg 560w, https:\/\/atecordoba.org\/wp-content\/uploads\/2023\/10\/Imagen-de-WhatsApp-2023-10-12-a-las-12.04.51_51bc4308-75x75.jpg 75w, https:\/\/atecordoba.org\/wp-content\/uploads\/2023\/10\/Imagen-de-WhatsApp-2023-10-12-a-las-12.04.51_51bc4308-350x350.jpg 350w, https:\/\/atecordoba.org\/wp-content\/uploads\/2023\/10\/Imagen-de-WhatsApp-2023-10-12-a-las-12.04.51_51bc4308-750x750.jpg 750w, https:\/\/atecordoba.org\/wp-content\/uploads\/2023\/10\/Imagen-de-WhatsApp-2023-10-12-a-las-12.04.51_51bc4308-1140x1140.jpg 1140w, https:\/\/atecordoba.org\/wp-content\/uploads\/2023\/10\/Imagen-de-WhatsApp-2023-10-12-a-las-12.04.51_51bc4308.jpg 1536w\" sizes=\"auto, (max-width: 1024px) 100vw, 1024px\" \/><\/a><\/figure>\n\n\n\n<figure class=\"wp-block-image size-large\"><a href=\"https:\/\/atecordoba.org\/wp-content\/uploads\/2023\/10\/yacanto2.jpg\" target=\"_blank\" rel=\"noopener\"><img loading=\"lazy\" decoding=\"async\" width=\"1024\" height=\"1024\" data-id=\"39417\" src=\"https:\/\/atecordoba.org\/wp-content\/uploads\/2023\/10\/yacanto2-1024x1024.jpg\" alt=\"\" class=\"wp-image-39417\" srcset=\"https:\/\/atecordoba.org\/wp-content\/uploads\/2023\/10\/yacanto2-1024x1024.jpg 1024w, https:\/\/atecordoba.org\/wp-content\/uploads\/2023\/10\/yacanto2-300x300.jpg 300w, https:\/\/atecordoba.org\/wp-content\/uploads\/2023\/10\/yacanto2-150x150.jpg 150w, https:\/\/atecordoba.org\/wp-content\/uploads\/2023\/10\/yacanto2-768x768.jpg 768w, https:\/\/atecordoba.org\/wp-content\/uploads\/2023\/10\/yacanto2-560x560.jpg 560w, https:\/\/atecordoba.org\/wp-content\/uploads\/2023\/10\/yacanto2-75x75.jpg 75w, https:\/\/atecordoba.org\/wp-content\/uploads\/2023\/10\/yacanto2-350x350.jpg 350w, https:\/\/atecordoba.org\/wp-content\/uploads\/2023\/10\/yacanto2-750x750.jpg 750w, https:\/\/atecordoba.org\/wp-content\/uploads\/2023\/10\/yacanto2-1140x1140.jpg 1140w, https:\/\/atecordoba.org\/wp-content\/uploads\/2023\/10\/yacanto2.jpg 1536w\" sizes=\"auto, (max-width: 1024px) 100vw, 1024px\" \/><\/a><\/figure>\n\n\n\n<figure class=\"wp-block-image size-large\"><a href=\"https:\/\/atecordoba.org\/wp-content\/uploads\/2023\/10\/yacanto3.jpg\" target=\"_blank\" rel=\"noopener\"><img loading=\"lazy\" decoding=\"async\" width=\"1024\" height=\"1024\" data-id=\"39416\" src=\"https:\/\/atecordoba.org\/wp-content\/uploads\/2023\/10\/yacanto3-1024x1024.jpg\" alt=\"\" class=\"wp-image-39416\" srcset=\"https:\/\/atecordoba.org\/wp-content\/uploads\/2023\/10\/yacanto3-1024x1024.jpg 1024w, https:\/\/atecordoba.org\/wp-content\/uploads\/2023\/10\/yacanto3-300x300.jpg 300w, https:\/\/atecordoba.org\/wp-content\/uploads\/2023\/10\/yacanto3-150x150.jpg 150w, https:\/\/atecordoba.org\/wp-content\/uploads\/2023\/10\/yacanto3-768x768.jpg 768w, https:\/\/atecordoba.org\/wp-content\/uploads\/2023\/10\/yacanto3-560x560.jpg 560w, https:\/\/atecordoba.org\/wp-content\/uploads\/2023\/10\/yacanto3-75x75.jpg 75w, https:\/\/atecordoba.org\/wp-content\/uploads\/2023\/10\/yacanto3-350x350.jpg 350w, https:\/\/atecordoba.org\/wp-content\/uploads\/2023\/10\/yacanto3-750x750.jpg 750w, https:\/\/atecordoba.org\/wp-content\/uploads\/2023\/10\/yacanto3-1140x1140.jpg 1140w, https:\/\/atecordoba.org\/wp-content\/uploads\/2023\/10\/yacanto3.jpg 1536w\" sizes=\"auto, (max-width: 1024px) 100vw, 1024px\" \/><\/a><\/figure>\n<\/figure>\n","protected":false},"excerpt":{"rendered":"<p>Tras lograr el reconocimiento como entidad sindical representativa en la Municipalidad de Yacanto, ya comienzan a alcanzarse los primeros logros para beneficio de las y los municipales de la localidad. En ese sentido, hoy ATE arrib\u00f3 a un acuerdo con el Concejo Deliberante de Yacanto que establece la recategorizaci\u00f3n de10 trabajadores teniendo en cuenta la [&hellip;]<\/p>\n","protected":false},"author":7,"featured_media":39415,"comment_status":"open","ping_status":"open","sticky":false,"template":"","format":"standard","meta":{"_exactmetrics_skip_tracking":false,"_exactmetrics_sitenote_active":false,"_exactmetrics_sitenote_note":"","_exactmetrics_sitenote_category":0,"jnews-multi-image_gallery":[],"jnews_single_post":{"subtitle":" De esta forma, nuestra organizaci\u00f3n contin\u00faa cumpliendo con el compromiso de mejorar la calidad de las condiciones de trabajo y el salario de las y los municipales del interior provincial. ","format":"standard","video":"","gallery":"","source_name":"","source_url":"","via_name":"","via_url":"","override_template":"0","override":[{"template":"1","single_blog_custom":"","parallax":"1","fullscreen":"1","layout":"no-sidebar-narrow","sidebar":"default-sidebar","second_sidebar":"default-sidebar","sticky_sidebar":"1","share_position":"bottom","share_float_style":"share-monocrhome","show_share_counter":"1","show_view_counter":"1","show_featured":"0","show_post_meta":"1","show_post_author":"0","show_post_author_image":"1","show_post_date":"1","post_date_format":"default","post_date_format_custom":"Y\/m\/d","show_post_category":"1","show_post_reading_time":"0","post_reading_time_wpm":"300","show_zoom_button":"0","zoom_button_out_step":"2","zoom_button_in_step":"3","show_post_tag":"1","show_prev_next_post":"0","show_popup_post":"0","number_popup_post":"1","show_author_box":"0","show_post_related":"1","show_inline_post_related":"0"}],"override_image_size":"0","image_override":[{"single_post_thumbnail_size":"crop-500","single_post_gallery_size":"crop-500"}],"trending_post":"0","trending_post_position":"meta","trending_post_label":"Trending","sponsored_post":"0","sponsored_post_label":"Sponsored by","sponsored_post_name":"","sponsored_post_url":"","sponsored_post_logo_enable":"0","sponsored_post_logo":"","sponsored_post_desc":"","disable_ad":"0"},"jnews_primary_category":{"id":"","hide":""},"jnews_social_meta":{"fb_title":"","fb_description":"","fb_image":"","twitter_title":"","twitter_description":"","twitter_image":""},"jnews_review":[],"enable_review":"0","type":"percentage","name":"","summary":"","brand":"","sku":"","good":[{"good_text":""}],"bad":[{"bad_text":""}],"score_override":"","override_value":"","rating":[{"rating_text":"","rating_number":"10"}],"price":[{"shop":"","price":"","link":"","icon":""}],"jnews_override_counter":{"override_view_counter":"0","view_counter_number":"0","override_share_counter":"0","share_counter_number":"0","override_like_counter":"0","like_counter_number":"0","override_dislike_counter":"0","dislike_counter_number":"0"},"jnews_post_split":{"enable_post_split":"0","post_split":[{"template":"1","tag":"h2","numbering":"asc","mode":"normal","first":"0","enable_toc":"0","toc_type":"normal"}]},"footnotes":""},"categories":[20],"tags":[],"class_list":["post-39414","post","type-post","status-publish","format-standard","has-post-thumbnail","hentry","category-municipales"],"jetpack_featured_media_url":"https:\/\/atecordoba.org\/wp-content\/uploads\/2023\/10\/yacanto-e1697125302416.jpg","_links":{"self":[{"href":"https:\/\/atecordoba.org\/index.php?rest_route=\/wp\/v2\/posts\/39414","targetHints":{"allow":["GET"]}}],"collection":[{"href":"https:\/\/atecordoba.org\/index.php?rest_route=\/wp\/v2\/posts"}],"about":[{"href":"https:\/\/atecordoba.org\/index.php?rest_route=\/wp\/v2\/types\/post"}],"author":[{"embeddable":true,"href":"https:\/\/atecordoba.org\/index.php?rest_route=\/wp\/v2\/users\/7"}],"replies":[{"embeddable":true,"href":"https:\/\/atecordoba.org\/index.php?rest_route=%2Fwp%2Fv2%2Fcomments&post=39414"}],"version-history":[{"count":1,"href":"https:\/\/atecordoba.org\/index.php?rest_route=\/wp\/v2\/posts\/39414\/revisions"}],"predecessor-version":[{"id":39419,"href":"https:\/\/atecordoba.org\/index.php?rest_route=\/wp\/v2\/posts\/39414\/revisions\/39419"}],"wp:featuredmedia":[{"embeddable":true,"href":"https:\/\/atecordoba.org\/index.php?rest_route=\/wp\/v2\/media\/39415"}],"wp:attachment":[{"href":"https:\/\/atecordoba.org\/index.php?rest_route=%2Fwp%2Fv2%2Fmedia&parent=39414"}],"wp:term":[{"taxonomy":"category","embeddable":true,"href":"https:\/\/atecordoba.org\/index.php?rest_route=%2Fwp%2Fv2%2Fcategories&post=39414"},{"taxonomy":"post_tag","embeddable":true,"href":"https:\/\/atecordoba.org\/index.php?rest_route=%2Fwp%2Fv2%2Ftags&post=39414"}],"curies":[{"name":"wp","href":"https:\/\/api.w.org\/{rel}","templated":true}]}}