{"id":39402,"date":"2023-10-11T16:03:05","date_gmt":"2023-10-11T19:03:05","guid":{"rendered":"https:\/\/atecordoba.org\/?p=39402"},"modified":"2023-10-18T13:33:47","modified_gmt":"2023-10-18T16:33:47","slug":"ffmm-los-trabajadores-se-aprestan-a-elegir-la-junta-interna-en-villa-maria-el-17-de-octubre","status":"publish","type":"post","link":"https:\/\/atecordoba.org\/?p=39402","title":{"rendered":"FFMM: los trabajadores se aprestan a elegir la Junta Interna en Villa Mar\u00eda el 17 de octubre"},"content":{"rendered":"<div class=\"wp-block-image\">\n<figure class=\"aligncenter size-large is-resized\"><img loading=\"lazy\" decoding=\"async\" src=\"https:\/\/atecordoba.org\/wp-content\/uploads\/2023\/10\/flyer-junta-interna-FFMM-1024x1024.jpg\" alt=\"\" class=\"wp-image-39403\" width=\"768\" height=\"768\" srcset=\"https:\/\/atecordoba.org\/wp-content\/uploads\/2023\/10\/flyer-junta-interna-FFMM-1024x1024.jpg 1024w, https:\/\/atecordoba.org\/wp-content\/uploads\/2023\/10\/flyer-junta-interna-FFMM-300x300.jpg 300w, https:\/\/atecordoba.org\/wp-content\/uploads\/2023\/10\/flyer-junta-interna-FFMM-150x150.jpg 150w, https:\/\/atecordoba.org\/wp-content\/uploads\/2023\/10\/flyer-junta-interna-FFMM-768x768.jpg 768w, https:\/\/atecordoba.org\/wp-content\/uploads\/2023\/10\/flyer-junta-interna-FFMM-560x560.jpg 560w, https:\/\/atecordoba.org\/wp-content\/uploads\/2023\/10\/flyer-junta-interna-FFMM-75x75.jpg 75w, https:\/\/atecordoba.org\/wp-content\/uploads\/2023\/10\/flyer-junta-interna-FFMM-350x350.jpg 350w, https:\/\/atecordoba.org\/wp-content\/uploads\/2023\/10\/flyer-junta-interna-FFMM-750x750.jpg 750w, https:\/\/atecordoba.org\/wp-content\/uploads\/2023\/10\/flyer-junta-interna-FFMM.jpg 1080w\" sizes=\"auto, (max-width: 768px) 100vw, 768px\" \/><figcaption class=\"wp-element-caption\">Lista Verde-Violeta que se presenta a la elecci\u00f3n de la Junta Interna de la FMVM.<\/figcaption><\/figure>\n<\/div>\n\n\n<p>Frente a los reclamos de mayor participaci\u00f3n y transparencia en la conducci\u00f3n gremial dentro de la F\u00e1brica Militar de P\u00f3lvora y Explosivos de Villa Mar\u00eda (FMVM) el pr\u00f3ximo 17 de octubre est\u00e1 convocada la elecci\u00f3n para elegir la Junta Interna de la planta estatal, que integra el circuito productivo de la Direcci\u00f3n General de Fabricaciones Militares.<\/p>\n\n\n\n<p>Integrada por nueve secretarios y cuatro vocales, la comisi\u00f3n directiva que propone la lista Verde-Violeta German Abdala est\u00e1 encabezada por el compa\u00f1ero Jonatan Cruze\u00f1o, que ya compitiera en la disputa de la seccional Villa Mar\u00eda en agosto pasado, poniendo en crisis a una conducci\u00f3n que desde hace d\u00e9cadas comanda nuestra ATE Villa Mar\u00eda. <\/p>\n\n\n\n<p>Ahora, se abre una nueva posibilidad de participaci\u00f3n colectiva, que la burocracia de la seccional intent\u00f3 obstruir, pero que la voluntad militante y participativa del conjunto del personal de la F\u00e1brica logr\u00f3 imponer, con el apoyo del Consejo Directivo Provincial. <\/p>\n\n\n<div class=\"wp-block-image\">\n<figure class=\"aligncenter size-full is-resized\"><img loading=\"lazy\" decoding=\"async\" src=\"https:\/\/atecordoba.org\/wp-content\/uploads\/2023\/10\/asamblea-villa-maria.jpg\" alt=\"\" class=\"wp-image-39404\" width=\"518\" height=\"768\" srcset=\"https:\/\/atecordoba.org\/wp-content\/uploads\/2023\/10\/asamblea-villa-maria.jpg 691w, https:\/\/atecordoba.org\/wp-content\/uploads\/2023\/10\/asamblea-villa-maria-202x300.jpg 202w\" sizes=\"auto, (max-width: 518px) 100vw, 518px\" \/><figcaption class=\"wp-element-caption\">Asamblea en el ingreso de la FMVM.<\/figcaption><\/figure>\n<\/div>\n\n\n<p>En tal sentido, el compa\u00f1ero Cruze\u00f1o explic\u00f3 que &#8220;ve\u00edamos con los compa\u00f1eros que en la F\u00e1brica Militar que se produc\u00edan una serie de acontecimientos donde los trabajadores no est\u00e1bamos teniendo participaci\u00f3n en la toma de decisiones. Creemos que como afiliados de ATE tenemos que participar de esas instancias, sobre todo que implican eventos muy importantes para FFMM y sus trabajadores&#8221;.<\/p>\n\n\n\n<p>Y se\u00f1ala que &#8220;frente a decisiones que fueron perjudiciales para el sindicato y para la f\u00e1brica, al no coincidir en la forma de pensar para tomar esas medidas, decidimos a principios del a\u00f1o pasado juntarnos con referentes de distintos sectores de la F\u00e1brica, de planta C,D,F, I. De ah\u00ed surge que la figura de Junta Interna nos daba la posibilidad de abrir un espacio de participaci\u00f3n. Lo debatimos con los compa\u00f1eros, bajo la premisa de hablar siempre con los compa\u00f1eros de base, con los que est\u00e1n implicados directamente con el trabajo, para tratar de resolver la muchas problem\u00e1ticas que surgen y que no est\u00e1n siendo atendidas&#8221;.<\/p>\n\n\n\n<p>Cruze\u00f1o apunta contra la conducci\u00f3n actual de la seccional ATE Villa Mar\u00eda y reafirma que &#8220;ya con el antecedente de la elecci\u00f3n de agosto pasado, donde perdimos en la F\u00e1brica por solo siete votos, creemos que esta Junta Interna viene a plasmar el trabajo que hicimos como lista verde-violeta y representa el 49% de los compa\u00f1eros de la F\u00e1brica que votaron una opci\u00f3n diferente del gremio&#8221;.<\/p>\n\n\n\n<p><strong>Objetivos<\/strong><\/p>\n\n\n\n<p>&#8220;Claramente vamos a trabajar para toda la f\u00e1brica&#8221;, plantea el dirigente.<\/p>\n\n\n\n<p>&#8220;Creemos que tenemos la capacidad, el poder de gesti\u00f3n, con el apoyo del CDP a la hora de hacer una gesti\u00f3n correspondiente que nos ayude a mejorar nuestra F\u00e1brica, mejorar las condiciones laborales, salariales, brindarle a cada compa\u00f1ero la posibilidad de expresarse y que diga cu\u00e1les son sus alternativas de soluci\u00f3n para resolver las problem\u00e1ticas que nos plantean. Es muy importante darle la participaci\u00f3n al compa\u00f1ero porque tiene m\u00e1s recursos para resolver los problemas que otro que no es del sector ni est\u00e1 presente en el lugar por m\u00e1s que conozca de qu\u00e9 se trata el conflicto&#8221;.<\/p>\n\n\n<div class=\"wp-block-image\">\n<figure class=\"aligncenter size-large is-resized\"><img loading=\"lazy\" decoding=\"async\" src=\"https:\/\/atecordoba.org\/wp-content\/uploads\/2023\/10\/junta-interna-vm-1024x698.jpg\" alt=\"\" class=\"wp-image-39408\" width=\"628\" height=\"428\" srcset=\"https:\/\/atecordoba.org\/wp-content\/uploads\/2023\/10\/junta-interna-vm-1024x698.jpg 1024w, https:\/\/atecordoba.org\/wp-content\/uploads\/2023\/10\/junta-interna-vm-300x204.jpg 300w, https:\/\/atecordoba.org\/wp-content\/uploads\/2023\/10\/junta-interna-vm-768x523.jpg 768w, https:\/\/atecordoba.org\/wp-content\/uploads\/2023\/10\/junta-interna-vm-750x511.jpg 750w, https:\/\/atecordoba.org\/wp-content\/uploads\/2023\/10\/junta-interna-vm-1140x777.jpg 1140w, https:\/\/atecordoba.org\/wp-content\/uploads\/2023\/10\/junta-interna-vm.jpg 1280w\" sizes=\"auto, (max-width: 628px) 100vw, 628px\" \/><figcaption class=\"wp-element-caption\">Integrantes de la lista Verde-Violeta.<\/figcaption><\/figure>\n<\/div>\n\n\n<p>En ese marco Cruze\u00f1o plantea como m\u00e9todo de conducci\u00f3n hacer asambleas peri\u00f3dicas, juntarse en los merenderos para que los compa\u00f1eros cuenten cada problem\u00e1tica y hacerle el seguimiento correspondiente. &#8220;Eso es indispensable y ha sido dejado de lado por quienes conducen hoy la seccional&#8221;, advierte el dirigente.<\/p>\n\n\n\n<p><strong>Beneficios y participarci\u00f3n<\/strong><\/p>\n\n\n\n<p>Como secretario General de la Junta Interna, Cruze\u00f1o se propone &#8220;devolver en beneficios el aporte de los afiliados. Podemos hacer muchos convenios con empresas, con supermercados, farmacias, gimnasios, lugares de alojamiento, compra de mercader\u00eda, compra de tecnolog\u00eda. Todo eso lo tenemos listo para largar&#8221;.<\/p>\n\n\n\n<p>Por eso alienta al conjunto de los trabajadores a participar el martes 17 de octubre. &#8220;Es muy importante su presencia. De esta forma vamos a acercar m\u00e1s a los compa\u00f1eros al gremio porque en este tiempo se ha perdido al credibilidad, las ganas de llegarse. Hoy en las reuniones de comisi\u00f3n directiva de la seccional son muy pocos, cuando deber\u00edamos ser la mayor cantidad posible para construir una conducci\u00f3n colectiva y plural. Pero hoy no est\u00e1 la participaci\u00f3n del compa\u00f1ero de base. Nosotros queremos volver a eso&#8221;, concluye.<\/p>\n","protected":false},"excerpt":{"rendered":"<p>Frente a los reclamos de mayor participaci\u00f3n y transparencia en la conducci\u00f3n gremial dentro de la F\u00e1brica Militar de P\u00f3lvora y Explosivos de Villa Mar\u00eda (FMVM) el pr\u00f3ximo 17 de octubre est\u00e1 convocada la elecci\u00f3n para elegir la Junta Interna de la planta estatal, que integra el circuito productivo de la Direcci\u00f3n General de Fabricaciones [&hellip;]<\/p>\n","protected":false},"author":7,"featured_media":39405,"comment_status":"open","ping_status":"open","sticky":false,"template":"","format":"standard","meta":{"_exactmetrics_skip_tracking":false,"_exactmetrics_sitenote_active":false,"_exactmetrics_sitenote_note":"","_exactmetrics_sitenote_category":0,"jnews-multi-image_gallery":[],"jnews_single_post":{"subtitle":"Se abre una nueva posibilidad de participaci\u00f3n colectiva, que la burocracia de la seccional intent\u00f3 obstruir, pero que la voluntad militante y participativa del conjunto del personal de la F\u00e1brica logr\u00f3 imponer, con el apoyo del Consejo Directivo Provincial. ","format":"standard","video":"","gallery":"","source_name":"","source_url":"","via_name":"","via_url":"","override_template":"0","override":[{"template":"1","single_blog_custom":"","parallax":"1","fullscreen":"1","layout":"no-sidebar-narrow","sidebar":"default-sidebar","second_sidebar":"default-sidebar","sticky_sidebar":"1","share_position":"bottom","share_float_style":"share-monocrhome","show_share_counter":"1","show_view_counter":"1","show_featured":"0","show_post_meta":"1","show_post_author":"0","show_post_author_image":"1","show_post_date":"1","post_date_format":"default","post_date_format_custom":"Y\/m\/d","show_post_category":"1","show_post_reading_time":"0","post_reading_time_wpm":"300","show_zoom_button":"0","zoom_button_out_step":"2","zoom_button_in_step":"3","show_post_tag":"1","show_prev_next_post":"0","show_popup_post":"0","number_popup_post":"1","show_author_box":"0","show_post_related":"1","show_inline_post_related":"0"}],"override_image_size":"0","image_override":[{"single_post_thumbnail_size":"crop-500","single_post_gallery_size":"crop-500"}],"trending_post":"0","trending_post_position":"meta","trending_post_label":"Trending","sponsored_post":"0","sponsored_post_label":"Sponsored by","sponsored_post_name":"","sponsored_post_url":"","sponsored_post_logo_enable":"0","sponsored_post_logo":"","sponsored_post_desc":"","disable_ad":"0"},"jnews_primary_category":{"id":"","hide":""},"jnews_social_meta":{"fb_title":"","fb_description":"","fb_image":"","twitter_title":"","twitter_description":"","twitter_image":""},"jnews_review":[],"enable_review":"0","type":"percentage","name":"","summary":"","brand":"","sku":"","good":[{"good_text":""}],"bad":[{"bad_text":""}],"score_override":"","override_value":"","rating":[{"rating_text":"","rating_number":"10"}],"price":[{"shop":"","price":"","link":"","icon":""}],"jnews_override_counter":{"override_view_counter":"0","view_counter_number":"0","override_share_counter":"0","share_counter_number":"0","override_like_counter":"0","like_counter_number":"0","override_dislike_counter":"0","dislike_counter_number":"0"},"jnews_post_split":{"enable_post_split":"0","post_split":[{"template":"1","tag":"h2","numbering":"asc","mode":"normal","first":"0","enable_toc":"0","toc_type":"normal"}]},"footnotes":""},"categories":[14],"tags":[],"class_list":["post-39402","post","type-post","status-publish","format-standard","has-post-thumbnail","hentry","category-villa-maria"],"jetpack_featured_media_url":"https:\/\/atecordoba.org\/wp-content\/uploads\/2023\/10\/inggresFMVM-e1697050953581.jpg","_links":{"self":[{"href":"https:\/\/atecordoba.org\/index.php?rest_route=\/wp\/v2\/posts\/39402","targetHints":{"allow":["GET"]}}],"collection":[{"href":"https:\/\/atecordoba.org\/index.php?rest_route=\/wp\/v2\/posts"}],"about":[{"href":"https:\/\/atecordoba.org\/index.php?rest_route=\/wp\/v2\/types\/post"}],"author":[{"embeddable":true,"href":"https:\/\/atecordoba.org\/index.php?rest_route=\/wp\/v2\/users\/7"}],"replies":[{"embeddable":true,"href":"https:\/\/atecordoba.org\/index.php?rest_route=%2Fwp%2Fv2%2Fcomments&post=39402"}],"version-history":[{"count":5,"href":"https:\/\/atecordoba.org\/index.php?rest_route=\/wp\/v2\/posts\/39402\/revisions"}],"predecessor-version":[{"id":39463,"href":"https:\/\/atecordoba.org\/index.php?rest_route=\/wp\/v2\/posts\/39402\/revisions\/39463"}],"wp:featuredmedia":[{"embeddable":true,"href":"https:\/\/atecordoba.org\/index.php?rest_route=\/wp\/v2\/media\/39405"}],"wp:attachment":[{"href":"https:\/\/atecordoba.org\/index.php?rest_route=%2Fwp%2Fv2%2Fmedia&parent=39402"}],"wp:term":[{"taxonomy":"category","embeddable":true,"href":"https:\/\/atecordoba.org\/index.php?rest_route=%2Fwp%2Fv2%2Fcategories&post=39402"},{"taxonomy":"post_tag","embeddable":true,"href":"https:\/\/atecordoba.org\/index.php?rest_route=%2Fwp%2Fv2%2Ftags&post=39402"}],"curies":[{"name":"wp","href":"https:\/\/api.w.org\/{rel}","templated":true}]}}