{"id":39397,"date":"2023-10-11T12:54:28","date_gmt":"2023-10-11T15:54:28","guid":{"rendered":"https:\/\/atecordoba.org\/?p=39397"},"modified":"2023-10-12T10:05:19","modified_gmt":"2023-10-12T13:05:19","slug":"municipales-se-organizan-elegiran-delegadas-os-en-alta-gracia-y-mendiolaza","status":"publish","type":"post","link":"https:\/\/atecordoba.org\/?p=39397","title":{"rendered":"Municipales se organizan: elegir\u00e1n delegadas\/os en Alta Gracia y Mendiolaza"},"content":{"rendered":"\n<figure class=\"wp-block-gallery has-nested-images columns-default is-cropped wp-block-gallery-1 is-layout-flex wp-block-gallery-is-layout-flex\">\n<figure class=\"wp-block-image size-large\"><a href=\"https:\/\/atecordoba.org\/wp-content\/uploads\/2023\/10\/Imagen-de-WhatsApp-2023-09-13-a-las-14.14.21.jpg\" target=\"_blank\" rel=\"noopener\"><img loading=\"lazy\" decoding=\"async\" width=\"1024\" height=\"576\" data-id=\"39398\" src=\"https:\/\/atecordoba.org\/wp-content\/uploads\/2023\/10\/Imagen-de-WhatsApp-2023-09-13-a-las-14.14.21-1024x576.jpg\" alt=\"\" class=\"wp-image-39398\" \/><\/a><\/figure>\n\n\n\n<figure class=\"wp-block-image size-large\"><a href=\"https:\/\/atecordoba.org\/wp-content\/uploads\/2023\/10\/VisitaMendiolaza.jpeg\" target=\"_blank\" rel=\"noopener\"><img loading=\"lazy\" decoding=\"async\" width=\"1024\" height=\"768\" data-id=\"39399\" src=\"https:\/\/atecordoba.org\/wp-content\/uploads\/2023\/10\/VisitaMendiolaza-1024x768.jpeg\" alt=\"\" class=\"wp-image-39399\" \/><\/a><\/figure>\n<\/figure>\n\n\n\n<p>ATE se encuentra en un intenso proceso organizativo de las y los municipales del interior provincial, que se dispar\u00f3 despu\u00e9s de la pandemia y que se confirma con la presencia de nuestro sindicato en 100 localidades a lo largo y lo ancho de C\u00f3rdoba.<\/p>\n\n\n\n<p>En ese marco se realizar\u00e1n elecciones de delegadas y delegados en las localidades de Alta Gracia y Mendiolaza, los d\u00edas 17  y 19 de octubre respectivamente.<\/p>\n\n\n\n<p>Se trata de dos localidades de suma importancia en el Gran C\u00f3rdoba donde ATE va a cumplir un rol fundamental para mejorar las condiciones de trabajo y la situaci\u00f3n salarial de las y los trabajadores, sin que ello perturbe la normal convivencia con otras organizaciones que tengan presencia all\u00ed. <\/p>\n\n\n\n<p>Para el personal municipal la instancia organizativa gremial tiene un rol fundamental en la concreci\u00f3n de sus reclamos hist\u00f3ricos: apertura de paritarias con un sindicato que negocie con la patronal en base a los intereses de sus representados, aumento salarial, recategorizaciones, pase a planta permanente y contratos para las y los ultraprecarizados que viven hace a\u00f1os monotributos y contratos basura, estatuto de personal, condiciones edilicias que den dignidad al trabajo que se realiza, etc. <\/p>\n\n\n\n<p>Adem\u00e1s, ATE aporta una estrategia integral para el sector, dejando atr\u00e1s la realidad atomizada de los cientos de sindicatos municipales existentes en el territorio provincial, que carecen de fuerza para hacer valer los reclamos concretos. Mientras las y los intendentes se organizan en &#8216;mesas&#8217; donde coordinan sus pol\u00edticas de gobierno, los trabajadores sufren el fraccionamiento de su capacidad de acci\u00f3n, siendo funcional al mantenimiento de la situaci\u00f3n actual.<\/p>\n\n\n\n<p>ATE viene a cambiar esa realidad del interior provincial con una estructura organizativa que cubre buena parte de C\u00f3rdoba con seccionales y delegaciones en base al mandato de respetar el pliego de reclamos de las bases, sostener a las asambleas con fuente de la organizaci\u00f3n de los sectores y la elecci\u00f3n de delegadas y delegados que expresen esos reclamos y a su vez den presencia a nuestro gremio en cada lugar de trabajo. <\/p>\n\n\n\n<p>En esa l\u00ednea, el 17 de octubre Alta Gracia podr\u00e1 elegir a Cintia Alejandra Rosales y Pablo Guzm\u00e1n, como representantes del personal municipal. En tanto el 19 del corriente, en Mendiolaza se presentan las y los compa\u00f1eros Mart\u00edn Zamarre\u00f1o, Jos\u00e9 Luis Monjes, Sandra Laburu y \u00c1ngela G\u00f3mez, para consolidar la presencia organizativa de ATE en la localidad. <\/p>\n","protected":false},"excerpt":{"rendered":"<p>ATE se encuentra en un intenso proceso organizativo de las y los municipales del interior provincial, que se dispar\u00f3 despu\u00e9s de la pandemia y que se confirma con la presencia de nuestro sindicato en 100 localidades a lo largo y lo ancho de C\u00f3rdoba. En ese marco se realizar\u00e1n elecciones de delegadas y delegados en [&hellip;]<\/p>\n","protected":false},"author":7,"featured_media":39398,"comment_status":"open","ping_status":"open","sticky":false,"template":"","format":"standard","meta":{"_exactmetrics_skip_tracking":false,"_exactmetrics_sitenote_active":false,"_exactmetrics_sitenote_note":"","_exactmetrics_sitenote_category":0,"jnews-multi-image_gallery":[],"jnews_single_post":{"subtitle":"Se trata de dos localidades de suma importancia en el Gran C\u00f3rdoba donde ATE va a cumplir un rol fundamental para mejorar las condiciones de trabajo y la situaci\u00f3n salarial de las y los trabajadores, sin que ello perturbe la normal convivencia con otras organizaciones que tengan presencia all\u00ed. ","format":"standard","video":"","gallery":"","source_name":"","source_url":"","via_name":"","via_url":"","override_template":"0","override":[{"template":"1","single_blog_custom":"","parallax":"1","fullscreen":"1","layout":"no-sidebar-narrow","sidebar":"default-sidebar","second_sidebar":"default-sidebar","sticky_sidebar":"1","share_position":"bottom","share_float_style":"share-monocrhome","show_share_counter":"1","show_view_counter":"1","show_featured":"0","show_post_meta":"1","show_post_author":"0","show_post_author_image":"1","show_post_date":"1","post_date_format":"default","post_date_format_custom":"Y\/m\/d","show_post_category":"1","show_post_reading_time":"0","post_reading_time_wpm":"300","show_zoom_button":"0","zoom_button_out_step":"2","zoom_button_in_step":"3","show_post_tag":"1","show_prev_next_post":"0","show_popup_post":"0","number_popup_post":"1","show_author_box":"0","show_post_related":"1","show_inline_post_related":"0"}],"override_image_size":"0","image_override":[{"single_post_thumbnail_size":"crop-500","single_post_gallery_size":"crop-500"}],"trending_post":"0","trending_post_position":"meta","trending_post_label":"Trending","sponsored_post":"0","sponsored_post_label":"Sponsored by","sponsored_post_name":"","sponsored_post_url":"","sponsored_post_logo_enable":"0","sponsored_post_logo":"","sponsored_post_desc":"","disable_ad":"0"},"jnews_primary_category":{"id":"","hide":""},"jnews_social_meta":{"fb_title":"","fb_description":"","fb_image":"","twitter_title":"","twitter_description":"","twitter_image":""},"jnews_review":[],"enable_review":"0","type":"percentage","name":"","summary":"","brand":"","sku":"","good":[{"good_text":""}],"bad":[{"bad_text":""}],"score_override":"","override_value":"","rating":[{"rating_text":"","rating_number":"10"}],"price":[{"shop":"","price":"","link":"","icon":""}],"jnews_override_counter":{"override_view_counter":"0","view_counter_number":"0","override_share_counter":"0","share_counter_number":"0","override_like_counter":"0","like_counter_number":"0","override_dislike_counter":"0","dislike_counter_number":"0"},"jnews_post_split":{"enable_post_split":"0","post_split":[{"template":"1","tag":"h2","numbering":"asc","mode":"normal","first":"0","enable_toc":"0","toc_type":"normal"}]},"footnotes":""},"categories":[20],"tags":[],"class_list":["post-39397","post","type-post","status-publish","format-standard","has-post-thumbnail","hentry","category-municipales"],"jetpack_featured_media_url":"https:\/\/atecordoba.org\/wp-content\/uploads\/2023\/10\/Imagen-de-WhatsApp-2023-09-13-a-las-14.14.21-e1697039662779.jpg","_links":{"self":[{"href":"https:\/\/atecordoba.org\/index.php?rest_route=\/wp\/v2\/posts\/39397","targetHints":{"allow":["GET"]}}],"collection":[{"href":"https:\/\/atecordoba.org\/index.php?rest_route=\/wp\/v2\/posts"}],"about":[{"href":"https:\/\/atecordoba.org\/index.php?rest_route=\/wp\/v2\/types\/post"}],"author":[{"embeddable":true,"href":"https:\/\/atecordoba.org\/index.php?rest_route=\/wp\/v2\/users\/7"}],"replies":[{"embeddable":true,"href":"https:\/\/atecordoba.org\/index.php?rest_route=%2Fwp%2Fv2%2Fcomments&post=39397"}],"version-history":[{"count":2,"href":"https:\/\/atecordoba.org\/index.php?rest_route=\/wp\/v2\/posts\/39397\/revisions"}],"predecessor-version":[{"id":39401,"href":"https:\/\/atecordoba.org\/index.php?rest_route=\/wp\/v2\/posts\/39397\/revisions\/39401"}],"wp:featuredmedia":[{"embeddable":true,"href":"https:\/\/atecordoba.org\/index.php?rest_route=\/wp\/v2\/media\/39398"}],"wp:attachment":[{"href":"https:\/\/atecordoba.org\/index.php?rest_route=%2Fwp%2Fv2%2Fmedia&parent=39397"}],"wp:term":[{"taxonomy":"category","embeddable":true,"href":"https:\/\/atecordoba.org\/index.php?rest_route=%2Fwp%2Fv2%2Fcategories&post=39397"},{"taxonomy":"post_tag","embeddable":true,"href":"https:\/\/atecordoba.org\/index.php?rest_route=%2Fwp%2Fv2%2Ftags&post=39397"}],"curies":[{"name":"wp","href":"https:\/\/api.w.org\/{rel}","templated":true}]}}