{"id":39393,"date":"2023-10-11T11:41:54","date_gmt":"2023-10-11T14:41:54","guid":{"rendered":"https:\/\/atecordoba.org\/?p=39393"},"modified":"2023-10-11T11:49:50","modified_gmt":"2023-10-11T14:49:50","slug":"los-aromos-frente-a-la-acefalia-priorizar-el-pago-de-salarios-a-las-y-los-trabajadores","status":"publish","type":"post","link":"https:\/\/atecordoba.org\/?p=39393","title":{"rendered":"Los Aromos: frente a la acefal\u00eda, priorizar el pago de salarios a las y los trabajadores"},"content":{"rendered":"<div class=\"wp-block-image\">\n<figure class=\"aligncenter size-large is-resized\"><img loading=\"lazy\" decoding=\"async\" src=\"https:\/\/atecordoba.org\/wp-content\/uploads\/2023\/10\/losaromosafiliadosdelegados-1024x576.jpg\" alt=\"\" class=\"wp-image-39394\" width=\"768\" height=\"432\" \/><figcaption class=\"wp-element-caption\">ATE C\u00f3rdoba en Los Aromos. Nuestro secretario General Federico Giuliani y dirigentes estatales, con afiliadas del sector. <\/figcaption><\/figure>\n<\/div>\n\n\n<p>Ayer se conoci\u00f3 la renuncia de la jefa comunal de la localidad de Los Aromos, en el Valle de Paravachasca, Nely Morales. En ese marco las y los municipales de la comuna realizaron una asamblea convocada por ATE donde se plante\u00f3 la necesidad de que el Ejecutivo cumpla con el pago de los salarios atrasados como primera medida una vez que asuma su reemplazante, sea con recursos propios o por medio de la asistencia del Gobierno de C\u00f3rdoba. &#8220;Los trabajadores no pueden estar sin cobrar sus haberes, resolver este problema debe ser lo prioritario para la autoridad pol\u00edtica&#8221;, remarc\u00f3 el delegado de ATE en la Municipalidad de Anisacate y uno de los referentes de nuestro gremio en Paravachasca, Rodrigo Peralta.<\/p>\n\n\n\n<p>La renuncia se produjo en medio del proceso de reconocimiento del \u00e1mbito de actuaci\u00f3n de ATE en la Comuna, como representante de las y los municipales, como resultado del llamamiento que el personal realiz\u00f3 a nuestra organizaci\u00f3n y que deriv\u00f3 en la afiliados de 14 compa\u00f1eras y compa\u00f1eros, mientras otros tantos ya anunciaron que se sumar\u00e1n a ATE a la brevedad.<\/p>\n\n\n\n<p>El crecimiento organizativo de las y los municipales tiene como punto de partida el sector salud, de donde provienen las afiliaciones, en gran medida de compa\u00f1eras monotributistas que no pueden quedar a la deriva, mientras la institucionalidad de la Comuna carece de un rumbo definido y hasta que asuman las nuevas autoridades electas recientemente. <\/p>\n\n\n\n<p>Por lo tanto, Peralta dej\u00f3 claro que &#8220;volvemos a presentar la nota al funcionario reemplazante de Morales con los mismo puntos reconocimiento de ATE en la comuna para que se paguen efectivamente los salarios a las compa\u00f1eras y se inicie el descuento la cuota sindical, tras reconocimiento institucional que ya obtuvo ATE en Los Aromos&#8221;.<\/p>\n","protected":false},"excerpt":{"rendered":"<p>Ayer se conoci\u00f3 la renuncia de la jefa comunal de la localidad de Los Aromos, en el Valle de Paravachasca, Nely Morales. En ese marco las y los municipales de la comuna realizaron una asamblea convocada por ATE donde se plante\u00f3 la necesidad de que el Ejecutivo cumpla con el pago de los salarios atrasados [&hellip;]<\/p>\n","protected":false},"author":7,"featured_media":39394,"comment_status":"open","ping_status":"open","sticky":false,"template":"","format":"standard","meta":{"_exactmetrics_skip_tracking":false,"_exactmetrics_sitenote_active":false,"_exactmetrics_sitenote_note":"","_exactmetrics_sitenote_category":0,"jnews-multi-image_gallery":[],"jnews_single_post":{"subtitle":"La renuncia de la Jefa Comunal se produjo en medio del proceso de reconocimiento del \u00e1mbito de actuaci\u00f3n de ATE en la Comuna, como representante de las y los municipales, como resultado del llamamiento que el personal realiz\u00f3 a nuestra organizaci\u00f3n y que deriv\u00f3 en la afiliados de 14 compa\u00f1eras y compa\u00f1eros, mientras otros tantos ya anunciaron que se sumar\u00e1n a ATE a la brevedad.","format":"standard","video":"","gallery":"","source_name":"","source_url":"","via_name":"","via_url":"","override_template":"0","override":[{"template":"1","single_blog_custom":"","parallax":"1","fullscreen":"1","layout":"no-sidebar-narrow","sidebar":"default-sidebar","second_sidebar":"default-sidebar","sticky_sidebar":"1","share_position":"bottom","share_float_style":"share-monocrhome","show_share_counter":"1","show_view_counter":"1","show_featured":"0","show_post_meta":"1","show_post_author":"0","show_post_author_image":"1","show_post_date":"1","post_date_format":"default","post_date_format_custom":"Y\/m\/d","show_post_category":"1","show_post_reading_time":"0","post_reading_time_wpm":"300","show_zoom_button":"0","zoom_button_out_step":"2","zoom_button_in_step":"3","show_post_tag":"1","show_prev_next_post":"0","show_popup_post":"0","number_popup_post":"1","show_author_box":"0","show_post_related":"1","show_inline_post_related":"0"}],"override_image_size":"0","image_override":[{"single_post_thumbnail_size":"crop-500","single_post_gallery_size":"crop-500"}],"trending_post":"0","trending_post_position":"meta","trending_post_label":"Trending","sponsored_post":"0","sponsored_post_label":"Sponsored by","sponsored_post_name":"","sponsored_post_url":"","sponsored_post_logo_enable":"0","sponsored_post_logo":"","sponsored_post_desc":"","disable_ad":"0"},"jnews_primary_category":{"id":"","hide":""},"jnews_social_meta":{"fb_title":"","fb_description":"","fb_image":"","twitter_title":"","twitter_description":"","twitter_image":""},"jnews_review":[],"enable_review":"0","type":"percentage","name":"","summary":"","brand":"","sku":"","good":[{"good_text":""}],"bad":[{"bad_text":""}],"score_override":"","override_value":"","rating":[{"rating_text":"","rating_number":"10"}],"price":[{"shop":"","price":"","link":"","icon":""}],"jnews_override_counter":{"override_view_counter":"0","view_counter_number":"0","override_share_counter":"0","share_counter_number":"0","override_like_counter":"0","like_counter_number":"0","override_dislike_counter":"0","dislike_counter_number":"0"},"jnews_post_split":{"enable_post_split":"0","post_split":[{"template":"1","tag":"h2","numbering":"asc","mode":"normal","first":"0","enable_toc":"0","toc_type":"normal"}]},"footnotes":""},"categories":[20],"tags":[],"class_list":["post-39393","post","type-post","status-publish","format-standard","has-post-thumbnail","hentry","category-municipales"],"jetpack_featured_media_url":"https:\/\/atecordoba.org\/wp-content\/uploads\/2023\/10\/losaromosafiliadosdelegados-e1697035260342.jpg","_links":{"self":[{"href":"https:\/\/atecordoba.org\/index.php?rest_route=\/wp\/v2\/posts\/39393","targetHints":{"allow":["GET"]}}],"collection":[{"href":"https:\/\/atecordoba.org\/index.php?rest_route=\/wp\/v2\/posts"}],"about":[{"href":"https:\/\/atecordoba.org\/index.php?rest_route=\/wp\/v2\/types\/post"}],"author":[{"embeddable":true,"href":"https:\/\/atecordoba.org\/index.php?rest_route=\/wp\/v2\/users\/7"}],"replies":[{"embeddable":true,"href":"https:\/\/atecordoba.org\/index.php?rest_route=%2Fwp%2Fv2%2Fcomments&post=39393"}],"version-history":[{"count":2,"href":"https:\/\/atecordoba.org\/index.php?rest_route=\/wp\/v2\/posts\/39393\/revisions"}],"predecessor-version":[{"id":39396,"href":"https:\/\/atecordoba.org\/index.php?rest_route=\/wp\/v2\/posts\/39393\/revisions\/39396"}],"wp:featuredmedia":[{"embeddable":true,"href":"https:\/\/atecordoba.org\/index.php?rest_route=\/wp\/v2\/media\/39394"}],"wp:attachment":[{"href":"https:\/\/atecordoba.org\/index.php?rest_route=%2Fwp%2Fv2%2Fmedia&parent=39393"}],"wp:term":[{"taxonomy":"category","embeddable":true,"href":"https:\/\/atecordoba.org\/index.php?rest_route=%2Fwp%2Fv2%2Fcategories&post=39393"},{"taxonomy":"post_tag","embeddable":true,"href":"https:\/\/atecordoba.org\/index.php?rest_route=%2Fwp%2Fv2%2Ftags&post=39393"}],"curies":[{"name":"wp","href":"https:\/\/api.w.org\/{rel}","templated":true}]}}