{"id":3939,"date":"2014-03-20T19:11:11","date_gmt":"2014-03-20T22:11:11","guid":{"rendered":"http:\/\/www.atecordoba.org\/?p=3939"},"modified":"2014-03-20T19:11:11","modified_gmt":"2014-03-20T22:11:11","slug":"asamblea-del-hospital-transito-repudio-agresion-al-delegado-de-ate","status":"publish","type":"post","link":"https:\/\/atecordoba.org\/?p=3939","title":{"rendered":"Asamblea del Hospital Tr\u00e1nsito repudio agresi\u00f3n al delegado de ATE"},"content":{"rendered":"<p><em>En una importante asamblea realizada hoy por la ma\u00f1ana, los trabajadores \u00a0condenaron la patoteada que sufri\u00f3 el compa\u00f1ero Eduardo Pereyra y reclam\u00f3 a la direcci\u00f3n del hospital que act\u00fae para evitar futuros actos de violencia. Estado de asamblea permanente.<\/em><\/p>\n<p style=\"text-align: center;\"><a href=\"http:\/\/www.atecordoba.org\/wp-content\/uploads\/2014\/03\/asamblea-transito.png\"><img loading=\"lazy\" decoding=\"async\" class=\"aligncenter  wp-image-3940\" alt=\"asamblea transito\" src=\"http:\/\/www.atecordoba.org\/wp-content\/uploads\/2014\/03\/asamblea-transito.png\" width=\"561\" height=\"366\" \/><\/a><\/p>\n<p style=\"text-align: center;\">\n<p style=\"text-align: left;\">Unos 200 trabajadores se congregaron en el pasillo centro de Tr\u00e1nsito C\u00e1ceres para solidarizarse con el vocal de la conducci\u00f3n de ATE y delegado gremio Eduardo Pereyra, que fue patoteado ayer por dos integrantes del SEP que se desempe\u00f1an en el centro de salud. Seg\u00fan el acta que se elabor\u00f3 para la ocasi\u00f3n y que se est\u00e1 haciendo circular entre el resto de los trabajadores del hospital para sumar firmas, los compa\u00f1eros &#8220;repudiaron a los se\u00f1ores Alberto Mart\u00ednez y Cristian Z\u00e1rate por la agresi\u00f3n (&#8230;) y votaron por unanimidad el estado de asamblea permanente&#8221; hasta tanto se esclarezca la grave situaci\u00f3n que vive el nosocomio, as\u00ed como la denuncia de manejos oscuros del estacionamiento del mismo.<\/p>\n<p style=\"text-align: left;\">El acta declara a Mart\u00ednez y Z\u00e1rate &#8220;personas no gratas en el hospital&#8221; y reclama la inmediata implementaci\u00f3n de lo prescripto por la ley en estos casos. As\u00ed tambi\u00e9n, los trabajadores exigieron la presencia en la asamblea del director, Felix Revol, pero el funcionario respondi\u00f3 por tel\u00e9fono que se encontraba en el Ministerio de Salud haciendo la denuncia del caso.<\/p>\n<p style=\"text-align: left;\">En la oportunidad, los trabajadores debatieron sobre el estado edilicio, una verdadera cat\u00e1strofe, que se sumar\u00e1 a los reclamos en el marco del estado de\u00a0asamblea permanente \u00a0en el sector<\/p>\n","protected":false},"excerpt":{"rendered":"<p>En una importante asamblea realizada hoy por la ma\u00f1ana, los trabajadores \u00a0condenaron la patoteada que sufri\u00f3 el compa\u00f1ero Eduardo Pereyra y reclam\u00f3 a la direcci\u00f3n del hospital que act\u00fae para evitar futuros actos de violencia. Estado de asamblea permanente. Unos 200 trabajadores se congregaron en el pasillo centro de Tr\u00e1nsito C\u00e1ceres para solidarizarse con el [&hellip;]<\/p>\n","protected":false},"author":1,"featured_media":19220,"comment_status":"open","ping_status":"open","sticky":false,"template":"","format":"standard","meta":{"_exactmetrics_skip_tracking":false,"_exactmetrics_sitenote_active":false,"_exactmetrics_sitenote_note":"","_exactmetrics_sitenote_category":0,"jnews-multi-image_gallery":[],"jnews_single_post":[],"jnews_primary_category":[],"jnews_social_meta":[],"jnews_review":[],"enable_review":"","type":"","name":"","summary":"","brand":"","sku":"","good":[],"bad":[],"score_override":"","override_value":"","rating":[],"price":[],"jnews_override_counter":[],"jnews_post_split":[],"footnotes":""},"categories":[7,8],"tags":[],"class_list":["post-3939","post","type-post","status-publish","format-standard","has-post-thumbnail","hentry","category-hospitales","category-provinciales"],"jetpack_featured_media_url":"https:\/\/atecordoba.org\/wp-content\/uploads\/2020\/05\/logo-nuevochico-e1561581322808.png","_links":{"self":[{"href":"https:\/\/atecordoba.org\/index.php?rest_route=\/wp\/v2\/posts\/3939","targetHints":{"allow":["GET"]}}],"collection":[{"href":"https:\/\/atecordoba.org\/index.php?rest_route=\/wp\/v2\/posts"}],"about":[{"href":"https:\/\/atecordoba.org\/index.php?rest_route=\/wp\/v2\/types\/post"}],"author":[{"embeddable":true,"href":"https:\/\/atecordoba.org\/index.php?rest_route=\/wp\/v2\/users\/1"}],"replies":[{"embeddable":true,"href":"https:\/\/atecordoba.org\/index.php?rest_route=%2Fwp%2Fv2%2Fcomments&post=3939"}],"version-history":[{"count":0,"href":"https:\/\/atecordoba.org\/index.php?rest_route=\/wp\/v2\/posts\/3939\/revisions"}],"wp:featuredmedia":[{"embeddable":true,"href":"https:\/\/atecordoba.org\/index.php?rest_route=\/wp\/v2\/media\/19220"}],"wp:attachment":[{"href":"https:\/\/atecordoba.org\/index.php?rest_route=%2Fwp%2Fv2%2Fmedia&parent=3939"}],"wp:term":[{"taxonomy":"category","embeddable":true,"href":"https:\/\/atecordoba.org\/index.php?rest_route=%2Fwp%2Fv2%2Fcategories&post=3939"},{"taxonomy":"post_tag","embeddable":true,"href":"https:\/\/atecordoba.org\/index.php?rest_route=%2Fwp%2Fv2%2Ftags&post=3939"}],"curies":[{"name":"wp","href":"https:\/\/api.w.org\/{rel}","templated":true}]}}