{"id":39355,"date":"2023-10-10T10:19:31","date_gmt":"2023-10-10T13:19:31","guid":{"rendered":"https:\/\/atecordoba.org\/?p=39355"},"modified":"2023-10-10T10:29:04","modified_gmt":"2023-10-10T13:29:04","slug":"96-anos-de-la-fundacion-de-la-fabrica-militar-de-aviones","status":"publish","type":"post","link":"https:\/\/atecordoba.org\/?p=39355","title":{"rendered":"96 a\u00f1os de la fundaci\u00f3n de la F\u00e1brica Militar de Aviones"},"content":{"rendered":"<div class=\"wp-block-image\">\n<figure class=\"aligncenter size-full\"><img decoding=\"async\" src=\"https:\/\/atecordoba.org\/wp-content\/uploads\/2023\/10\/FAdeA-trabajadorxs-Cordoba-04.jpg\" alt=\"\" class=\"wp-image-39361\" \/><\/figure>\n<\/div>\n\n\n<p>(fotos: latinta.com.ar)<\/p>\n\n\n\n<p>Un d\u00eda como hoy pero de 1927 se inauguraba la F\u00e1brica Militar de Aviones, uno de los hitos de la aventura industrialista en la Rep\u00fablica Argentina. A las 11,30 horas de ese d\u00eda, el gobernador de C\u00f3rdoba, Ram\u00f3n C\u00e1rcano dio la orden de dar paso a la corriente el\u00e9ctrica, el interruptor que estaba cubierto por cinta argentina estableci\u00f3 contacto y las m\u00e1quinas comenzaron a funcionar.<\/p>\n\n\n\n<p>Esta primera secci\u00f3n constaba de 100 m\u00e1quinas-herramienta y una dotaci\u00f3n de 193 trabajadores (t\u00e9cnicos, operarios, aprendices y personal de maestranza). Los puestos de Jefes de Taller fueron ocupados por personal de los talleres de mantenimiento y reparaci\u00f3n de El Palomar, provincia de Buenos Aires, que hab\u00edan alcanzado experiencia previa y alta capacidad t\u00e9cnica.<\/p>\n\n\n<div class=\"wp-block-image\">\n<figure class=\"alignright size-full is-resized\"><img loading=\"lazy\" decoding=\"async\" src=\"https:\/\/atecordoba.org\/wp-content\/uploads\/2023\/10\/Fabrica_Militar_de_Aviones_de_Cordoba_-_1940-1950.jpg\" alt=\"\" class=\"wp-image-39357\" width=\"449\" height=\"313\" srcset=\"https:\/\/atecordoba.org\/wp-content\/uploads\/2023\/10\/Fabrica_Militar_de_Aviones_de_Cordoba_-_1940-1950.jpg 598w, https:\/\/atecordoba.org\/wp-content\/uploads\/2023\/10\/Fabrica_Militar_de_Aviones_de_Cordoba_-_1940-1950-300x209.jpg 300w\" sizes=\"auto, (max-width: 449px) 100vw, 449px\" \/><\/figure>\n<\/div>\n\n\n<p>En febrero de 1928 se inici\u00f3 la construcci\u00f3n de la segunda secci\u00f3n en donde funcionaron: el Laboratorio de Ensayos de Motores, el Laboratorio de Ensayos Est\u00e1ticos, el Laboratorio de Aerodin\u00e1mica, 4 talleres, 2 dep\u00f3sitos, un taller doble para motores, la Oficina de Fabricaci\u00f3n, el comedor para obreros, la enfermer\u00eda, el comando de pista y una torre-tanque. En 1929 comenz\u00f3 a funcionar la Tercera Secci\u00f3n con 13 pabellones donde funcionaron los Talleres de Motores.<\/p>\n\n\n\n<p>En poco tiempo se construy\u00f3 el primer avi\u00f3n en serie de fabricaci\u00f3n nacional, bajo licencia inglesa: el Avro Gosport 504 que alcanzaba una velocidad de 104 km\/h y ten\u00eda una autonom\u00eda de dos horas. En 1931 dej\u00f3 las licencias europeas y comenz\u00f3 a dise\u00f1ar y producir sus propios aviones. A partir de 1937 hubo un amesetamiento de ese \u00edmpetu innovador y comenz\u00f3 un distanciamiento con las novedades de dise\u00f1o que avanzar\u00edan con velocidad durante la segunda guerra mundial. El 20 de octubre de 1943 la F\u00e1brica Militar de Aviones cambia su nombre por el de Instituto Aerot\u00e9cnico, a cargo del Mayor de Ej\u00e9rcito e Ingeniero Aeron\u00e1utico Juan Ignacio San Mart\u00edn. Aqu\u00ed comienza otra escala en el desarrollo de la industria aeron\u00e1utica.<\/p>\n\n\n\n<p>Hab\u00eda que tomar una determinaci\u00f3n para incorporar las innovaciones tecnol\u00f3gicas y no quedar rezagados. Se opt\u00f3 por contratar a los expertos del bando perdedor de la segunda guerra. Primero fue Emil Dewoitine, un franc\u00e9s huido de su pa\u00eds por trabajar para los alemanes durante la ocupaci\u00f3n de su pa\u00eds que desarroll\u00f3 el primer caza a reacci\u00f3n de Latinoam\u00e9rica, el Pulqui 1. Luego, al ingeniero alem\u00e1n Kurt Tank (que desarroll\u00f3 el Pulqui 2), al piloto y al dise\u00f1ador alem\u00e1n Reimar Horten, al italiano Cesare Palavecino y a 700 obreros especialistas. Simult\u00e1neamente, Gran Breta\u00f1a se niega a pagar la deuda que manten\u00eda con Argentina decretando la inconvertibilidad de la libra esterlina por lo que acord\u00f3 pagar una parte con material de guerra (aviones de reacci\u00f3n, bombarderos, cuatrimotores, etc).<\/p>\n\n\n<div class=\"wp-block-image\">\n<figure class=\"alignleft size-full is-resized\"><img loading=\"lazy\" decoding=\"async\" src=\"https:\/\/atecordoba.org\/wp-content\/uploads\/2023\/10\/FAdeA-trabajadorxs-Cordoba-02.jpg\" alt=\"\" class=\"wp-image-39358\" width=\"439\" height=\"318\" srcset=\"https:\/\/atecordoba.org\/wp-content\/uploads\/2023\/10\/FAdeA-trabajadorxs-Cordoba-02.jpg 700w, https:\/\/atecordoba.org\/wp-content\/uploads\/2023\/10\/FAdeA-trabajadorxs-Cordoba-02-300x217.jpg 300w, https:\/\/atecordoba.org\/wp-content\/uploads\/2023\/10\/FAdeA-trabajadorxs-Cordoba-02-120x86.jpg 120w\" sizes=\"auto, (max-width: 439px) 100vw, 439px\" \/><\/figure>\n<\/div>\n\n\n<p>Esos bienes fueron transferidos a la Secretar\u00eda de Aeron\u00e1utica y comienza otra etapa de desarrollo.&nbsp; No solo se construyen los Pulqui. Se fabrican los bimotores de bombardeo y combate \u00d1anc\u00fa y Calqu\u00edn, el transporte polivalente Huanquero, los monomotores escuela y de turismo civil El Boyero y Colibr\u00ed, el biplaza sin cola Urub\u00fa, el planeador de asalto Ma\u00f1que, el avi\u00f3n de transporte ligero Querand\u00ed, el avi\u00f3n de entrenamiento Chingolo y se desarroll\u00f3 el prototipo del avi\u00f3n de transporte de pasajeros C\u00f3ndor.<\/p>\n\n\n\n<p>Entre 1951 y 1952 se firmaron varios decretos para ampliar la producci\u00f3n del Instituto Aerot\u00e9cnico y, con sus bienes, se constituy\u00f3 una empresa aut\u00e1rquica: Industrias Aeron\u00e1uticas y Mec\u00e1nicas del Estado (IAME), con el objetivo de investigar, fabricar y reparar material aeron\u00e1utico y producir autom\u00f3viles.<\/p>\n\n\n\n<p>Nacieron as\u00ed, diez f\u00e1bricas entre las que se encontraban la F\u00e1brica de Aviones, la de Motores de Reacci\u00f3n, la de H\u00e9lices y Accesorios, la de Instrumentos, la de Paraca\u00eddas, la de Autom\u00f3viles, la de Tractores y la de Motocicletas.<\/p>\n\n\n\n<p>Llegaron a trabajar doce mil personas. A la salida de cada turno era un enjambre de trabajadores con sus overoles oscuros saliendo de las f\u00e1bricas en sus motos. A tal punto, que los colectivos que pasaban por las inmediaciones cambiaban su recorrido durante esos horarios.<\/p>\n\n\n\n<p>En esas f\u00e1bricas se produjeron el Sedan Justicialista, la Rural Gauchita, el inoxidable Rastrojero, el Furgoncito y el Camioncito Institec, el Sport 1954 descapotable, el tractor Pampa, la moto Puma, el velero escuela Tero, la embarcaci\u00f3n con motor fuera de borda Surub\u00ed.<\/p>\n\n\n<div class=\"wp-block-image\">\n<figure class=\"alignright size-large is-resized\"><img loading=\"lazy\" decoding=\"async\" src=\"https:\/\/atecordoba.org\/wp-content\/uploads\/2023\/10\/FAdeA-trabajadorxs-Cordoba-01-1-1024x576.jpg\" alt=\"\" class=\"wp-image-39360\" width=\"512\" height=\"288\" srcset=\"https:\/\/atecordoba.org\/wp-content\/uploads\/2023\/10\/FAdeA-trabajadorxs-Cordoba-01-1-1024x576.jpg 1024w, https:\/\/atecordoba.org\/wp-content\/uploads\/2023\/10\/FAdeA-trabajadorxs-Cordoba-01-1-300x169.jpg 300w, https:\/\/atecordoba.org\/wp-content\/uploads\/2023\/10\/FAdeA-trabajadorxs-Cordoba-01-1-768x432.jpg 768w, https:\/\/atecordoba.org\/wp-content\/uploads\/2023\/10\/FAdeA-trabajadorxs-Cordoba-01-1-750x422.jpg 750w, https:\/\/atecordoba.org\/wp-content\/uploads\/2023\/10\/FAdeA-trabajadorxs-Cordoba-01-1.jpg 1058w\" sizes=\"auto, (max-width: 512px) 100vw, 512px\" \/><\/figure>\n<\/div>\n\n\n<p>M\u00e1s tarde, vinieron \u00e9pocas m\u00e1s inciertas. El Instituto Aerot\u00e9cnico vuelve a ser la F\u00e1brica Militar de Aviones dependiente de la Fuerza A\u00e9rea y en 1957 pasa a ser una Direcci\u00f3n Nacional; el complejo aeron\u00e1utico pasa a ser el \u00c1rea Material C\u00f3rdoba y la producci\u00f3n de autom\u00f3viles se concentra en IME (Industrias Mec\u00e1nicas del Estado) que finalmente fue liquidada por la dictadura militar de 1976.<\/p>\n\n\n\n<p>No obstante estos esfuerzos desguazadores, el ingenio colectivo sigui\u00f3 generando productos. Se desarrollaron el avi\u00f3n agr\u00edcola Mamboret\u00e1, diferentes modelos del avi\u00f3n de ataque ligero Pucar\u00e1, el avi\u00f3n para 19 pasajeros en alianza con Embraer, el avi\u00f3n de entrenamiento avanzado Pampa.<\/p>\n\n\n\n<p>En 1995 el gobierno menemista concesion\u00f3 al \u00c1rea Material C\u00f3rdoba a la empresa norteamericana&nbsp; Lockheed Martin Aircraft&nbsp; y pas\u00f3 a ser solo un \u00e1rea de servicios y mantenimiento. Esta realidad se revierte a partir del 2009 cuando el Congreso Nacional sanciona la ley 26501 que faculta al Estado a comprar las acciones de Lockheed Martin Aircraft Argentina Sociedad An\u00f3nima; el gobierno nacional resuelve su compra y nace la F\u00e1brica Argentina de Aviones \u201cBrigadier San Mart\u00edn\u201d S.A. con el objetivo de producir aeronaves militares y civiles.<\/p>\n\n\n<div class=\"wp-block-image\">\n<figure class=\"alignleft size-large is-resized\"><img loading=\"lazy\" decoding=\"async\" src=\"https:\/\/atecordoba.org\/wp-content\/uploads\/2023\/10\/jpulqui2-1024x563.jpg\" alt=\"\" class=\"wp-image-39362\" width=\"512\" height=\"282\" srcset=\"https:\/\/atecordoba.org\/wp-content\/uploads\/2023\/10\/jpulqui2-1024x563.jpg 1024w, https:\/\/atecordoba.org\/wp-content\/uploads\/2023\/10\/jpulqui2-300x165.jpg 300w, https:\/\/atecordoba.org\/wp-content\/uploads\/2023\/10\/jpulqui2-768x422.jpg 768w, https:\/\/atecordoba.org\/wp-content\/uploads\/2023\/10\/jpulqui2-750x412.jpg 750w, https:\/\/atecordoba.org\/wp-content\/uploads\/2023\/10\/jpulqui2.jpg 1072w\" sizes=\"auto, (max-width: 512px) 100vw, 512px\" \/><\/figure>\n<\/div>\n\n\n<p>Los tiempos posteriores fueron convulsionados e intermitentes. Fue necesario obtener nuevas certificaciones bajo normas internacionales, incorporaci\u00f3n de nuevos procesos aplicados, incorporaci\u00f3n de infraestructura. Pero la falta de concreci\u00f3n de proyectos a largo plazo determin\u00f3 una nueva crisis y el Estado Nacional concret\u00f3 -en diciembre de 2016- un nuevo salvataje mediante una capitalizaci\u00f3n de U$S 1700 millones para relanzar la actividad. En 2018, FAdeA logr\u00f3 entregar el primer Lockheed C-130 H\u00e9rcules modernizado \u00edntegramente en el pa\u00eds y en diciembre de 2018, entreg\u00f3 3 aviones Pampa III a la Fuerza A\u00e9rea. Luego, la actividad decreci\u00f3 notablemente.<\/p>\n\n\n\n<p>\u00daltimamente se apunt\u00f3 a fomentar el desarrollo de la industria aeron\u00e1utica nacional involucrando a proveedores locales. Un intento innovador para relanzar la producci\u00f3n aeron\u00e1utica y espacial argentina. Un nuevo proyecto para levantar vuelo.<\/p>\n\n\n\n<p>La gran deuda que FAdeA no ha saldado es la reincorporaci\u00f3n de cientos de trabajadores y trabajadoras despedidos en la \u201cEra Macri\u201d y que, pese a las promesas electorales de 2019, a pocas semanas de finalizar su mandato el Gobierno del Frente de Todos ha incumplido de cabo a rabo.<\/p>\n","protected":false},"excerpt":{"rendered":"<p>(fotos: latinta.com.ar) Un d\u00eda como hoy pero de 1927 se inauguraba la F\u00e1brica Militar de Aviones, uno de los hitos de la aventura industrialista en la Rep\u00fablica Argentina. A las 11,30 horas de ese d\u00eda, el gobernador de C\u00f3rdoba, Ram\u00f3n C\u00e1rcano dio la orden de dar paso a la corriente el\u00e9ctrica, el interruptor que estaba [&hellip;]<\/p>\n","protected":false},"author":7,"featured_media":39361,"comment_status":"open","ping_status":"open","sticky":false,"template":"","format":"standard","meta":{"_exactmetrics_skip_tracking":false,"_exactmetrics_sitenote_active":false,"_exactmetrics_sitenote_note":"","_exactmetrics_sitenote_category":0,"jnews-multi-image_gallery":[],"jnews_single_post":{"subtitle":"La gran deuda que FAdeA no ha saldado es la reincorporaci\u00f3n de cientos de trabajadores y trabajadoras despedidos en la \u201cEra Macri\u201d y que, pese a las promesas electorales de 2019, a pocas semanas de finalizar su mandato el Gobierno del Frente de Todos ha incumplido de cabo a rabo.","format":"standard","video":"","gallery":"","source_name":"","source_url":"","via_name":"","via_url":"","override_template":"0","override":[{"template":"1","single_blog_custom":"","parallax":"1","fullscreen":"1","layout":"no-sidebar-narrow","sidebar":"default-sidebar","second_sidebar":"default-sidebar","sticky_sidebar":"1","share_position":"bottom","share_float_style":"share-monocrhome","show_share_counter":"1","show_view_counter":"1","show_featured":"0","show_post_meta":"1","show_post_author":"0","show_post_author_image":"1","show_post_date":"1","post_date_format":"default","post_date_format_custom":"Y\/m\/d","show_post_category":"1","show_post_reading_time":"0","post_reading_time_wpm":"300","show_zoom_button":"0","zoom_button_out_step":"2","zoom_button_in_step":"3","show_post_tag":"1","show_prev_next_post":"0","show_popup_post":"0","number_popup_post":"1","show_author_box":"0","show_post_related":"1","show_inline_post_related":"0"}],"override_image_size":"0","image_override":[{"single_post_thumbnail_size":"crop-500","single_post_gallery_size":"crop-500"}],"trending_post":"0","trending_post_position":"meta","trending_post_label":"Trending","sponsored_post":"0","sponsored_post_label":"Sponsored by","sponsored_post_name":"","sponsored_post_url":"","sponsored_post_logo_enable":"0","sponsored_post_logo":"","sponsored_post_desc":"","disable_ad":"0"},"jnews_primary_category":{"id":"","hide":""},"jnews_social_meta":{"fb_title":"","fb_description":"","fb_image":"","twitter_title":"","twitter_description":"","twitter_image":""},"jnews_review":[],"enable_review":"0","type":"percentage","name":"","summary":"","brand":"","sku":"","good":[{"good_text":""}],"bad":[{"bad_text":""}],"score_override":"","override_value":"","rating":[{"rating_text":"","rating_number":"10"}],"price":[{"shop":"","price":"","link":"","icon":""}],"jnews_override_counter":{"override_view_counter":"0","view_counter_number":"0","override_share_counter":"0","share_counter_number":"0","override_like_counter":"0","like_counter_number":"0","override_dislike_counter":"0","dislike_counter_number":"0"},"jnews_post_split":{"enable_post_split":"0","post_split":[{"template":"1","tag":"h2","numbering":"asc","mode":"normal","first":"0","enable_toc":"0","toc_type":"normal"}]},"footnotes":""},"categories":[10],"tags":[],"class_list":["post-39355","post","type-post","status-publish","format-standard","has-post-thumbnail","hentry","category-accion-politica"],"jetpack_featured_media_url":"https:\/\/atecordoba.org\/wp-content\/uploads\/2023\/10\/FAdeA-trabajadorxs-Cordoba-04-e1696943964774.jpg","_links":{"self":[{"href":"https:\/\/atecordoba.org\/index.php?rest_route=\/wp\/v2\/posts\/39355","targetHints":{"allow":["GET"]}}],"collection":[{"href":"https:\/\/atecordoba.org\/index.php?rest_route=\/wp\/v2\/posts"}],"about":[{"href":"https:\/\/atecordoba.org\/index.php?rest_route=\/wp\/v2\/types\/post"}],"author":[{"embeddable":true,"href":"https:\/\/atecordoba.org\/index.php?rest_route=\/wp\/v2\/users\/7"}],"replies":[{"embeddable":true,"href":"https:\/\/atecordoba.org\/index.php?rest_route=%2Fwp%2Fv2%2Fcomments&post=39355"}],"version-history":[{"count":2,"href":"https:\/\/atecordoba.org\/index.php?rest_route=\/wp\/v2\/posts\/39355\/revisions"}],"predecessor-version":[{"id":39365,"href":"https:\/\/atecordoba.org\/index.php?rest_route=\/wp\/v2\/posts\/39355\/revisions\/39365"}],"wp:featuredmedia":[{"embeddable":true,"href":"https:\/\/atecordoba.org\/index.php?rest_route=\/wp\/v2\/media\/39361"}],"wp:attachment":[{"href":"https:\/\/atecordoba.org\/index.php?rest_route=%2Fwp%2Fv2%2Fmedia&parent=39355"}],"wp:term":[{"taxonomy":"category","embeddable":true,"href":"https:\/\/atecordoba.org\/index.php?rest_route=%2Fwp%2Fv2%2Fcategories&post=39355"},{"taxonomy":"post_tag","embeddable":true,"href":"https:\/\/atecordoba.org\/index.php?rest_route=%2Fwp%2Fv2%2Ftags&post=39355"}],"curies":[{"name":"wp","href":"https:\/\/api.w.org\/{rel}","templated":true}]}}