{"id":39350,"date":"2023-10-09T15:20:38","date_gmt":"2023-10-09T18:20:38","guid":{"rendered":"https:\/\/atecordoba.org\/?p=39350"},"modified":"2023-10-10T15:05:52","modified_gmt":"2023-10-10T18:05:52","slug":"nuevo-convenio-de-viviendas-familiares-para-afiliadas-y-afiliados-de-ate","status":"publish","type":"post","link":"https:\/\/atecordoba.org\/?p=39350","title":{"rendered":"Nuevo convenio de viviendas familiares para afiliadas y afiliados de ATE"},"content":{"rendered":"<div class=\"wp-block-image\">\n<figure class=\"aligncenter size-large is-resized\"><img loading=\"lazy\" decoding=\"async\" src=\"https:\/\/atecordoba.org\/wp-content\/uploads\/2023\/10\/20231006_151515-1024x461.jpg\" alt=\"\" class=\"wp-image-39351\" width=\"768\" height=\"346\" srcset=\"https:\/\/atecordoba.org\/wp-content\/uploads\/2023\/10\/20231006_151515-1024x461.jpg 1024w, https:\/\/atecordoba.org\/wp-content\/uploads\/2023\/10\/20231006_151515-300x135.jpg 300w, https:\/\/atecordoba.org\/wp-content\/uploads\/2023\/10\/20231006_151515-768x346.jpg 768w, https:\/\/atecordoba.org\/wp-content\/uploads\/2023\/10\/20231006_151515-1536x691.jpg 1536w, https:\/\/atecordoba.org\/wp-content\/uploads\/2023\/10\/20231006_151515-2048x922.jpg 2048w, https:\/\/atecordoba.org\/wp-content\/uploads\/2023\/10\/20231006_151515-750x338.jpg 750w, https:\/\/atecordoba.org\/wp-content\/uploads\/2023\/10\/20231006_151515-1140x513.jpg 1140w\" sizes=\"auto, (max-width: 768px) 100vw, 768px\" \/><\/figure>\n<\/div>\n\n\n<p>El d\u00eda viernes 6 de octubre, en un breve acto en el Consejo Directivo Provincial de ATE, se firm\u00f3 un marco convenio con la empresa constructora M\u00e1rquez y Asociados,&nbsp; con el objetivo de priorizar los aportes que vuelvan en verdaderos beneficios, en este caso brindando facilidades para el ingreso a un plan de vivienda familiar, tan necesario en estos tiempos.<\/p>\n\n\n<div class=\"wp-block-image\">\n<figure class=\"alignright size-large is-resized\"><img loading=\"lazy\" decoding=\"async\" src=\"https:\/\/atecordoba.org\/wp-content\/uploads\/2023\/10\/flyer-1024x1024.jpg\" alt=\"\" class=\"wp-image-39352\" width=\"437\" height=\"437\" srcset=\"https:\/\/atecordoba.org\/wp-content\/uploads\/2023\/10\/flyer-1024x1024.jpg 1024w, https:\/\/atecordoba.org\/wp-content\/uploads\/2023\/10\/flyer-300x300.jpg 300w, https:\/\/atecordoba.org\/wp-content\/uploads\/2023\/10\/flyer-150x150.jpg 150w, https:\/\/atecordoba.org\/wp-content\/uploads\/2023\/10\/flyer-768x768.jpg 768w, https:\/\/atecordoba.org\/wp-content\/uploads\/2023\/10\/flyer-560x560.jpg 560w, https:\/\/atecordoba.org\/wp-content\/uploads\/2023\/10\/flyer-75x75.jpg 75w, https:\/\/atecordoba.org\/wp-content\/uploads\/2023\/10\/flyer-350x350.jpg 350w, https:\/\/atecordoba.org\/wp-content\/uploads\/2023\/10\/flyer-750x750.jpg 750w, https:\/\/atecordoba.org\/wp-content\/uploads\/2023\/10\/flyer.jpg 1080w\" sizes=\"auto, (max-width: 437px) 100vw, 437px\" \/><\/figure>\n<\/div>\n\n\n<p>El secretario General de ATE C\u00f3rdoba, Federico Giuliani, junto al secretario de Acci\u00f3n social, Cultura y Turismo electo, Agust\u00edn Bertone y el revisor de cuentas electo, Mario Bongiovani Perna, destacaron la importancia de buscar alternativas por fuera del cr\u00e9dito hipotecario, debido al exceso costo particular en la adquisici\u00f3n de un lote y la construcci\u00f3n final de una vivienda unifamiliar.<\/p>\n\n\n\n<p>Vale se\u00f1alar que los elevados requisitos que exigen las entidades bancarias para otorgar un cr\u00e9dito hipotecario para la construcci\u00f3n o compra de una vivienda, fundamentan la firma del convenio.<\/p>\n\n\n\n<p>Los dirigentes subrayaron la importancia celebrar est\u00e1 clases de acuerdo ya que significa una posibilidad m\u00e1s para los y las afiliadxs Estatales en ahorrar con aportes, y acercarse a la vivienda.<\/p>\n\n\n\n<p>Se destacan los importantes beneficios que la constructora M\u00e1rquez y Asociados convino con nuestra ATE: todo suscriptor que decida aportar al sistema de construcci\u00f3n en funci\u00f3n de cada tipolog\u00eda de vivienda, tendr\u00e1 el beneficio sin&nbsp;ning\u00fan&nbsp;costo de la gesti\u00f3n de planos, presentaciones ante organismos Municipales de habilitaci\u00f3n de agua, y tambi\u00e9n la conducci\u00f3n t\u00e9cnica de la obra.<\/p>\n\n\n\n<p>Las y los interesados deben comunicarse con la Secretaria de Acci\u00f3n Social del Consejo Directivo Provincial, escribiendo al mail accionsocial.ate.cba@gmail.com <\/p>\n\n\n\n<p>O comunicarse con la firma al 3516074126 https:\/\/marquezyasociados.com.ar\/<\/p>\n","protected":false},"excerpt":{"rendered":"<p>El d\u00eda viernes 6 de octubre, en un breve acto en el Consejo Directivo Provincial de ATE, se firm\u00f3 un marco convenio con la empresa constructora M\u00e1rquez y Asociados,&nbsp; con el objetivo de priorizar los aportes que vuelvan en verdaderos beneficios, en este caso brindando facilidades para el ingreso a un plan de vivienda familiar, [&hellip;]<\/p>\n","protected":false},"author":7,"featured_media":39353,"comment_status":"open","ping_status":"open","sticky":false,"template":"","format":"standard","meta":{"_exactmetrics_skip_tracking":false,"_exactmetrics_sitenote_active":false,"_exactmetrics_sitenote_note":"","_exactmetrics_sitenote_category":0,"jnews-multi-image_gallery":[],"jnews_single_post":{"subtitle":"Todo suscriptor o suscriptora que decida aportar al sistema de construcci\u00f3n en funci\u00f3n de cada tipolog\u00eda de vivienda, tendr\u00e1 el beneficio sin\u00a0ning\u00fan\u00a0costo de la gesti\u00f3n de planos, presentaciones ante organismos Municipales de habilitaci\u00f3n de agua, y tambi\u00e9n la conducci\u00f3n t\u00e9cnica de la obra.","format":"standard","video":"","gallery":"","source_name":"","source_url":"","via_name":"","via_url":"","override_template":"0","override":[{"template":"1","single_blog_custom":"","parallax":"1","fullscreen":"1","layout":"no-sidebar-narrow","sidebar":"default-sidebar","second_sidebar":"default-sidebar","sticky_sidebar":"1","share_position":"bottom","share_float_style":"share-monocrhome","show_share_counter":"1","show_view_counter":"1","show_featured":"0","show_post_meta":"1","show_post_author":"0","show_post_author_image":"1","show_post_date":"1","post_date_format":"default","post_date_format_custom":"Y\/m\/d","show_post_category":"1","show_post_reading_time":"0","post_reading_time_wpm":"300","show_zoom_button":"0","zoom_button_out_step":"2","zoom_button_in_step":"3","show_post_tag":"1","show_prev_next_post":"0","show_popup_post":"0","number_popup_post":"1","show_author_box":"0","show_post_related":"1","show_inline_post_related":"0"}],"override_image_size":"0","image_override":[{"single_post_thumbnail_size":"crop-500","single_post_gallery_size":"crop-500"}],"trending_post":"0","trending_post_position":"meta","trending_post_label":"Trending","sponsored_post":"0","sponsored_post_label":"Sponsored by","sponsored_post_name":"","sponsored_post_url":"","sponsored_post_logo_enable":"0","sponsored_post_logo":"","sponsored_post_desc":"","disable_ad":"0"},"jnews_primary_category":{"id":"","hide":""},"jnews_social_meta":{"fb_title":"","fb_description":"","fb_image":"","twitter_title":"","twitter_description":"","twitter_image":""},"jnews_review":[],"enable_review":"0","type":"percentage","name":"","summary":"","brand":"","sku":"","good":[{"good_text":""}],"bad":[{"bad_text":""}],"score_override":"","override_value":"","rating":[{"rating_text":"","rating_number":"10"}],"price":[{"shop":"","price":"","link":"","icon":""}],"jnews_override_counter":{"override_view_counter":"0","view_counter_number":"0","override_share_counter":"0","share_counter_number":"0","override_like_counter":"0","like_counter_number":"0","override_dislike_counter":"0","dislike_counter_number":"0"},"jnews_post_split":{"enable_post_split":"0","post_split":[{"template":"1","tag":"h2","numbering":"asc","mode":"normal","first":"0","enable_toc":"0","toc_type":"normal"}]},"footnotes":""},"categories":[75],"tags":[],"class_list":["post-39350","post","type-post","status-publish","format-standard","has-post-thumbnail","hentry","category-accion-social"],"jetpack_featured_media_url":"https:\/\/atecordoba.org\/wp-content\/uploads\/2023\/10\/20231006_151552-scaled-e1696875624434.jpg","_links":{"self":[{"href":"https:\/\/atecordoba.org\/index.php?rest_route=\/wp\/v2\/posts\/39350","targetHints":{"allow":["GET"]}}],"collection":[{"href":"https:\/\/atecordoba.org\/index.php?rest_route=\/wp\/v2\/posts"}],"about":[{"href":"https:\/\/atecordoba.org\/index.php?rest_route=\/wp\/v2\/types\/post"}],"author":[{"embeddable":true,"href":"https:\/\/atecordoba.org\/index.php?rest_route=\/wp\/v2\/users\/7"}],"replies":[{"embeddable":true,"href":"https:\/\/atecordoba.org\/index.php?rest_route=%2Fwp%2Fv2%2Fcomments&post=39350"}],"version-history":[{"count":2,"href":"https:\/\/atecordoba.org\/index.php?rest_route=\/wp\/v2\/posts\/39350\/revisions"}],"predecessor-version":[{"id":39371,"href":"https:\/\/atecordoba.org\/index.php?rest_route=\/wp\/v2\/posts\/39350\/revisions\/39371"}],"wp:featuredmedia":[{"embeddable":true,"href":"https:\/\/atecordoba.org\/index.php?rest_route=\/wp\/v2\/media\/39353"}],"wp:attachment":[{"href":"https:\/\/atecordoba.org\/index.php?rest_route=%2Fwp%2Fv2%2Fmedia&parent=39350"}],"wp:term":[{"taxonomy":"category","embeddable":true,"href":"https:\/\/atecordoba.org\/index.php?rest_route=%2Fwp%2Fv2%2Fcategories&post=39350"},{"taxonomy":"post_tag","embeddable":true,"href":"https:\/\/atecordoba.org\/index.php?rest_route=%2Fwp%2Fv2%2Ftags&post=39350"}],"curies":[{"name":"wp","href":"https:\/\/api.w.org\/{rel}","templated":true}]}}