{"id":39343,"date":"2023-10-09T10:04:27","date_gmt":"2023-10-09T13:04:27","guid":{"rendered":"https:\/\/atecordoba.org\/?p=39343"},"modified":"2023-10-09T10:04:27","modified_gmt":"2023-10-09T13:04:27","slug":"giuliani-los-trabajadores-querian-salir-de-la-representacion-gremial-del-sitramag-y-asi-llegamos-a-anisacate","status":"publish","type":"post","link":"https:\/\/atecordoba.org\/?p=39343","title":{"rendered":"Giuliani: &#8220;Los trabajadores quer\u00edan salir de la representaci\u00f3n gremial del SITRAMAG y as\u00ed llegamos a Anisacate&#8221;"},"content":{"rendered":"<div class=\"wp-block-image\">\n<figure class=\"alignleft size-full is-resized\"><img loading=\"lazy\" decoding=\"async\" src=\"https:\/\/atecordoba.org\/wp-content\/uploads\/2023\/10\/fede.jpg\" alt=\"\" class=\"wp-image-39344\" width=\"632\" height=\"380\" \/><\/figure>\n<\/div>\n\n\n<p>(fuente: mivalle.com.ar)<\/p>\n\n\n\n<p>En los \u00faltimos meses ATE viene buscando un lugar entre los trabajadores p\u00fablicos del Valle de Paravachasca, logrando contar con afiliados en la regi\u00f3n. Federico Giuliani, actual Secretario General del gremio en el orden provincial, sostuvo al inicio de la charla con<em>\u00a0\u201cMi Valle\u201d<\/em>\u00a0una definici\u00f3n a modo de presentaci\u00f3n:\u00a0\u201cSomos el gremio m\u00e1s antiguo del pa\u00eds, con la Personer\u00eda Jur\u00eddica N\u00ba 2, estamos en m\u00e1s de 100 localidades de la provincia, podemos convivir con otros gremios, pero tenemos alcance de representaci\u00f3n a nivel nacional, provincial, municipal y comunal\u201d.<\/p>\n\n\n\n<p><strong>-\u00bfPor que eligieron este momento para instalarse en Paravachasca?<\/strong><\/p>\n\n\n\n<p>-Se dio de esta manera, tuvimos dos a\u00f1os de pandemia que demor\u00f3 la proyecci\u00f3n en el interior provincial, pero este recorrido se viene programando hace tiempo. Hoy tenemos representaci\u00f3n en 100 localidades de nuestra provincia, en un momento \u00edbamos a llegar a hablar con los empleados p\u00fablicos locales de este Valle.<\/p>\n\n\n\n<p><strong>-El desembarco se da en Anisacate, una localidad donde en pocos meses habr\u00e1 cambio pol\u00edtico. Se va un Gobierno m\u00e1s af\u00edn a la l\u00ednea nacional y asume la gesti\u00f3n el PRO. \u00bfEsto puede ser visto como un movimiento de pol\u00edtica partidaria?<\/strong><\/p>\n\n\n\n<p>-No, esa versi\u00f3n que se quiere imponer es falsa y maliciosa. La verdad es que personalmente no conozco a la localidad m\u00e1s que de pasada alguna vez. No se quien gobierna, ni quien va a gobernar, solo respondimos a una necesidad de los trabajadores, que hace meses venimos hablando. Se organizaron porque quer\u00edan salir de la representaci\u00f3n gremial del Sindicato de Trabajadores Municipales de Alta Gracia (SITRAMAG) y as\u00ed llegamos a Anisacate, lo mismo que pasa en Alta Gracia y Villa Los Aromos.<\/p>\n\n\n\n<p><strong>-\u00bfMantuvieron enfrentamientos con algunas administraciones locales, solicitando la modificaci\u00f3n de estatutos. \u00bfPor qu\u00e9?<\/strong><\/p>\n\n\n\n<p>-Nosotros no trabajamos para que otros gremios no est\u00e9n donde est\u00e1 ATE, al contrario, creemos que la pluralidad sindical fortalece la convivencia con otras asociaciones, pero es il\u00f3gico y antidemocr\u00e1tico, que se pueda elegir en las autoridades de una localidad diferentes representantes, pero los trabajadores no puedan hacerlo con quienes quieran que los represente. Es inconstitucional limitar la representaci\u00f3n gremial. Nosotros pedimos que las modificaciones en los estatutos no se limite a mencionar solo al SITRAMAG, sino que se agreguen m\u00e1s opciones, SITRAMAG, ATE u otros, porque la constituci\u00f3n dice en su art\u00edculo 14 bis, que hay libertad gremial.<\/p>\n\n\n\n<p><strong>Convivencia<\/strong><\/p>\n\n\n\n<p>Giuliani sostiene que esta situaci\u00f3n ya la vivieron con el Gobierno de Jos\u00e9 Manuel De La Sota, llevando el reclamo a instancias judiciales y obteniendo un fallo favorable en el 2017, \u201cque cubri\u00f3 la demanda millonaria con fondos del Estado Provincial. Son situaciones a las cuales no nos interesa llegar, porque esa plata la terminan poniendo los vecinos, que son los que sostienen los gobiernos locales\u201d.<\/p>\n\n\n\n<p><strong>-\u00bfAl plantear la convivencia con otros gremios no estar\u00edan confundiendo a los empleados?<\/strong><\/p>\n\n\n\n<p>-Para nada, los trabajadores est\u00e1n buscando otras alternativas porque el gremio muchas veces se aleja de sus bases. \u00bfC\u00f3mo un afiliado del SITRMAG no puede elegir a su Secretario General si no es trabajador de Alta Gracia?, entonces \u00bfpara qu\u00e9 aportan las dem\u00e1s localidades, si ni siquiera pod\u00e9s elegir a tu representante?. Creo que esas son cosas que hacen posible la llegada de ATE. Ese gremio se volvi\u00f3 una unidad de negocios, prestan plata y se financian con intereses usureros a los trabajadores. El Estado cambi\u00f3, los empleados p\u00fablicos tambi\u00e9n, debemos aspirar a nuevas representaciones. No puede haber dirigentes que son representantes de los trabajadores, y funcionarios de los gobiernos que tienen que enfrentar. No pod\u00e9s estar de los dos lados del mostrador, es b\u00e1sico\u201d.<\/p>\n\n\n\n<p><strong>-\u00bfEn Los Aromos desmintieron su reconocimiento despu\u00e9s de haber tenido una reuni\u00f3n?<\/strong><\/p>\n\n\n\n<p>-S\u00ed, es raro lo que pas\u00f3, particip\u00e9 de esa reuni\u00f3n con la Presidenta Comunal (Nelly Morales), quien se comprometi\u00f3 a modificar el Estatuto. Pero al d\u00eda siguiente, por presiones de dirigentes que son caudillos locales, como les es m\u00e1s f\u00e1cil negociar con el SITRAMAG, pidieron que vuelva sobre sus pasos. Es un error de interpretaci\u00f3n total, nosotros no vamos a pedir permiso al patr\u00f3n, nosotros ejercemos la representatividad de los trabajadores. Son ellos quienes eligen nuestra participaci\u00f3n y es algo que ninguna localidad puede prohibir, ya le pas\u00f3 a De La Sota y en el 2017 tuvo que pagar un juicio millonario, no queremos llegar a esa instancia, por eso recomendamos la modificaci\u00f3n de los estatutos, siempre dispuestos a dialogar y encontrar consensos.<\/p>\n\n\n\n<p>Est\u00e1 claro que el signo de los tiempos marca un cambio en las crecientes administraciones locales y comienzan a instalarse tensiones que eran impensadas hace algunos a\u00f1os. El desarrollo y crecimiento, tambi\u00e9n ofrece nuevos paradigmas, como por ejemplo, el de la lucha gremial que parece haber comenzado en Paravachasca, con dos actores de peso.<\/p>\n","protected":false},"excerpt":{"rendered":"<p>(fuente: mivalle.com.ar) En los \u00faltimos meses ATE viene buscando un lugar entre los trabajadores p\u00fablicos del Valle de Paravachasca, logrando contar con afiliados en la regi\u00f3n. Federico Giuliani, actual Secretario General del gremio en el orden provincial, sostuvo al inicio de la charla con\u00a0\u201cMi Valle\u201d\u00a0una definici\u00f3n a modo de presentaci\u00f3n:\u00a0\u201cSomos el gremio m\u00e1s antiguo del [&hellip;]<\/p>\n","protected":false},"author":7,"featured_media":39344,"comment_status":"open","ping_status":"open","sticky":false,"template":"","format":"standard","meta":{"_exactmetrics_skip_tracking":false,"_exactmetrics_sitenote_active":false,"_exactmetrics_sitenote_note":"","_exactmetrics_sitenote_category":0,"jnews-multi-image_gallery":[],"jnews_single_post":{"subtitle":"En una entrevista con un medio del Valle de Paravachasca, el secretario General de ATE explic\u00f3 que somos el gremio m\u00e1s antiguo del pa\u00eds, con la Personer\u00eda Gremial N\u00ba 2, estamos en m\u00e1s de 100 localidades de la provincia y podemos convivir con otros gremios.","format":"standard","video":"","gallery":"","source_name":"","source_url":"","via_name":"","via_url":"","override_template":"0","override":[{"template":"1","single_blog_custom":"","parallax":"1","fullscreen":"1","layout":"no-sidebar-narrow","sidebar":"default-sidebar","second_sidebar":"default-sidebar","sticky_sidebar":"1","share_position":"bottom","share_float_style":"share-monocrhome","show_share_counter":"1","show_view_counter":"1","show_featured":"0","show_post_meta":"1","show_post_author":"0","show_post_author_image":"1","show_post_date":"1","post_date_format":"default","post_date_format_custom":"Y\/m\/d","show_post_category":"1","show_post_reading_time":"0","post_reading_time_wpm":"300","show_zoom_button":"0","zoom_button_out_step":"2","zoom_button_in_step":"3","show_post_tag":"1","show_prev_next_post":"0","show_popup_post":"0","number_popup_post":"1","show_author_box":"0","show_post_related":"1","show_inline_post_related":"0"}],"override_image_size":"0","image_override":[{"single_post_thumbnail_size":"crop-500","single_post_gallery_size":"crop-500"}],"trending_post":"0","trending_post_position":"meta","trending_post_label":"Trending","sponsored_post":"0","sponsored_post_label":"Sponsored by","sponsored_post_name":"","sponsored_post_url":"","sponsored_post_logo_enable":"0","sponsored_post_logo":"","sponsored_post_desc":"","disable_ad":"0"},"jnews_primary_category":{"id":"","hide":""},"jnews_social_meta":{"fb_title":"Municipales: \"Los trabajadores quer\u00edan salir de la representaci\u00f3n gremial del SITRAMAG y as\u00ed llegamos a Anisacate\"","fb_description":"","fb_image":"","twitter_title":"","twitter_description":"","twitter_image":""},"jnews_review":[],"enable_review":"0","type":"percentage","name":"","summary":"","brand":"","sku":"","good":[{"good_text":""}],"bad":[{"bad_text":""}],"score_override":"","override_value":"","rating":[{"rating_text":"","rating_number":"10"}],"price":[{"shop":"","price":"","link":"","icon":""}],"jnews_override_counter":{"override_view_counter":"0","view_counter_number":"0","override_share_counter":"0","share_counter_number":"0","override_like_counter":"0","like_counter_number":"0","override_dislike_counter":"0","dislike_counter_number":"0"},"jnews_post_split":{"enable_post_split":"0","post_split":[{"template":"1","tag":"h2","numbering":"asc","mode":"normal","first":"0","enable_toc":"0","toc_type":"normal"}]},"footnotes":""},"categories":[20],"tags":[],"class_list":["post-39343","post","type-post","status-publish","format-standard","has-post-thumbnail","hentry","category-municipales"],"jetpack_featured_media_url":"https:\/\/atecordoba.org\/wp-content\/uploads\/2023\/10\/fede-e1696856634774.jpg","_links":{"self":[{"href":"https:\/\/atecordoba.org\/index.php?rest_route=\/wp\/v2\/posts\/39343","targetHints":{"allow":["GET"]}}],"collection":[{"href":"https:\/\/atecordoba.org\/index.php?rest_route=\/wp\/v2\/posts"}],"about":[{"href":"https:\/\/atecordoba.org\/index.php?rest_route=\/wp\/v2\/types\/post"}],"author":[{"embeddable":true,"href":"https:\/\/atecordoba.org\/index.php?rest_route=\/wp\/v2\/users\/7"}],"replies":[{"embeddable":true,"href":"https:\/\/atecordoba.org\/index.php?rest_route=%2Fwp%2Fv2%2Fcomments&post=39343"}],"version-history":[{"count":1,"href":"https:\/\/atecordoba.org\/index.php?rest_route=\/wp\/v2\/posts\/39343\/revisions"}],"predecessor-version":[{"id":39345,"href":"https:\/\/atecordoba.org\/index.php?rest_route=\/wp\/v2\/posts\/39343\/revisions\/39345"}],"wp:featuredmedia":[{"embeddable":true,"href":"https:\/\/atecordoba.org\/index.php?rest_route=\/wp\/v2\/media\/39344"}],"wp:attachment":[{"href":"https:\/\/atecordoba.org\/index.php?rest_route=%2Fwp%2Fv2%2Fmedia&parent=39343"}],"wp:term":[{"taxonomy":"category","embeddable":true,"href":"https:\/\/atecordoba.org\/index.php?rest_route=%2Fwp%2Fv2%2Fcategories&post=39343"},{"taxonomy":"post_tag","embeddable":true,"href":"https:\/\/atecordoba.org\/index.php?rest_route=%2Fwp%2Fv2%2Ftags&post=39343"}],"curies":[{"name":"wp","href":"https:\/\/api.w.org\/{rel}","templated":true}]}}