{"id":39331,"date":"2023-10-06T15:32:38","date_gmt":"2023-10-06T18:32:38","guid":{"rendered":"https:\/\/atecordoba.org\/?p=39331"},"modified":"2023-10-06T15:32:39","modified_gmt":"2023-10-06T18:32:39","slug":"villa-ciudad-parque-asamblea-y-audiencia-con-el-jefe-comunal","status":"publish","type":"post","link":"https:\/\/atecordoba.org\/?p=39331","title":{"rendered":"Villa Ciudad Parque: asamblea y audiencia con el Jefe Comunal"},"content":{"rendered":"<div class=\"wp-block-image\">\n<figure class=\"aligncenter size-large is-resized\"><img loading=\"lazy\" decoding=\"async\" src=\"https:\/\/atecordoba.org\/wp-content\/uploads\/2023\/10\/8-1024x576.jpg\" alt=\"\" class=\"wp-image-39332\" width=\"768\" height=\"432\" \/><\/figure>\n<\/div>\n\n\n<p>Ante el c\u00famulo de situaciones conflictivas que se suceden en Villa Ciudad Parque entre el personal y el Departamento Ejecutivo, ayer ATE realiz\u00f3 una asamblea general de  trabajadores y trabajadoras municipales de la localidad, en la previa de una audiencia programada con las autoridades de la Comuna. el secretario General de ATE C\u00f3rdoba, Federico Giuliani, encabez\u00f3 la medida, junto a integrantes de la comisi\u00f3n directiva de nuestro sindicato que se hicimos presentes para apoyar la lucha del sector. <\/p>\n\n\n\n<p>En la oportunidad se abord\u00f3 un pliego de demandas relativas al aumento salarial, a la construcci\u00f3n de un estatuto propio y con la incorporaci\u00f3n del \u00edtem por \u201cpresentismo\u201d.<\/p>\n\n\n\n<figure class=\"wp-block-gallery has-nested-images columns-default is-cropped wp-block-gallery-1 is-layout-flex wp-block-gallery-is-layout-flex\">\n<figure class=\"wp-block-image size-large\"><img loading=\"lazy\" decoding=\"async\" width=\"1024\" height=\"768\" data-id=\"39334\" src=\"https:\/\/atecordoba.org\/wp-content\/uploads\/2023\/10\/2-1024x768.jpg\" alt=\"\" class=\"wp-image-39334\" srcset=\"https:\/\/atecordoba.org\/wp-content\/uploads\/2023\/10\/2-1024x768.jpg 1024w, https:\/\/atecordoba.org\/wp-content\/uploads\/2023\/10\/2-300x225.jpg 300w, https:\/\/atecordoba.org\/wp-content\/uploads\/2023\/10\/2-768x576.jpg 768w, https:\/\/atecordoba.org\/wp-content\/uploads\/2023\/10\/2-1536x1152.jpg 1536w, https:\/\/atecordoba.org\/wp-content\/uploads\/2023\/10\/2-750x563.jpg 750w, https:\/\/atecordoba.org\/wp-content\/uploads\/2023\/10\/2-1140x855.jpg 1140w, https:\/\/atecordoba.org\/wp-content\/uploads\/2023\/10\/2.jpg 1600w\" sizes=\"auto, (max-width: 1024px) 100vw, 1024px\" \/><\/figure>\n\n\n\n<figure class=\"wp-block-image size-large\"><img loading=\"lazy\" decoding=\"async\" width=\"1024\" height=\"576\" data-id=\"39333\" src=\"https:\/\/atecordoba.org\/wp-content\/uploads\/2023\/10\/10-1024x576.jpg\" alt=\"\" class=\"wp-image-39333\" srcset=\"https:\/\/atecordoba.org\/wp-content\/uploads\/2023\/10\/10-1024x576.jpg 1024w, https:\/\/atecordoba.org\/wp-content\/uploads\/2023\/10\/10-300x169.jpg 300w, https:\/\/atecordoba.org\/wp-content\/uploads\/2023\/10\/10-768x432.jpg 768w, https:\/\/atecordoba.org\/wp-content\/uploads\/2023\/10\/10-750x422.jpg 750w, https:\/\/atecordoba.org\/wp-content\/uploads\/2023\/10\/10-1140x641.jpg 1140w, https:\/\/atecordoba.org\/wp-content\/uploads\/2023\/10\/10.jpg 1152w\" sizes=\"auto, (max-width: 1024px) 100vw, 1024px\" \/><\/figure>\n\n\n\n<figure class=\"wp-block-image size-large\"><img loading=\"lazy\" decoding=\"async\" width=\"1024\" height=\"768\" data-id=\"39335\" src=\"https:\/\/atecordoba.org\/wp-content\/uploads\/2023\/10\/1-1024x768.jpg\" alt=\"\" class=\"wp-image-39335\" srcset=\"https:\/\/atecordoba.org\/wp-content\/uploads\/2023\/10\/1-1024x768.jpg 1024w, https:\/\/atecordoba.org\/wp-content\/uploads\/2023\/10\/1-300x225.jpg 300w, https:\/\/atecordoba.org\/wp-content\/uploads\/2023\/10\/1-768x576.jpg 768w, https:\/\/atecordoba.org\/wp-content\/uploads\/2023\/10\/1-1536x1152.jpg 1536w, https:\/\/atecordoba.org\/wp-content\/uploads\/2023\/10\/1-750x563.jpg 750w, https:\/\/atecordoba.org\/wp-content\/uploads\/2023\/10\/1-1140x855.jpg 1140w, https:\/\/atecordoba.org\/wp-content\/uploads\/2023\/10\/1.jpg 1600w\" sizes=\"auto, (max-width: 1024px) 100vw, 1024px\" \/><\/figure>\n<\/figure>\n\n\n\n<p>En ese contexto, con el mandato de base de la asamblea y en la perspectiva de seguir generando di\u00e1logo con el Ejecutivo la comitiva de ATE se dirigi\u00f3  posteriormente a una reuni\u00f3n institucional con el jefe comunal, Pablo Riveros, el secretario de Gobierno S\u00e1nchez Corradi.<\/p>\n\n\n\n<p>Giuliani encabez\u00f3 la delegaci\u00f3n estatal, junto a las y los delegados del sector, en la audiencia con el Ejecutivo, donde plante\u00f3 que el \u00edtem presentismo tenga una regulaci\u00f3n y que sea a partir de un acuerdo entre la patronal y la representaci\u00f3n sindical. &#8220;Tambi\u00e9n se defini\u00f3 armar una mesa de relaciones laborales para empezar a abordar la creaci\u00f3n del Estatuto que la comuna actualmente no tiene. Al mismo tiempo ATE inform\u00f3 sobre algunas situaciones de violencia laboral cometidas por funcionarios de la comuna con compa\u00f1eras nuestras&#8221;, dijo Giuliani.<\/p>\n\n\n\n<p>En ese marco, m\u00e1s all\u00e1 de si las afectadas toman la decisi\u00f3n o no de actual den el plano judicial, ATE ofreci\u00f3 que en noviembre la Secretar\u00eda de G\u00e9nero del Consejo Directivo Provincial brinde una capacitaci\u00f3n para todo el personal y los funcionarios de la comuna, en funci\u00f3n del Convenio 190 de la OIT de violencia laboral.<\/p>\n\n\n\n<p>Por \u00faltimo, se acord\u00f3 que la pr\u00f3xima reuni\u00f3n paritaria se realice en noviembre para pulir el \u00faltimo tramo del a\u00f1o antes que asume la pr\u00f3xima gesti\u00f3n.<\/p>\n\n\n\n<figure class=\"wp-block-gallery has-nested-images columns-default is-cropped wp-block-gallery-2 is-layout-flex wp-block-gallery-is-layout-flex\">\n<figure class=\"wp-block-image size-large\"><img loading=\"lazy\" decoding=\"async\" width=\"576\" height=\"1024\" data-id=\"39336\" src=\"https:\/\/atecordoba.org\/wp-content\/uploads\/2023\/10\/7-576x1024.jpg\" alt=\"\" class=\"wp-image-39336\" srcset=\"https:\/\/atecordoba.org\/wp-content\/uploads\/2023\/10\/7-576x1024.jpg 576w, https:\/\/atecordoba.org\/wp-content\/uploads\/2023\/10\/7-169x300.jpg 169w, https:\/\/atecordoba.org\/wp-content\/uploads\/2023\/10\/7.jpg 648w\" sizes=\"auto, (max-width: 576px) 100vw, 576px\" \/><\/figure>\n\n\n\n<figure class=\"wp-block-image size-large\"><img loading=\"lazy\" decoding=\"async\" width=\"768\" height=\"1024\" data-id=\"39340\" src=\"https:\/\/atecordoba.org\/wp-content\/uploads\/2023\/10\/3-768x1024.jpg\" alt=\"\" class=\"wp-image-39340\" srcset=\"https:\/\/atecordoba.org\/wp-content\/uploads\/2023\/10\/3-768x1024.jpg 768w, https:\/\/atecordoba.org\/wp-content\/uploads\/2023\/10\/3-225x300.jpg 225w, https:\/\/atecordoba.org\/wp-content\/uploads\/2023\/10\/3-1152x1536.jpg 1152w, https:\/\/atecordoba.org\/wp-content\/uploads\/2023\/10\/3-750x1000.jpg 750w, https:\/\/atecordoba.org\/wp-content\/uploads\/2023\/10\/3-1140x1520.jpg 1140w, https:\/\/atecordoba.org\/wp-content\/uploads\/2023\/10\/3.jpg 1200w\" sizes=\"auto, (max-width: 768px) 100vw, 768px\" \/><\/figure>\n\n\n\n<figure class=\"wp-block-image size-large\"><img loading=\"lazy\" decoding=\"async\" width=\"900\" height=\"1600\" data-id=\"39339\" src=\"https:\/\/atecordoba.org\/wp-content\/uploads\/2023\/10\/4-576x1024.jpg\" alt=\"\" class=\"wp-image-39339\" srcset=\"https:\/\/atecordoba.org\/wp-content\/uploads\/2023\/10\/4-576x1024.jpg 576w, https:\/\/atecordoba.org\/wp-content\/uploads\/2023\/10\/4-169x300.jpg 169w, https:\/\/atecordoba.org\/wp-content\/uploads\/2023\/10\/4-768x1365.jpg 768w, https:\/\/atecordoba.org\/wp-content\/uploads\/2023\/10\/4-864x1536.jpg 864w, https:\/\/atecordoba.org\/wp-content\/uploads\/2023\/10\/4-750x1333.jpg 750w, https:\/\/atecordoba.org\/wp-content\/uploads\/2023\/10\/4.jpg 900w\" sizes=\"auto, (max-width: 900px) 100vw, 900px\" \/><\/figure>\n\n\n\n<figure class=\"wp-block-image size-large\"><img loading=\"lazy\" decoding=\"async\" width=\"576\" height=\"1024\" data-id=\"39337\" src=\"https:\/\/atecordoba.org\/wp-content\/uploads\/2023\/10\/5-576x1024.jpg\" alt=\"\" class=\"wp-image-39337\" srcset=\"https:\/\/atecordoba.org\/wp-content\/uploads\/2023\/10\/5-576x1024.jpg 576w, https:\/\/atecordoba.org\/wp-content\/uploads\/2023\/10\/5-169x300.jpg 169w, https:\/\/atecordoba.org\/wp-content\/uploads\/2023\/10\/5.jpg 648w\" sizes=\"auto, (max-width: 576px) 100vw, 576px\" \/><\/figure>\n\n\n\n<figure class=\"wp-block-image size-large\"><img loading=\"lazy\" decoding=\"async\" width=\"576\" height=\"1024\" data-id=\"39338\" src=\"https:\/\/atecordoba.org\/wp-content\/uploads\/2023\/10\/6-576x1024.jpg\" alt=\"\" class=\"wp-image-39338\" srcset=\"https:\/\/atecordoba.org\/wp-content\/uploads\/2023\/10\/6-576x1024.jpg 576w, https:\/\/atecordoba.org\/wp-content\/uploads\/2023\/10\/6-169x300.jpg 169w, https:\/\/atecordoba.org\/wp-content\/uploads\/2023\/10\/6.jpg 648w\" sizes=\"auto, (max-width: 576px) 100vw, 576px\" \/><\/figure>\n<\/figure>\n","protected":false},"excerpt":{"rendered":"<p>Ante el c\u00famulo de situaciones conflictivas que se suceden en Villa Ciudad Parque entre el personal y el Departamento Ejecutivo, ayer ATE realiz\u00f3 una asamblea general de trabajadores y trabajadoras municipales de la localidad, en la previa de una audiencia programada con las autoridades de la Comuna. el secretario General de ATE C\u00f3rdoba, Federico Giuliani, [&hellip;]<\/p>\n","protected":false},"author":7,"featured_media":39332,"comment_status":"open","ping_status":"open","sticky":false,"template":"","format":"standard","meta":{"_exactmetrics_skip_tracking":false,"_exactmetrics_sitenote_active":false,"_exactmetrics_sitenote_note":"","_exactmetrics_sitenote_category":0,"jnews-multi-image_gallery":[],"jnews_single_post":{"subtitle":"Las y los municipales platearon problemas referidos a la necesidad de convocar a una nueva reuni\u00f3n paritaria para noviembre, la creaci\u00f3n del Estatuto del personal y a situaciones de violencia laboral que no ser\u00e1n permitidas por ATE. Todo fue planteado ante el Ejecutivo por nuestro secreario General, Federico Giuliani. ","format":"standard","video":"","gallery":"","source_name":"","source_url":"","via_name":"","via_url":"","override_template":"0","override":[{"template":"1","single_blog_custom":"","parallax":"1","fullscreen":"1","layout":"no-sidebar-narrow","sidebar":"default-sidebar","second_sidebar":"default-sidebar","sticky_sidebar":"1","share_position":"bottom","share_float_style":"share-monocrhome","show_share_counter":"1","show_view_counter":"1","show_featured":"0","show_post_meta":"1","show_post_author":"0","show_post_author_image":"1","show_post_date":"1","post_date_format":"default","post_date_format_custom":"Y\/m\/d","show_post_category":"1","show_post_reading_time":"0","post_reading_time_wpm":"300","show_zoom_button":"0","zoom_button_out_step":"2","zoom_button_in_step":"3","show_post_tag":"1","show_prev_next_post":"0","show_popup_post":"0","number_popup_post":"1","show_author_box":"0","show_post_related":"1","show_inline_post_related":"0"}],"override_image_size":"0","image_override":[{"single_post_thumbnail_size":"crop-500","single_post_gallery_size":"crop-500"}],"trending_post":"0","trending_post_position":"meta","trending_post_label":"Trending","sponsored_post":"0","sponsored_post_label":"Sponsored by","sponsored_post_name":"","sponsored_post_url":"","sponsored_post_logo_enable":"0","sponsored_post_logo":"","sponsored_post_desc":"","disable_ad":"0"},"jnews_primary_category":{"id":"","hide":""},"jnews_social_meta":{"fb_title":"","fb_description":"","fb_image":"","twitter_title":"","twitter_description":"","twitter_image":""},"jnews_review":[],"enable_review":"0","type":"percentage","name":"","summary":"","brand":"","sku":"","good":[{"good_text":""}],"bad":[{"bad_text":""}],"score_override":"","override_value":"","rating":[{"rating_text":"","rating_number":"10"}],"price":[{"shop":"","price":"","link":"","icon":""}],"jnews_override_counter":{"override_view_counter":"0","view_counter_number":"0","override_share_counter":"0","share_counter_number":"0","override_like_counter":"0","like_counter_number":"0","override_dislike_counter":"0","dislike_counter_number":"0"},"jnews_post_split":{"enable_post_split":"0","post_split":[{"template":"1","tag":"h2","numbering":"asc","mode":"normal","first":"0","enable_toc":"0","toc_type":"normal"}]},"footnotes":""},"categories":[20],"tags":[],"class_list":["post-39331","post","type-post","status-publish","format-standard","has-post-thumbnail","hentry","category-municipales"],"jetpack_featured_media_url":"https:\/\/atecordoba.org\/wp-content\/uploads\/2023\/10\/8-e1696617152267.jpg","_links":{"self":[{"href":"https:\/\/atecordoba.org\/index.php?rest_route=\/wp\/v2\/posts\/39331","targetHints":{"allow":["GET"]}}],"collection":[{"href":"https:\/\/atecordoba.org\/index.php?rest_route=\/wp\/v2\/posts"}],"about":[{"href":"https:\/\/atecordoba.org\/index.php?rest_route=\/wp\/v2\/types\/post"}],"author":[{"embeddable":true,"href":"https:\/\/atecordoba.org\/index.php?rest_route=\/wp\/v2\/users\/7"}],"replies":[{"embeddable":true,"href":"https:\/\/atecordoba.org\/index.php?rest_route=%2Fwp%2Fv2%2Fcomments&post=39331"}],"version-history":[{"count":1,"href":"https:\/\/atecordoba.org\/index.php?rest_route=\/wp\/v2\/posts\/39331\/revisions"}],"predecessor-version":[{"id":39341,"href":"https:\/\/atecordoba.org\/index.php?rest_route=\/wp\/v2\/posts\/39331\/revisions\/39341"}],"wp:featuredmedia":[{"embeddable":true,"href":"https:\/\/atecordoba.org\/index.php?rest_route=\/wp\/v2\/media\/39332"}],"wp:attachment":[{"href":"https:\/\/atecordoba.org\/index.php?rest_route=%2Fwp%2Fv2%2Fmedia&parent=39331"}],"wp:term":[{"taxonomy":"category","embeddable":true,"href":"https:\/\/atecordoba.org\/index.php?rest_route=%2Fwp%2Fv2%2Fcategories&post=39331"},{"taxonomy":"post_tag","embeddable":true,"href":"https:\/\/atecordoba.org\/index.php?rest_route=%2Fwp%2Fv2%2Ftags&post=39331"}],"curies":[{"name":"wp","href":"https:\/\/api.w.org\/{rel}","templated":true}]}}