{"id":39327,"date":"2023-10-06T13:03:41","date_gmt":"2023-10-06T16:03:41","guid":{"rendered":"https:\/\/atecordoba.org\/?p=39327"},"modified":"2023-10-06T13:03:42","modified_gmt":"2023-10-06T16:03:42","slug":"cta-autonoma-encuentro-provincial-de-estatales-privados-y-organizaciones-sociales-en-ate","status":"publish","type":"post","link":"https:\/\/atecordoba.org\/?p=39327","title":{"rendered":"CTA Aut\u00f3noma: Encuentro Provincial de estatales, privados y organizaciones sociales en ATE"},"content":{"rendered":"<div class=\"wp-block-image\">\n<figure class=\"aligncenter size-large is-resized\"><img loading=\"lazy\" decoding=\"async\" src=\"https:\/\/atecordoba.org\/wp-content\/uploads\/2023\/10\/flyerCTAAplenario-1024x1024.jpg\" alt=\"\" class=\"wp-image-39328\" width=\"512\" height=\"512\" srcset=\"https:\/\/atecordoba.org\/wp-content\/uploads\/2023\/10\/flyerCTAAplenario-1024x1024.jpg 1024w, https:\/\/atecordoba.org\/wp-content\/uploads\/2023\/10\/flyerCTAAplenario-300x300.jpg 300w, https:\/\/atecordoba.org\/wp-content\/uploads\/2023\/10\/flyerCTAAplenario-150x150.jpg 150w, https:\/\/atecordoba.org\/wp-content\/uploads\/2023\/10\/flyerCTAAplenario-768x768.jpg 768w, https:\/\/atecordoba.org\/wp-content\/uploads\/2023\/10\/flyerCTAAplenario-560x560.jpg 560w, https:\/\/atecordoba.org\/wp-content\/uploads\/2023\/10\/flyerCTAAplenario-75x75.jpg 75w, https:\/\/atecordoba.org\/wp-content\/uploads\/2023\/10\/flyerCTAAplenario-350x350.jpg 350w, https:\/\/atecordoba.org\/wp-content\/uploads\/2023\/10\/flyerCTAAplenario-750x750.jpg 750w, https:\/\/atecordoba.org\/wp-content\/uploads\/2023\/10\/flyerCTAAplenario.jpg 1080w\" sizes=\"auto, (max-width: 512px) 100vw, 512px\" \/><\/figure>\n<\/div>\n\n\n<p>Ante la crisis y el complejo escenario pol\u00edtico y social previo a las elecciones presidenciales, la CTA Aut\u00f3noma de la Provincia de C\u00f3rdoba convoca a un encuentro de trabajadores y trabajadoras p\u00fablicos, privados y de la econom\u00eda popular para organizar la resistencia contra el ajuste, el FMI y el fascismo.<\/p>\n\n\n\n<p>Encabezado por el secretario General de ATE y la CTAA C\u00f3rdoba, Federico Giuliani, el Encuentro se llevar\u00e1 a cabo hoy a las 15 horas en sede de ATE C\u00f3rdoba, en el auditorio H\u00e9ctor &#8216;La Perra&#8217; Castro, cita en Entre R\u00edos 450, C\u00f3rdoba Capital.<\/p>\n\n\n\n<p>En la oportunidad participar\u00e1n delegaciones de las distintas regionales: R\u00edo Cuarto, R\u00edo Tercero, Villa Mar\u00eda, Bell Ville, Punilla, Traslasierra, Cruz del Eje, San Francisco y C\u00f3rdoba Capital.<\/p>\n\n\n\n<p>En tal sentido, Giuliani explic\u00f3 que el Encuentro &#8220;est\u00e1 abierto para nuestras referencias, es decir delegados de las distintas organizaciones, tanto sindicales privadas como estatales, as\u00ed como para nuestras trabajadoras y trabajadores que tienen trabajo comunitario en las barriadas populares. En ese marco se va a discutir que ante un proceso de ajuste llamamos a la unidad del campo popular, rechazando el pago al FMI que hambrea a nuestro pueblo&#8221;. <\/p>\n\n\n\n<p>Y agreg\u00f3: &#8220;Frente al avance del fascismo que representa Milei o la perspectiva de Patricia Bullrich sabemos que de continuar el pago al FMI quienes pagaremos las consecuencias somos las y los trabajadores, si bien sabemos que no todos los candidatos son lo mismo. Vamos a abordar la coyuntura siempre en el marco de\u00a0 nuestro autonom\u00eda de los partidos pol\u00edticos&#8221;.<\/p>\n\n\n\n<p>Finalmente el dirigente dijo que &#8220;este encuentro que funcionar\u00e1 a modo de plenario, nos servir\u00e1 para debatir en que instancia est\u00e1 nuestra fuerza propia, haciendo un mapeo de las problem\u00e1ticas territoriales, para confluir en un plan de lucha, en base a una s\u00edntesis y reunirnos antes de fin de a\u00f1o&#8221;.<\/p>\n\n\n\n<p><\/p>\n","protected":false},"excerpt":{"rendered":"<p>Ante la crisis y el complejo escenario pol\u00edtico y social previo a las elecciones presidenciales, la CTA Aut\u00f3noma de la Provincia de C\u00f3rdoba convoca a un encuentro de trabajadores y trabajadoras p\u00fablicos, privados y de la econom\u00eda popular para organizar la resistencia contra el ajuste, el FMI y el fascismo. Encabezado por el secretario General [&hellip;]<\/p>\n","protected":false},"author":7,"featured_media":39329,"comment_status":"open","ping_status":"open","sticky":false,"template":"","format":"standard","meta":{"_exactmetrics_skip_tracking":false,"_exactmetrics_sitenote_active":false,"_exactmetrics_sitenote_note":"","_exactmetrics_sitenote_category":0,"jnews-multi-image_gallery":[],"jnews_single_post":{"subtitle":"En la oportunidad participar\u00e1n delegaciones de las distintas regionales: R\u00edo Cuarto, R\u00edo Tercero, Villa Mar\u00eda, Bell Ville, Punilla, Traslasierra, Cruz del Eje, San Francisco y C\u00f3rdoba Capital.","format":"standard","video":"","gallery":"","source_name":"","source_url":"","via_name":"","via_url":"","override_template":"0","override":[{"template":"1","single_blog_custom":"","parallax":"1","fullscreen":"1","layout":"no-sidebar-narrow","sidebar":"default-sidebar","second_sidebar":"default-sidebar","sticky_sidebar":"1","share_position":"bottom","share_float_style":"share-monocrhome","show_share_counter":"1","show_view_counter":"1","show_featured":"0","show_post_meta":"1","show_post_author":"0","show_post_author_image":"1","show_post_date":"1","post_date_format":"default","post_date_format_custom":"Y\/m\/d","show_post_category":"1","show_post_reading_time":"0","post_reading_time_wpm":"300","show_zoom_button":"0","zoom_button_out_step":"2","zoom_button_in_step":"3","show_post_tag":"1","show_prev_next_post":"0","show_popup_post":"0","number_popup_post":"1","show_author_box":"0","show_post_related":"1","show_inline_post_related":"0"}],"override_image_size":"0","image_override":[{"single_post_thumbnail_size":"crop-500","single_post_gallery_size":"crop-500"}],"trending_post":"0","trending_post_position":"meta","trending_post_label":"Trending","sponsored_post":"0","sponsored_post_label":"Sponsored by","sponsored_post_name":"","sponsored_post_url":"","sponsored_post_logo_enable":"0","sponsored_post_logo":"","sponsored_post_desc":"","disable_ad":"0"},"jnews_primary_category":{"id":"","hide":""},"jnews_social_meta":{"fb_title":"","fb_description":"","fb_image":"","twitter_title":"","twitter_description":"","twitter_image":""},"jnews_review":[],"enable_review":"0","type":"percentage","name":"","summary":"","brand":"","sku":"","good":[{"good_text":""}],"bad":[{"bad_text":""}],"score_override":"","override_value":"","rating":[{"rating_text":"","rating_number":"10"}],"price":[{"shop":"","price":"","link":"","icon":""}],"jnews_override_counter":{"override_view_counter":"0","view_counter_number":"0","override_share_counter":"0","share_counter_number":"0","override_like_counter":"0","like_counter_number":"0","override_dislike_counter":"0","dislike_counter_number":"0"},"jnews_post_split":{"enable_post_split":"0","post_split":[{"template":"1","tag":"h2","numbering":"asc","mode":"normal","first":"0","enable_toc":"0","toc_type":"normal"}]},"footnotes":""},"categories":[92],"tags":[],"class_list":["post-39327","post","type-post","status-publish","format-standard","has-post-thumbnail","hentry","category-cta"],"jetpack_featured_media_url":"https:\/\/atecordoba.org\/wp-content\/uploads\/2023\/10\/flyerCTAAplenarioportada-e1696608214765.jpg","_links":{"self":[{"href":"https:\/\/atecordoba.org\/index.php?rest_route=\/wp\/v2\/posts\/39327","targetHints":{"allow":["GET"]}}],"collection":[{"href":"https:\/\/atecordoba.org\/index.php?rest_route=\/wp\/v2\/posts"}],"about":[{"href":"https:\/\/atecordoba.org\/index.php?rest_route=\/wp\/v2\/types\/post"}],"author":[{"embeddable":true,"href":"https:\/\/atecordoba.org\/index.php?rest_route=\/wp\/v2\/users\/7"}],"replies":[{"embeddable":true,"href":"https:\/\/atecordoba.org\/index.php?rest_route=%2Fwp%2Fv2%2Fcomments&post=39327"}],"version-history":[{"count":1,"href":"https:\/\/atecordoba.org\/index.php?rest_route=\/wp\/v2\/posts\/39327\/revisions"}],"predecessor-version":[{"id":39330,"href":"https:\/\/atecordoba.org\/index.php?rest_route=\/wp\/v2\/posts\/39327\/revisions\/39330"}],"wp:featuredmedia":[{"embeddable":true,"href":"https:\/\/atecordoba.org\/index.php?rest_route=\/wp\/v2\/media\/39329"}],"wp:attachment":[{"href":"https:\/\/atecordoba.org\/index.php?rest_route=%2Fwp%2Fv2%2Fmedia&parent=39327"}],"wp:term":[{"taxonomy":"category","embeddable":true,"href":"https:\/\/atecordoba.org\/index.php?rest_route=%2Fwp%2Fv2%2Fcategories&post=39327"},{"taxonomy":"post_tag","embeddable":true,"href":"https:\/\/atecordoba.org\/index.php?rest_route=%2Fwp%2Fv2%2Ftags&post=39327"}],"curies":[{"name":"wp","href":"https:\/\/api.w.org\/{rel}","templated":true}]}}