{"id":3930,"date":"2014-03-20T16:30:52","date_gmt":"2014-03-20T19:30:52","guid":{"rendered":"http:\/\/www.atecordoba.org\/?p=3930"},"modified":"2014-03-20T16:30:52","modified_gmt":"2014-03-20T19:30:52","slug":"accion-social-destinos-turisticos-para-afiliados-en-semana-santa","status":"publish","type":"post","link":"https:\/\/atecordoba.org\/?p=3930","title":{"rendered":"Acci\u00f3n Social: destinos tur\u00edsticos para afiliados en Semana Santa"},"content":{"rendered":"<p>La Secretaria de Acci\u00f3n Social pone a disposici\u00f3n de nuestro afiliados los nuevos convenios de turismo para afiliados de ATE para marzo y abril. Los pagos pueden financiarse con descuento pro recibo de sueldo. Los interesados deben comunicar con Gustavo Z\u00e1rate al\u00a0<a href=\"callto:0351-156648086\">0351-156648086<\/a>\u00a0o\u00a0<a href=\"mailto:atecbaturismo@hotmail.com\" target=\"_blank\" rel=\"noopener noreferrer\">atecbaturismo@hotmail.com<\/a><\/p>\n<p style=\"text-align: center;\"><a href=\"http:\/\/www.atecordoba.org\/wp-content\/uploads\/2014\/03\/CATARATAS-SEMANA-SANTA-ATE-page-001.png\"><img loading=\"lazy\" decoding=\"async\" class=\"aligncenter size-full wp-image-3931\" alt=\"CATARATAS SEMANA SANTA - ATE-page-001\" src=\"http:\/\/www.atecordoba.org\/wp-content\/uploads\/2014\/03\/CATARATAS-SEMANA-SANTA-ATE-page-001.png\" width=\"600\" height=\"848\" \/><\/a> <a href=\"http:\/\/www.atecordoba.org\/wp-content\/uploads\/2014\/03\/MAR-DEL-PLATA-SEMANA-SANTA-ATE-page-001.png\"><img loading=\"lazy\" decoding=\"async\" class=\"aligncenter size-full wp-image-3932\" alt=\"MAR DEL PLATA SEMANA SANTA - ATE-page-001\" src=\"http:\/\/www.atecordoba.org\/wp-content\/uploads\/2014\/03\/MAR-DEL-PLATA-SEMANA-SANTA-ATE-page-001.png\" width=\"600\" height=\"848\" \/><\/a> <a href=\"http:\/\/www.atecordoba.org\/wp-content\/uploads\/2014\/03\/MINA-CLAVERO-ATE-page-001.png\"><img loading=\"lazy\" decoding=\"async\" class=\"aligncenter size-full wp-image-3933\" alt=\"MINA CLAVERO - ATE-page-001\" src=\"http:\/\/www.atecordoba.org\/wp-content\/uploads\/2014\/03\/MINA-CLAVERO-ATE-page-001.png\" width=\"600\" height=\"848\" \/><\/a> <a href=\"http:\/\/www.atecordoba.org\/wp-content\/uploads\/2014\/03\/BARILOCHE-ATE-page-001.png\"><img loading=\"lazy\" decoding=\"async\" class=\"aligncenter size-full wp-image-3934\" alt=\"BARILOCHE - ATE-page-001\" src=\"http:\/\/www.atecordoba.org\/wp-content\/uploads\/2014\/03\/BARILOCHE-ATE-page-001.png\" width=\"600\" height=\"848\" \/><\/a> <a href=\"http:\/\/www.atecordoba.org\/wp-content\/uploads\/2014\/03\/CATARATAS-ATE-page-001.png\"><img loading=\"lazy\" decoding=\"async\" class=\"aligncenter size-full wp-image-3935\" alt=\"CATARATAS - ATE-page-001\" src=\"http:\/\/www.atecordoba.org\/wp-content\/uploads\/2014\/03\/CATARATAS-ATE-page-001.png\" width=\"600\" height=\"848\" \/><\/a><\/p>\n","protected":false},"excerpt":{"rendered":"<p>La Secretaria de Acci\u00f3n Social pone a disposici\u00f3n de nuestro afiliados los nuevos convenios de turismo para afiliados de ATE para marzo y abril. Los pagos pueden financiarse con descuento pro recibo de sueldo. Los interesados deben comunicar con Gustavo Z\u00e1rate al\u00a00351-156648086\u00a0o\u00a0atecbaturismo@hotmail.com<\/p>\n","protected":false},"author":1,"featured_media":19220,"comment_status":"open","ping_status":"open","sticky":false,"template":"","format":"standard","meta":{"_exactmetrics_skip_tracking":false,"_exactmetrics_sitenote_active":false,"_exactmetrics_sitenote_note":"","_exactmetrics_sitenote_category":0,"jnews-multi-image_gallery":[],"jnews_single_post":[],"jnews_primary_category":[],"jnews_social_meta":[],"jnews_review":[],"enable_review":"","type":"","name":"","summary":"","brand":"","sku":"","good":[],"bad":[],"score_override":"","override_value":"","rating":[],"price":[],"jnews_override_counter":[],"jnews_post_split":[],"footnotes":""},"categories":[75,86],"tags":[],"class_list":["post-3930","post","type-post","status-publish","format-standard","has-post-thumbnail","hentry","category-accion-social","category-turismo"],"jetpack_featured_media_url":"https:\/\/atecordoba.org\/wp-content\/uploads\/2020\/05\/logo-nuevochico-e1561581322808.png","_links":{"self":[{"href":"https:\/\/atecordoba.org\/index.php?rest_route=\/wp\/v2\/posts\/3930","targetHints":{"allow":["GET"]}}],"collection":[{"href":"https:\/\/atecordoba.org\/index.php?rest_route=\/wp\/v2\/posts"}],"about":[{"href":"https:\/\/atecordoba.org\/index.php?rest_route=\/wp\/v2\/types\/post"}],"author":[{"embeddable":true,"href":"https:\/\/atecordoba.org\/index.php?rest_route=\/wp\/v2\/users\/1"}],"replies":[{"embeddable":true,"href":"https:\/\/atecordoba.org\/index.php?rest_route=%2Fwp%2Fv2%2Fcomments&post=3930"}],"version-history":[{"count":0,"href":"https:\/\/atecordoba.org\/index.php?rest_route=\/wp\/v2\/posts\/3930\/revisions"}],"wp:featuredmedia":[{"embeddable":true,"href":"https:\/\/atecordoba.org\/index.php?rest_route=\/wp\/v2\/media\/19220"}],"wp:attachment":[{"href":"https:\/\/atecordoba.org\/index.php?rest_route=%2Fwp%2Fv2%2Fmedia&parent=3930"}],"wp:term":[{"taxonomy":"category","embeddable":true,"href":"https:\/\/atecordoba.org\/index.php?rest_route=%2Fwp%2Fv2%2Fcategories&post=3930"},{"taxonomy":"post_tag","embeddable":true,"href":"https:\/\/atecordoba.org\/index.php?rest_route=%2Fwp%2Fv2%2Ftags&post=3930"}],"curies":[{"name":"wp","href":"https:\/\/api.w.org\/{rel}","templated":true}]}}