{"id":39282,"date":"2023-10-04T09:55:50","date_gmt":"2023-10-04T12:55:50","guid":{"rendered":"https:\/\/atecordoba.org\/?p=39282"},"modified":"2023-10-04T12:03:52","modified_gmt":"2023-10-04T15:03:52","slug":"paritaria-en-yacanto","status":"publish","type":"post","link":"https:\/\/atecordoba.org\/?p=39282","title":{"rendered":"Paritaria en Yacanto"},"content":{"rendered":"\n<figure class=\"wp-block-gallery has-nested-images columns-default is-cropped wp-block-gallery-1 is-layout-flex wp-block-gallery-is-layout-flex\">\n<figure class=\"wp-block-image size-large\"><img loading=\"lazy\" decoding=\"async\" width=\"1024\" height=\"576\" data-id=\"39284\" src=\"https:\/\/atecordoba.org\/wp-content\/uploads\/2023\/10\/WhatsApp-Image-2023-10-03-at-19.08.28-1024x576.jpeg\" alt=\"\" class=\"wp-image-39284\" \/><\/figure>\n\n\n\n<figure class=\"wp-block-image size-large\"><img loading=\"lazy\" decoding=\"async\" width=\"1024\" height=\"576\" data-id=\"39285\" src=\"https:\/\/atecordoba.org\/wp-content\/uploads\/2023\/10\/WhatsApp-Image-2023-10-03-at-19.08.28-1-1024x576.jpeg\" alt=\"\" class=\"wp-image-39285\" srcset=\"https:\/\/atecordoba.org\/wp-content\/uploads\/2023\/10\/WhatsApp-Image-2023-10-03-at-19.08.28-1-1024x576.jpeg 1024w, https:\/\/atecordoba.org\/wp-content\/uploads\/2023\/10\/WhatsApp-Image-2023-10-03-at-19.08.28-1-300x169.jpeg 300w, https:\/\/atecordoba.org\/wp-content\/uploads\/2023\/10\/WhatsApp-Image-2023-10-03-at-19.08.28-1-768x432.jpeg 768w, https:\/\/atecordoba.org\/wp-content\/uploads\/2023\/10\/WhatsApp-Image-2023-10-03-at-19.08.28-1-1536x864.jpeg 1536w, https:\/\/atecordoba.org\/wp-content\/uploads\/2023\/10\/WhatsApp-Image-2023-10-03-at-19.08.28-1-750x422.jpeg 750w, https:\/\/atecordoba.org\/wp-content\/uploads\/2023\/10\/WhatsApp-Image-2023-10-03-at-19.08.28-1-1140x641.jpeg 1140w, https:\/\/atecordoba.org\/wp-content\/uploads\/2023\/10\/WhatsApp-Image-2023-10-03-at-19.08.28-1.jpeg 1599w\" sizes=\"auto, (max-width: 1024px) 100vw, 1024px\" \/><\/figure>\n<\/figure>\n\n\n\n<p>Ayer ATE se hizo presente en Yacanto y realiz\u00f3 una importante asamblea de trabajadoras y trabajadores municipales, donde qued\u00f3 establecida la agenda de reclamos al gobierno de la localidad.<\/p>\n\n\n\n<p>En la oportunidad, estuvieron presentes la secretaria General Adjunta electa del Consejo Directivo Provincial (CDP), Gabriela Alcoba, su par Gremial electo, Jorge Chalup, la secretaria de Prensa, Julia Giuliani, y el Vocal electo, Jos\u00e9 Baigorria.<\/p>\n\n\n\n<p>Posteriormente, la comitiva del CDP mantuvo una reuni\u00f3n paritaria con autoridades del Departamento Ejecutivo municipal y el Consejo Deliberante. <\/p>\n\n\n\n<p>Por la Municipalidad estuvo el secretario de Coordinaci\u00f3n y Planificaci\u00f3n Estrat\u00e9gica, Rodolfo Masumeci, el jefe de Gabinete, Leandro Di Marco, y el secretario de Obras P\u00fablicas Alejandro Cirilo. En tanto, por el Consejo Deliberante, participaron las concejalas Luciana Salgado y Jorgelina Mart\u00ednez.<\/p>\n\n\n\n<p>Como resultado de la audiencia se logr\u00f3 acordar: <\/p>\n\n\n\n<p>A partir de una rese\u00f1a respecto a las y los trabajadores incorporados al municipio en las \u00faltimas gestiones de gobierno, as\u00ed como las ordenanzas destinadas a ordenar las relaciones laborales en la Municipalidad, ATE plante\u00f3 la necesidad de categorizar el personal recientemente incorporado, de manera que coincidan su categor\u00eda y salario con las funciones que desempe\u00f1an.<\/p>\n\n\n\n<p>En tal sentido, la patronal se comprometi\u00f3 a evaluar los legajos y dictaminar al respecto para proponer las modificaciones necesarias, estableciendo como criterio regulador la equiparaci\u00f3n de las y los trabajadores en igualdad de derechos, sosteniendo los adquiridos y otorgando nuevos y m\u00e1s amplios.<\/p>\n\n\n\n<p>Otro punto abordado fue la incorporaci\u00f3n de agentes a la planta de contratados, tema que se pondr\u00e1 en consideraci\u00f3n luego del inventario de la situaci\u00f3n actual.<\/p>\n\n\n\n<p>Por \u00faltimo, se solicit\u00f3 la entrega de la muda de ropa al personal, ante lo que la Municipalidad resolvi\u00f3 realizar el listado respectivo de acuerdo a las especificad de las tareas realizadas.<\/p>\n\n\n\n<p>En el acta qued\u00f3 establecida una pr\u00f3xima fecha de reuni\u00f3n para el 11 de octubre, para continuar tratando los temas planteados.<\/p>\n\n\n\n<figure class=\"wp-block-gallery has-nested-images columns-default is-cropped wp-block-gallery-2 is-layout-flex wp-block-gallery-is-layout-flex\">\n<figure class=\"wp-block-image size-large\"><img loading=\"lazy\" decoding=\"async\" width=\"1024\" height=\"576\" data-id=\"39288\" src=\"https:\/\/atecordoba.org\/wp-content\/uploads\/2023\/10\/WhatsApp-Image-2023-10-03-at-19.08.24-1024x576.jpeg\" alt=\"\" class=\"wp-image-39288\" srcset=\"https:\/\/atecordoba.org\/wp-content\/uploads\/2023\/10\/WhatsApp-Image-2023-10-03-at-19.08.24-1024x576.jpeg 1024w, https:\/\/atecordoba.org\/wp-content\/uploads\/2023\/10\/WhatsApp-Image-2023-10-03-at-19.08.24-300x169.jpeg 300w, https:\/\/atecordoba.org\/wp-content\/uploads\/2023\/10\/WhatsApp-Image-2023-10-03-at-19.08.24-768x432.jpeg 768w, https:\/\/atecordoba.org\/wp-content\/uploads\/2023\/10\/WhatsApp-Image-2023-10-03-at-19.08.24-1536x864.jpeg 1536w, https:\/\/atecordoba.org\/wp-content\/uploads\/2023\/10\/WhatsApp-Image-2023-10-03-at-19.08.24-750x422.jpeg 750w, https:\/\/atecordoba.org\/wp-content\/uploads\/2023\/10\/WhatsApp-Image-2023-10-03-at-19.08.24-1140x641.jpeg 1140w, https:\/\/atecordoba.org\/wp-content\/uploads\/2023\/10\/WhatsApp-Image-2023-10-03-at-19.08.24.jpeg 1599w\" sizes=\"auto, (max-width: 1024px) 100vw, 1024px\" \/><\/figure>\n\n\n\n<figure class=\"wp-block-image size-large\"><img loading=\"lazy\" decoding=\"async\" width=\"1024\" height=\"576\" data-id=\"39287\" src=\"https:\/\/atecordoba.org\/wp-content\/uploads\/2023\/10\/WhatsApp-Image-2023-10-03-at-19.08.20-1024x576.jpeg\" alt=\"\" class=\"wp-image-39287\" srcset=\"https:\/\/atecordoba.org\/wp-content\/uploads\/2023\/10\/WhatsApp-Image-2023-10-03-at-19.08.20-1024x576.jpeg 1024w, https:\/\/atecordoba.org\/wp-content\/uploads\/2023\/10\/WhatsApp-Image-2023-10-03-at-19.08.20-300x169.jpeg 300w, https:\/\/atecordoba.org\/wp-content\/uploads\/2023\/10\/WhatsApp-Image-2023-10-03-at-19.08.20-768x432.jpeg 768w, https:\/\/atecordoba.org\/wp-content\/uploads\/2023\/10\/WhatsApp-Image-2023-10-03-at-19.08.20-1536x864.jpeg 1536w, https:\/\/atecordoba.org\/wp-content\/uploads\/2023\/10\/WhatsApp-Image-2023-10-03-at-19.08.20-750x422.jpeg 750w, https:\/\/atecordoba.org\/wp-content\/uploads\/2023\/10\/WhatsApp-Image-2023-10-03-at-19.08.20-1140x641.jpeg 1140w, https:\/\/atecordoba.org\/wp-content\/uploads\/2023\/10\/WhatsApp-Image-2023-10-03-at-19.08.20.jpeg 1599w\" sizes=\"auto, (max-width: 1024px) 100vw, 1024px\" \/><\/figure>\n\n\n\n<figure class=\"wp-block-image size-large\"><img loading=\"lazy\" decoding=\"async\" width=\"1024\" height=\"576\" data-id=\"39286\" src=\"https:\/\/atecordoba.org\/wp-content\/uploads\/2023\/10\/WhatsApp-Image-2023-10-03-at-19.08.21-1-1024x576.jpeg\" alt=\"\" class=\"wp-image-39286\" srcset=\"https:\/\/atecordoba.org\/wp-content\/uploads\/2023\/10\/WhatsApp-Image-2023-10-03-at-19.08.21-1-1024x576.jpeg 1024w, https:\/\/atecordoba.org\/wp-content\/uploads\/2023\/10\/WhatsApp-Image-2023-10-03-at-19.08.21-1-300x169.jpeg 300w, https:\/\/atecordoba.org\/wp-content\/uploads\/2023\/10\/WhatsApp-Image-2023-10-03-at-19.08.21-1-768x432.jpeg 768w, https:\/\/atecordoba.org\/wp-content\/uploads\/2023\/10\/WhatsApp-Image-2023-10-03-at-19.08.21-1-1536x864.jpeg 1536w, https:\/\/atecordoba.org\/wp-content\/uploads\/2023\/10\/WhatsApp-Image-2023-10-03-at-19.08.21-1-750x422.jpeg 750w, https:\/\/atecordoba.org\/wp-content\/uploads\/2023\/10\/WhatsApp-Image-2023-10-03-at-19.08.21-1-1140x641.jpeg 1140w, https:\/\/atecordoba.org\/wp-content\/uploads\/2023\/10\/WhatsApp-Image-2023-10-03-at-19.08.21-1.jpeg 1599w\" sizes=\"auto, (max-width: 1024px) 100vw, 1024px\" \/><\/figure>\n\n\n\n<figure class=\"wp-block-image size-large\"><img loading=\"lazy\" decoding=\"async\" width=\"1024\" height=\"576\" data-id=\"39290\" src=\"https:\/\/atecordoba.org\/wp-content\/uploads\/2023\/10\/WhatsApp-Image-2023-10-03-at-19.08.21-1024x576.jpeg\" alt=\"\" class=\"wp-image-39290\" srcset=\"https:\/\/atecordoba.org\/wp-content\/uploads\/2023\/10\/WhatsApp-Image-2023-10-03-at-19.08.21-1024x576.jpeg 1024w, https:\/\/atecordoba.org\/wp-content\/uploads\/2023\/10\/WhatsApp-Image-2023-10-03-at-19.08.21-300x169.jpeg 300w, https:\/\/atecordoba.org\/wp-content\/uploads\/2023\/10\/WhatsApp-Image-2023-10-03-at-19.08.21-768x432.jpeg 768w, https:\/\/atecordoba.org\/wp-content\/uploads\/2023\/10\/WhatsApp-Image-2023-10-03-at-19.08.21-1536x864.jpeg 1536w, https:\/\/atecordoba.org\/wp-content\/uploads\/2023\/10\/WhatsApp-Image-2023-10-03-at-19.08.21-750x422.jpeg 750w, https:\/\/atecordoba.org\/wp-content\/uploads\/2023\/10\/WhatsApp-Image-2023-10-03-at-19.08.21-1140x641.jpeg 1140w, https:\/\/atecordoba.org\/wp-content\/uploads\/2023\/10\/WhatsApp-Image-2023-10-03-at-19.08.21.jpeg 1599w\" sizes=\"auto, (max-width: 1024px) 100vw, 1024px\" \/><\/figure>\n\n\n\n<figure class=\"wp-block-image size-large\"><img loading=\"lazy\" decoding=\"async\" width=\"1024\" height=\"576\" data-id=\"39291\" src=\"https:\/\/atecordoba.org\/wp-content\/uploads\/2023\/10\/WhatsApp-Image-2023-10-03-at-19.08.25-1024x576.jpeg\" alt=\"\" class=\"wp-image-39291\" srcset=\"https:\/\/atecordoba.org\/wp-content\/uploads\/2023\/10\/WhatsApp-Image-2023-10-03-at-19.08.25-1024x576.jpeg 1024w, https:\/\/atecordoba.org\/wp-content\/uploads\/2023\/10\/WhatsApp-Image-2023-10-03-at-19.08.25-300x169.jpeg 300w, https:\/\/atecordoba.org\/wp-content\/uploads\/2023\/10\/WhatsApp-Image-2023-10-03-at-19.08.25-768x432.jpeg 768w, https:\/\/atecordoba.org\/wp-content\/uploads\/2023\/10\/WhatsApp-Image-2023-10-03-at-19.08.25-1536x864.jpeg 1536w, https:\/\/atecordoba.org\/wp-content\/uploads\/2023\/10\/WhatsApp-Image-2023-10-03-at-19.08.25-750x422.jpeg 750w, https:\/\/atecordoba.org\/wp-content\/uploads\/2023\/10\/WhatsApp-Image-2023-10-03-at-19.08.25-1140x641.jpeg 1140w, https:\/\/atecordoba.org\/wp-content\/uploads\/2023\/10\/WhatsApp-Image-2023-10-03-at-19.08.25.jpeg 1599w\" sizes=\"auto, (max-width: 1024px) 100vw, 1024px\" \/><\/figure>\n\n\n\n<figure class=\"wp-block-image size-large\"><img loading=\"lazy\" decoding=\"async\" width=\"1024\" height=\"576\" data-id=\"39289\" src=\"https:\/\/atecordoba.org\/wp-content\/uploads\/2023\/10\/WhatsApp-Image-2023-10-03-at-19.08.23-1-1024x576.jpeg\" alt=\"\" class=\"wp-image-39289\" srcset=\"https:\/\/atecordoba.org\/wp-content\/uploads\/2023\/10\/WhatsApp-Image-2023-10-03-at-19.08.23-1-1024x576.jpeg 1024w, https:\/\/atecordoba.org\/wp-content\/uploads\/2023\/10\/WhatsApp-Image-2023-10-03-at-19.08.23-1-300x169.jpeg 300w, https:\/\/atecordoba.org\/wp-content\/uploads\/2023\/10\/WhatsApp-Image-2023-10-03-at-19.08.23-1-768x432.jpeg 768w, https:\/\/atecordoba.org\/wp-content\/uploads\/2023\/10\/WhatsApp-Image-2023-10-03-at-19.08.23-1-1536x864.jpeg 1536w, https:\/\/atecordoba.org\/wp-content\/uploads\/2023\/10\/WhatsApp-Image-2023-10-03-at-19.08.23-1-750x422.jpeg 750w, https:\/\/atecordoba.org\/wp-content\/uploads\/2023\/10\/WhatsApp-Image-2023-10-03-at-19.08.23-1-1140x641.jpeg 1140w, https:\/\/atecordoba.org\/wp-content\/uploads\/2023\/10\/WhatsApp-Image-2023-10-03-at-19.08.23-1.jpeg 1599w\" sizes=\"auto, (max-width: 1024px) 100vw, 1024px\" \/><\/figure>\n<\/figure>\n\n\n\n<p><\/p>\n","protected":false},"excerpt":{"rendered":"<p>Ayer ATE se hizo presente en Yacanto y realiz\u00f3 una importante asamblea de trabajadoras y trabajadores municipales, donde qued\u00f3 establecida la agenda de reclamos al gobierno de la localidad. En la oportunidad, estuvieron presentes la secretaria General Adjunta electa del Consejo Directivo Provincial (CDP), Gabriela Alcoba, su par Gremial electo, Jorge Chalup, la secretaria de [&hellip;]<\/p>\n","protected":false},"author":7,"featured_media":39284,"comment_status":"open","ping_status":"open","sticky":false,"template":"","format":"standard","meta":{"_exactmetrics_skip_tracking":false,"_exactmetrics_sitenote_active":false,"_exactmetrics_sitenote_note":"","_exactmetrics_sitenote_category":0,"jnews-multi-image_gallery":[],"jnews_single_post":{"subtitle":"Tras una masiva asamblea, ATE se reuni\u00f3 con autoridades municipales donde plante\u00f3 temas relativos a categorizaciones pendientes, incorporaciones a planta de contratados y entrega de mudas de ropa. ","format":"standard","video":"","gallery":"","source_name":"","source_url":"","via_name":"","via_url":"","override_template":"0","override":[{"template":"1","single_blog_custom":"","parallax":"1","fullscreen":"1","layout":"no-sidebar-narrow","sidebar":"default-sidebar","second_sidebar":"default-sidebar","sticky_sidebar":"1","share_position":"bottom","share_float_style":"share-monocrhome","show_share_counter":"1","show_view_counter":"1","show_featured":"0","show_post_meta":"1","show_post_author":"0","show_post_author_image":"1","show_post_date":"1","post_date_format":"default","post_date_format_custom":"Y\/m\/d","show_post_category":"1","show_post_reading_time":"0","post_reading_time_wpm":"300","show_zoom_button":"0","zoom_button_out_step":"2","zoom_button_in_step":"3","show_post_tag":"1","show_prev_next_post":"0","show_popup_post":"0","number_popup_post":"1","show_author_box":"0","show_post_related":"1","show_inline_post_related":"0"}],"override_image_size":"0","image_override":[{"single_post_thumbnail_size":"crop-500","single_post_gallery_size":"crop-500"}],"trending_post":"0","trending_post_position":"meta","trending_post_label":"Trending","sponsored_post":"0","sponsored_post_label":"Sponsored by","sponsored_post_name":"","sponsored_post_url":"","sponsored_post_logo_enable":"0","sponsored_post_logo":"","sponsored_post_desc":"","disable_ad":"0"},"jnews_primary_category":{"id":"","hide":""},"jnews_social_meta":{"fb_title":"","fb_description":"","fb_image":"","twitter_title":"","twitter_description":"","twitter_image":""},"jnews_review":[],"enable_review":"0","type":"percentage","name":"","summary":"","brand":"","sku":"","good":[{"good_text":""}],"bad":[{"bad_text":""}],"score_override":"","override_value":"","rating":[{"rating_text":"","rating_number":"10"}],"price":[{"shop":"","price":"","link":"","icon":""}],"jnews_override_counter":{"override_view_counter":"0","view_counter_number":"0","override_share_counter":"0","share_counter_number":"0","override_like_counter":"0","like_counter_number":"0","override_dislike_counter":"0","dislike_counter_number":"0"},"jnews_post_split":{"enable_post_split":"0","post_split":[{"template":"1","tag":"h2","numbering":"asc","mode":"normal","first":"0","enable_toc":"0","toc_type":"normal"}]},"footnotes":""},"categories":[20],"tags":[],"class_list":["post-39282","post","type-post","status-publish","format-standard","has-post-thumbnail","hentry","category-municipales"],"jetpack_featured_media_url":"https:\/\/atecordoba.org\/wp-content\/uploads\/2023\/10\/WhatsApp-Image-2023-10-03-at-19.08.28-e1696424039671.jpeg","_links":{"self":[{"href":"https:\/\/atecordoba.org\/index.php?rest_route=\/wp\/v2\/posts\/39282","targetHints":{"allow":["GET"]}}],"collection":[{"href":"https:\/\/atecordoba.org\/index.php?rest_route=\/wp\/v2\/posts"}],"about":[{"href":"https:\/\/atecordoba.org\/index.php?rest_route=\/wp\/v2\/types\/post"}],"author":[{"embeddable":true,"href":"https:\/\/atecordoba.org\/index.php?rest_route=\/wp\/v2\/users\/7"}],"replies":[{"embeddable":true,"href":"https:\/\/atecordoba.org\/index.php?rest_route=%2Fwp%2Fv2%2Fcomments&post=39282"}],"version-history":[{"count":1,"href":"https:\/\/atecordoba.org\/index.php?rest_route=\/wp\/v2\/posts\/39282\/revisions"}],"predecessor-version":[{"id":39292,"href":"https:\/\/atecordoba.org\/index.php?rest_route=\/wp\/v2\/posts\/39282\/revisions\/39292"}],"wp:featuredmedia":[{"embeddable":true,"href":"https:\/\/atecordoba.org\/index.php?rest_route=\/wp\/v2\/media\/39284"}],"wp:attachment":[{"href":"https:\/\/atecordoba.org\/index.php?rest_route=%2Fwp%2Fv2%2Fmedia&parent=39282"}],"wp:term":[{"taxonomy":"category","embeddable":true,"href":"https:\/\/atecordoba.org\/index.php?rest_route=%2Fwp%2Fv2%2Fcategories&post=39282"},{"taxonomy":"post_tag","embeddable":true,"href":"https:\/\/atecordoba.org\/index.php?rest_route=%2Fwp%2Fv2%2Ftags&post=39282"}],"curies":[{"name":"wp","href":"https:\/\/api.w.org\/{rel}","templated":true}]}}