{"id":39277,"date":"2023-10-04T09:22:06","date_gmt":"2023-10-04T12:22:06","guid":{"rendered":"https:\/\/atecordoba.org\/?p=39277"},"modified":"2023-10-04T09:22:44","modified_gmt":"2023-10-04T12:22:44","slug":"eligen-delegados-en-las-acequias","status":"publish","type":"post","link":"https:\/\/atecordoba.org\/?p=39277","title":{"rendered":"Eligen delegadas y delegados en Las Acequias"},"content":{"rendered":"<div class=\"wp-block-image\">\n<figure class=\"aligncenter size-large is-resized\"><img loading=\"lazy\" decoding=\"async\" src=\"https:\/\/atecordoba.org\/wp-content\/uploads\/2023\/10\/portada-1024x576.jpg\" alt=\"\" class=\"wp-image-39278\" width=\"512\" height=\"288\" \/><\/figure>\n<\/div>\n\n\n<p>El viernes pasado la seccional ATE R\u00edo Cuarto llev\u00f3 adelante la elecci\u00f3n del Cuerpo de Delegados y Delegadas en la localidad de Las Acequias.<\/p>\n\n\n\n<p>Con la presencia del electo Secretario Adjunto, Rodrigo Olgu\u00edn, y el Secretario de Finanzas, Mauricio Macci\u00f3, la jornada se desarroll\u00f3 absoluta tranquilidad, destac\u00e1ndose  la masiva concurrencia de las y los afiliados a las urnas.<\/p>\n\n\n\n<p>En la oportunidad resultaron electos las y los compa\u00f1eros Rodrigo Flores, Andrea Allemandi, Ismael Imenson y Estela Guzm\u00e1n, integrantes del cuerpo de delegadas y delegados que tendr\u00e1 la responsabilidad de representar el personal municipal de Las Acequias por los pr\u00f3ximos dos a\u00f1os. <\/p>\n","protected":false},"excerpt":{"rendered":"<p>El viernes pasado la seccional ATE R\u00edo Cuarto llev\u00f3 adelante la elecci\u00f3n del Cuerpo de Delegados y Delegadas en la localidad de Las Acequias. Con la presencia del electo Secretario Adjunto, Rodrigo Olgu\u00edn, y el Secretario de Finanzas, Mauricio Macci\u00f3, la jornada se desarroll\u00f3 absoluta tranquilidad, destac\u00e1ndose la masiva concurrencia de las y los afiliados [&hellip;]<\/p>\n","protected":false},"author":7,"featured_media":39278,"comment_status":"open","ping_status":"open","sticky":false,"template":"","format":"standard","meta":{"_exactmetrics_skip_tracking":false,"_exactmetrics_sitenote_active":false,"_exactmetrics_sitenote_note":"","_exactmetrics_sitenote_category":0,"jnews-multi-image_gallery":[],"jnews_single_post":{"subtitle":"En la oportunidad resultaron electos las y los compa\u00f1eros Rodrigo Flores, Andrea Allemandi, Ismael Imenson y Estela Guzm\u00e1n.","format":"standard","video":"","gallery":"","source_name":"","source_url":"","via_name":"","via_url":"","override_template":"0","override":[{"template":"1","single_blog_custom":"","parallax":"1","fullscreen":"1","layout":"no-sidebar-narrow","sidebar":"default-sidebar","second_sidebar":"default-sidebar","sticky_sidebar":"1","share_position":"bottom","share_float_style":"share-monocrhome","show_share_counter":"1","show_view_counter":"1","show_featured":"0","show_post_meta":"1","show_post_author":"0","show_post_author_image":"1","show_post_date":"1","post_date_format":"default","post_date_format_custom":"Y\/m\/d","show_post_category":"1","show_post_reading_time":"0","post_reading_time_wpm":"300","show_zoom_button":"0","zoom_button_out_step":"2","zoom_button_in_step":"3","show_post_tag":"1","show_prev_next_post":"0","show_popup_post":"0","number_popup_post":"1","show_author_box":"0","show_post_related":"1","show_inline_post_related":"0"}],"override_image_size":"0","image_override":[{"single_post_thumbnail_size":"crop-500","single_post_gallery_size":"crop-500"}],"trending_post":"0","trending_post_position":"meta","trending_post_label":"Trending","sponsored_post":"0","sponsored_post_label":"Sponsored by","sponsored_post_name":"","sponsored_post_url":"","sponsored_post_logo_enable":"0","sponsored_post_logo":"","sponsored_post_desc":"","disable_ad":"0"},"jnews_primary_category":{"id":"","hide":""},"jnews_social_meta":{"fb_title":"","fb_description":"","fb_image":"","twitter_title":"","twitter_description":"","twitter_image":""},"jnews_review":[],"enable_review":"0","type":"percentage","name":"","summary":"","brand":"","sku":"","good":[{"good_text":""}],"bad":[{"bad_text":""}],"score_override":"","override_value":"","rating":[{"rating_text":"","rating_number":"10"}],"price":[{"shop":"","price":"","link":"","icon":""}],"jnews_override_counter":{"override_view_counter":"0","view_counter_number":"0","override_share_counter":"0","share_counter_number":"0","override_like_counter":"0","like_counter_number":"0","override_dislike_counter":"0","dislike_counter_number":"0"},"jnews_post_split":{"enable_post_split":"0","post_split":[{"template":"1","tag":"h2","numbering":"asc","mode":"normal","first":"0","enable_toc":"0","toc_type":"normal"}]},"footnotes":""},"categories":[20],"tags":[],"class_list":["post-39277","post","type-post","status-publish","format-standard","has-post-thumbnail","hentry","category-municipales"],"jetpack_featured_media_url":"https:\/\/atecordoba.org\/wp-content\/uploads\/2023\/10\/portada-e1696422120794.jpg","_links":{"self":[{"href":"https:\/\/atecordoba.org\/index.php?rest_route=\/wp\/v2\/posts\/39277","targetHints":{"allow":["GET"]}}],"collection":[{"href":"https:\/\/atecordoba.org\/index.php?rest_route=\/wp\/v2\/posts"}],"about":[{"href":"https:\/\/atecordoba.org\/index.php?rest_route=\/wp\/v2\/types\/post"}],"author":[{"embeddable":true,"href":"https:\/\/atecordoba.org\/index.php?rest_route=\/wp\/v2\/users\/7"}],"replies":[{"embeddable":true,"href":"https:\/\/atecordoba.org\/index.php?rest_route=%2Fwp%2Fv2%2Fcomments&post=39277"}],"version-history":[{"count":2,"href":"https:\/\/atecordoba.org\/index.php?rest_route=\/wp\/v2\/posts\/39277\/revisions"}],"predecessor-version":[{"id":39283,"href":"https:\/\/atecordoba.org\/index.php?rest_route=\/wp\/v2\/posts\/39277\/revisions\/39283"}],"wp:featuredmedia":[{"embeddable":true,"href":"https:\/\/atecordoba.org\/index.php?rest_route=\/wp\/v2\/media\/39278"}],"wp:attachment":[{"href":"https:\/\/atecordoba.org\/index.php?rest_route=%2Fwp%2Fv2%2Fmedia&parent=39277"}],"wp:term":[{"taxonomy":"category","embeddable":true,"href":"https:\/\/atecordoba.org\/index.php?rest_route=%2Fwp%2Fv2%2Fcategories&post=39277"},{"taxonomy":"post_tag","embeddable":true,"href":"https:\/\/atecordoba.org\/index.php?rest_route=%2Fwp%2Fv2%2Ftags&post=39277"}],"curies":[{"name":"wp","href":"https:\/\/api.w.org\/{rel}","templated":true}]}}