{"id":39270,"date":"2023-10-03T15:16:56","date_gmt":"2023-10-03T18:16:56","guid":{"rendered":"https:\/\/atecordoba.org\/?p=39270"},"modified":"2023-10-03T15:16:57","modified_gmt":"2023-10-03T18:16:57","slug":"ate-mantuvo-una-audiencia-con-la-municipalidad-de-mina-clavero","status":"publish","type":"post","link":"https:\/\/atecordoba.org\/?p=39270","title":{"rendered":"ATE mantuvo una audiencia con la Municipalidad de Mina Clavero"},"content":{"rendered":"<div class=\"wp-block-image\">\n<figure class=\"aligncenter size-large is-resized\"><img loading=\"lazy\" decoding=\"async\" src=\"https:\/\/atecordoba.org\/wp-content\/uploads\/2023\/10\/audiencia-mina-clavero-1024x768.jpg\" alt=\"\" class=\"wp-image-39271\" width=\"768\" height=\"576\" \/><\/figure>\n<\/div>\n\n\n<p>En una audiencia con la Municipalidad de Mina Clavero, ATE solicit\u00f3 al Departamento Ejecutivo reclamos salariales y la normalizaci\u00f3n de la relaci\u00f3n con el delegado normalizador Jorge Ariel Pereyra.<\/p>\n\n\n\n<p>En representaci\u00f3n de ATE, la comitiva estuvo encabezada por las y los compa\u00f1eros del Consejo Directivo Provincial Julia Giuliani, secretaria de Prensa, Javier Bracamonte, secretario de Organizaci\u00f3n, y Milagros Sozzi, Vocal, acompa\u00f1ados por delegados Mat\u00edas Santamar\u00eda y Jorge Ariel Pereyra.<\/p>\n\n\n\n<p>En tanto, por parte de la Municipalidad participaron Jerem\u00edas Dolzan, secretario de Obras y Servicios P\u00fablicos, y Juan V\u00e1zquez, abogado de Asesor\u00eda Letrada.<\/p>\n\n\n\n<p>Al inicio de la reuni\u00f3n ATE plante\u00f3 el pliego de reclamos, a saber:<\/p>\n\n\n\n<p>Cese de las intenciones de traslado del delegado normalizador de ATE, Jorge Ariel Pereyra, y de cualquier compa\u00f1era y compa\u00f1ero afiliados, por tratarse de una pr\u00e1ctica persecutoria y anti sindical.<\/p>\n\n\n\n<p>Seguidamente, la representaci\u00f3n estatal solicit\u00f3 un aumento de setenta mil pesos ($70.000) para todas las y los trabajadores m\u00e1s all\u00e1 de su condici\u00f3n contractual.<\/p>\n\n\n\n<p>Asimismo, ATE pidi\u00f3 el pase al b\u00e1sico del blanqueo realizado tras las \u00faltimas negociaciones realizadas y el desglose del no remunerativo para conocer que \u00edtems se abarcan.<\/p>\n\n\n\n<p>Por \u00faltimo, reclam\u00f3 la respuesta pendiente al planteo de aumento salarial del 100% del sector salud que se realizara el pasado 30 de agosto, cuando se realiz\u00f3 la \u00faltima reuni\u00f3n de la Mesa de Relaciones Laborales.<\/p>\n\n\n\n<p><strong>Respuesta del ejecutivo<\/strong><\/p>\n\n\n\n<p>En referencia al tema la situaci\u00f3n del delegado Pereyra, el secretario Dolzan confirm\u00f3 que se encuentra saldada, y que solo resta que el compa\u00f1ero reciba la notificaci\u00f3n y quede registradas sus tareas y remuneraci\u00f3n, seg\u00fan las nuevas responsabilidades.<\/p>\n\n\n\n<p>En lo que respecta al reclamo salarial el funcionario afirm\u00f3 que trasladar\u00e1 la propuesta al Intendente Claudio Manzanelli para que d\u00e9 una respuesta en la pr\u00f3xima audiencia. De la misma forma, el jefe del Ejecutivo municipal responder\u00e1 sobre el pedido de aumento salarial del 100%, para equiparar los sueldos del personal de salud con los del resto de los municipios del Valle de Traslasierra.<\/p>\n\n\n\n<p>Finalmente, el secretario de Obras y Servicios P\u00fablicos se comprometi\u00f3 a notificar a ATE el pr\u00f3ximo viernes 6 de octubre cuando ser\u00e1 la pr\u00f3xima audiencia con el Intendente Manzanelli, a concretarse la semana entrante, para poder saldar temas pendientes as\u00ed como los puntos a resolver. En tanto se fij\u00f3 un cuarto intermedio para el 9 de octubre.<\/p>\n","protected":false},"excerpt":{"rendered":"<p>En una audiencia con la Municipalidad de Mina Clavero, ATE solicit\u00f3 al Departamento Ejecutivo reclamos salariales y la normalizaci\u00f3n de la relaci\u00f3n con el delegado normalizador Jorge Ariel Pereyra. En representaci\u00f3n de ATE, la comitiva estuvo encabezada por las y los compa\u00f1eros del Consejo Directivo Provincial Julia Giuliani, secretaria de Prensa, Javier Bracamonte, secretario de [&hellip;]<\/p>\n","protected":false},"author":7,"featured_media":39271,"comment_status":"open","ping_status":"open","sticky":false,"template":"","format":"standard","meta":{"_exactmetrics_skip_tracking":false,"_exactmetrics_sitenote_active":false,"_exactmetrics_sitenote_note":"","_exactmetrics_sitenote_category":0,"jnews-multi-image_gallery":[],"jnews_single_post":{"subtitle":"La comitiva estatal estuvo encabezada por las y los compa\u00f1eros del Consejo Directivo Provincial Julia Giuliani, secretaria de Prensa, Javier Bracamonte, secretario de Organizaci\u00f3n, y Milagros Sozzi, Vocal, acompa\u00f1ados por delegados Mat\u00edas Santamar\u00eda y Jorge Ariel Pereyra.","format":"standard","video":"","gallery":"","source_name":"","source_url":"","via_name":"","via_url":"","override_template":"0","override":[{"template":"1","single_blog_custom":"","parallax":"1","fullscreen":"1","layout":"no-sidebar-narrow","sidebar":"default-sidebar","second_sidebar":"default-sidebar","sticky_sidebar":"1","share_position":"bottom","share_float_style":"share-monocrhome","show_share_counter":"1","show_view_counter":"1","show_featured":"0","show_post_meta":"1","show_post_author":"0","show_post_author_image":"1","show_post_date":"1","post_date_format":"default","post_date_format_custom":"Y\/m\/d","show_post_category":"1","show_post_reading_time":"0","post_reading_time_wpm":"300","show_zoom_button":"0","zoom_button_out_step":"2","zoom_button_in_step":"3","show_post_tag":"1","show_prev_next_post":"0","show_popup_post":"0","number_popup_post":"1","show_author_box":"0","show_post_related":"1","show_inline_post_related":"0"}],"override_image_size":"0","image_override":[{"single_post_thumbnail_size":"crop-500","single_post_gallery_size":"crop-500"}],"trending_post":"0","trending_post_position":"meta","trending_post_label":"Trending","sponsored_post":"0","sponsored_post_label":"Sponsored by","sponsored_post_name":"","sponsored_post_url":"","sponsored_post_logo_enable":"0","sponsored_post_logo":"","sponsored_post_desc":"","disable_ad":"0"},"jnews_primary_category":{"id":"","hide":""},"jnews_social_meta":{"fb_title":"","fb_description":"","fb_image":"","twitter_title":"","twitter_description":"","twitter_image":""},"jnews_review":[],"enable_review":"0","type":"percentage","name":"","summary":"","brand":"","sku":"","good":[{"good_text":""}],"bad":[{"bad_text":""}],"score_override":"","override_value":"","rating":[{"rating_text":"","rating_number":"10"}],"price":[{"shop":"","price":"","link":"","icon":""}],"jnews_override_counter":{"override_view_counter":"0","view_counter_number":"0","override_share_counter":"0","share_counter_number":"0","override_like_counter":"0","like_counter_number":"0","override_dislike_counter":"0","dislike_counter_number":"0"},"jnews_post_split":{"enable_post_split":"0","post_split":[{"template":"1","tag":"h2","numbering":"asc","mode":"normal","first":"0","enable_toc":"0","toc_type":"normal"}]},"footnotes":""},"categories":[20],"tags":[],"class_list":["post-39270","post","type-post","status-publish","format-standard","has-post-thumbnail","hentry","category-municipales"],"jetpack_featured_media_url":"https:\/\/atecordoba.org\/wp-content\/uploads\/2023\/10\/audiencia-mina-clavero-e1696357012431.jpg","_links":{"self":[{"href":"https:\/\/atecordoba.org\/index.php?rest_route=\/wp\/v2\/posts\/39270","targetHints":{"allow":["GET"]}}],"collection":[{"href":"https:\/\/atecordoba.org\/index.php?rest_route=\/wp\/v2\/posts"}],"about":[{"href":"https:\/\/atecordoba.org\/index.php?rest_route=\/wp\/v2\/types\/post"}],"author":[{"embeddable":true,"href":"https:\/\/atecordoba.org\/index.php?rest_route=\/wp\/v2\/users\/7"}],"replies":[{"embeddable":true,"href":"https:\/\/atecordoba.org\/index.php?rest_route=%2Fwp%2Fv2%2Fcomments&post=39270"}],"version-history":[{"count":1,"href":"https:\/\/atecordoba.org\/index.php?rest_route=\/wp\/v2\/posts\/39270\/revisions"}],"predecessor-version":[{"id":39272,"href":"https:\/\/atecordoba.org\/index.php?rest_route=\/wp\/v2\/posts\/39270\/revisions\/39272"}],"wp:featuredmedia":[{"embeddable":true,"href":"https:\/\/atecordoba.org\/index.php?rest_route=\/wp\/v2\/media\/39271"}],"wp:attachment":[{"href":"https:\/\/atecordoba.org\/index.php?rest_route=%2Fwp%2Fv2%2Fmedia&parent=39270"}],"wp:term":[{"taxonomy":"category","embeddable":true,"href":"https:\/\/atecordoba.org\/index.php?rest_route=%2Fwp%2Fv2%2Fcategories&post=39270"},{"taxonomy":"post_tag","embeddable":true,"href":"https:\/\/atecordoba.org\/index.php?rest_route=%2Fwp%2Fv2%2Ftags&post=39270"}],"curies":[{"name":"wp","href":"https:\/\/api.w.org\/{rel}","templated":true}]}}