{"id":3925,"date":"2014-03-19T19:12:19","date_gmt":"2014-03-19T22:12:19","guid":{"rendered":"http:\/\/www.atecordoba.org\/?p=3925"},"modified":"2014-03-19T19:12:19","modified_gmt":"2014-03-19T22:12:19","slug":"dos-nuevo-delegados-no-docentes-de-ate-en-la-unc","status":"publish","type":"post","link":"https:\/\/atecordoba.org\/?p=3925","title":{"rendered":"Dos nuevos delegados no docentes de ATE en la UNC"},"content":{"rendered":"<p><em>La elecci\u00f3n se realiz\u00f3 en la Secretar\u00eda de Planificaci\u00f3n y Gesti\u00f3n de la casa de estudios y cont\u00f3 con una amplia participaci\u00f3n del padr\u00f3n.<\/em><\/p>\n<p style=\"text-align: center;\"><a href=\"http:\/\/www.atecordoba.org\/wp-content\/uploads\/2014\/03\/unc_delegados-de-planificacion.png\"><img loading=\"lazy\" decoding=\"async\" class=\"aligncenter  wp-image-3926\" alt=\"unc_delegados de planificacion\" src=\"http:\/\/www.atecordoba.org\/wp-content\/uploads\/2014\/03\/unc_delegados-de-planificacion.png\" width=\"560\" height=\"315\" \/><\/a><\/p>\n<p>Los trabajadores no docentes del sector eligieron a los compa\u00f1eros Alejandro Farroli y Marcelo Ludue\u00f1a por los pr\u00f3ximos dos a\u00f1os. De esta forma se certifica el crecimiento organizativo de nuestro gremio en la Universidad Nacional de C\u00f3rdoba.<\/p>\n<p>Farroli y Ludue\u00f1a se integran al cuerpo de delegados de ATE-UNC, que asume este a\u00f1o el desaf\u00edo de encabezar la lucha por la mejora de las condiciones de trabajo y el nivel salarial de los no docentes, sector postergado por la pol\u00edticas de haberes del Estado nacional.<\/p>\n","protected":false},"excerpt":{"rendered":"<p>La elecci\u00f3n se realiz\u00f3 en la Secretar\u00eda de Planificaci\u00f3n y Gesti\u00f3n de la casa de estudios y cont\u00f3 con una amplia participaci\u00f3n del padr\u00f3n. Los trabajadores no docentes del sector eligieron a los compa\u00f1eros Alejandro Farroli y Marcelo Ludue\u00f1a por los pr\u00f3ximos dos a\u00f1os. De esta forma se certifica el crecimiento organizativo de nuestro gremio [&hellip;]<\/p>\n","protected":false},"author":1,"featured_media":19220,"comment_status":"open","ping_status":"open","sticky":false,"template":"","format":"standard","meta":{"_exactmetrics_skip_tracking":false,"_exactmetrics_sitenote_active":false,"_exactmetrics_sitenote_note":"","_exactmetrics_sitenote_category":0,"jnews-multi-image_gallery":[],"jnews_single_post":[],"jnews_primary_category":[],"jnews_social_meta":[],"jnews_review":[],"enable_review":"","type":"","name":"","summary":"","brand":"","sku":"","good":[],"bad":[],"score_override":"","override_value":"","rating":[],"price":[],"jnews_override_counter":[],"jnews_post_split":[],"footnotes":""},"categories":[18,89],"tags":[],"class_list":["post-3925","post","type-post","status-publish","format-standard","has-post-thumbnail","hentry","category-nacionales","category-unc"],"jetpack_featured_media_url":"https:\/\/atecordoba.org\/wp-content\/uploads\/2020\/05\/logo-nuevochico-e1561581322808.png","_links":{"self":[{"href":"https:\/\/atecordoba.org\/index.php?rest_route=\/wp\/v2\/posts\/3925","targetHints":{"allow":["GET"]}}],"collection":[{"href":"https:\/\/atecordoba.org\/index.php?rest_route=\/wp\/v2\/posts"}],"about":[{"href":"https:\/\/atecordoba.org\/index.php?rest_route=\/wp\/v2\/types\/post"}],"author":[{"embeddable":true,"href":"https:\/\/atecordoba.org\/index.php?rest_route=\/wp\/v2\/users\/1"}],"replies":[{"embeddable":true,"href":"https:\/\/atecordoba.org\/index.php?rest_route=%2Fwp%2Fv2%2Fcomments&post=3925"}],"version-history":[{"count":0,"href":"https:\/\/atecordoba.org\/index.php?rest_route=\/wp\/v2\/posts\/3925\/revisions"}],"wp:featuredmedia":[{"embeddable":true,"href":"https:\/\/atecordoba.org\/index.php?rest_route=\/wp\/v2\/media\/19220"}],"wp:attachment":[{"href":"https:\/\/atecordoba.org\/index.php?rest_route=%2Fwp%2Fv2%2Fmedia&parent=3925"}],"wp:term":[{"taxonomy":"category","embeddable":true,"href":"https:\/\/atecordoba.org\/index.php?rest_route=%2Fwp%2Fv2%2Fcategories&post=3925"},{"taxonomy":"post_tag","embeddable":true,"href":"https:\/\/atecordoba.org\/index.php?rest_route=%2Fwp%2Fv2%2Ftags&post=3925"}],"curies":[{"name":"wp","href":"https:\/\/api.w.org\/{rel}","templated":true}]}}