{"id":39240,"date":"2023-10-03T10:00:04","date_gmt":"2023-10-03T13:00:04","guid":{"rendered":"https:\/\/atecordoba.org\/?p=39240"},"modified":"2023-10-03T10:00:05","modified_gmt":"2023-10-03T13:00:05","slug":"para-ate-la-jornada-laboral-tambien-debe-reducirse-en-el-estado","status":"publish","type":"post","link":"https:\/\/atecordoba.org\/?p=39240","title":{"rendered":"Para ATE, la jornada laboral tambi\u00e9n debe reducirse en el Estado"},"content":{"rendered":"<div class=\"wp-block-image\">\n<figure class=\"aligncenter size-large is-resized\"><img loading=\"lazy\" decoding=\"async\" src=\"https:\/\/atecordoba.org\/wp-content\/uploads\/2023\/10\/rodyaguiar1-1024x683.jpg\" alt=\"\" class=\"wp-image-39241\" width=\"768\" height=\"512\" \/><\/figure>\n<\/div>\n\n\n<p>El Secretario General electo de ATE,&nbsp;Rodolfo Aguiar, consider\u00f3&nbsp;\u201coportuno el debate en la C\u00e1mara de Diputados sobre la reducci\u00f3n de la jornada laboral en el \u00e1mbito privado en la Argentina, uno de los pa\u00edses de la regi\u00f3n con m\u00e1s horas y una tradici\u00f3n oxidada de 110 a\u00f1os\u201d, y alent\u00f3 a \u201cdiscutir una modificaci\u00f3n en el Estado\u201d.&nbsp;<\/p>\n\n\n\n<p>\u201cReducir la jornada servir\u00e1 para empezar a enfrentar uno de los mayores males que existe en todos los niveles del Estado, que es la precarizaci\u00f3n laboral. Si se logra trabajar menos horas sin bajar salarios o incluso aument\u00e1ndolos, repercutir\u00e1 positivamente en numerosas \u00e1reas, sobre todo en aquellas con altos niveles de autoexplotaci\u00f3n como salud, educaci\u00f3n y centros de contenci\u00f3n a franjas sociales vulnerables, dependencias municipales y otros, en los que los trabajadores para garantizar ingresos dignos, suelen duplicar o hasta triplicar la jornada realizando guardias u horas extras\u201d,&nbsp;explic\u00f3 el referente estatal.<\/p>\n\n\n\n<p>En este sentido, indic\u00f3 que \u201cen los \u00faltimos a\u00f1os se ha verificado en el sector p\u00fablico un considerable aumento de las licencias por enfermedad, destac\u00e1ndose los tratamientos psicol\u00f3gicos\u201d. \u201cJornadas laborales m\u00e1s cortas permitir\u00e1n mejorar la salud f\u00edsica y mental de los trabajadores, pero tambi\u00e9n construir ambientes de trabajo sanos y libres de violencia, como as\u00ed tambi\u00e9n aumentar la cantidad y calidad de las prestaciones o servicios estatales\u201d, asegur\u00f3.<\/p>\n\n\n\n<p>Muchos pa\u00edses ya adoptaron jornadas laborales menores a la nuestra y algunas de las que tienen mayores \u00edndices de productividad seg\u00fan la Organizaci\u00f3n Internacional del Trabajo (OIT) son Holanda, Australia, Noruega, Dinamarca y M\u00e9xico.<\/p>\n\n\n\n<p>Aguiar sostuvo que \u201ceste debate se est\u00e1 abordando en todo el mundo y no se puede dejar pasar la oportunidad\u201d. \u201cEn el sector p\u00fablico tambi\u00e9n es posible reducir la jornada laboral o hasta concentrar toda la actividad solo en 4 d\u00edas de la semana, aumentando a la vez la eficiencia de todas las prestaciones del Estado\u201d, afirm\u00f3.<\/p>\n\n\n\n<p>\u201cTrabajar menos horas tambi\u00e9n impactar\u00e1 de manera positiva en los hogares, fortaleciendo a las familias a la hora de distribuir equitativamente todas las tareas de cuidado\u201d, se\u00f1al\u00f3 el dirigente de ATE, enfatizando que \u201ces en las mujeres donde mayoritariamente recaen estos trabajos\u201d.<\/p>\n\n\n\n<p>En cuanto a la normativa actual, Aguiar detall\u00f3: \u201cSi bien el Estado tiene otra normativa, el convenio colectivo 214 en la administraci\u00f3n p\u00fablica nacional establece un promedio de 45 horas de trabajo semanal. Adem\u00e1s, conviven distintos reg\u00edmenes en provincias y municipios\u201d. Cabe destacar que el propio Indec establece la categor\u00eda de \u201cSobreocupaci\u00f3n\u201d para aquellas personas que trabajan m\u00e1s de 45 horas a la semana. Es decir que los convenios colectivos y las leyes actuales rozan la explotaci\u00f3n.<\/p>\n\n\n\n<p>\u201cEl derecho constitucional que todos tenemos a una retribuci\u00f3n justa, comprende la recreaci\u00f3n y el esparcimiento y hoy este derecho es imposible de ejercer por los bajos salarios, pero fundamentalmente por falta de tiempo. En la puja con un capital deshumanizado, se trata de mejorar la vida de las personas que trabajan\u201d, concluy\u00f3 Rodolfo Aguiar.<\/p>\n\n\n\n<p>Es necesario resaltar que Islandia fue uno de los primeros pa\u00edses en probar la reducci\u00f3n de horas en la jornada laboral y lo hizo precisamente en el sector p\u00fablico en 2015, con resultados muy favorables en cuanto a la productividad.<\/p>\n","protected":false},"excerpt":{"rendered":"<p>El Secretario General electo de ATE,&nbsp;Rodolfo Aguiar, consider\u00f3&nbsp;\u201coportuno el debate en la C\u00e1mara de Diputados sobre la reducci\u00f3n de la jornada laboral en el \u00e1mbito privado en la Argentina, uno de los pa\u00edses de la regi\u00f3n con m\u00e1s horas y una tradici\u00f3n oxidada de 110 a\u00f1os\u201d, y alent\u00f3 a \u201cdiscutir una modificaci\u00f3n en el Estado\u201d.&nbsp; [&hellip;]<\/p>\n","protected":false},"author":7,"featured_media":39241,"comment_status":"open","ping_status":"open","sticky":false,"template":"","format":"standard","meta":{"_exactmetrics_skip_tracking":false,"_exactmetrics_sitenote_active":false,"_exactmetrics_sitenote_note":"","_exactmetrics_sitenote_category":0,"jnews-multi-image_gallery":[],"jnews_single_post":{"subtitle":"\u201cEn los \u00faltimos a\u00f1os se ha verificado en el sector p\u00fablico un considerable aumento de las licencias por enfermedad, destac\u00e1ndose los tratamientos psicol\u00f3gicos, por eso jornadas laborales m\u00e1s cortas permitir\u00e1n mejorar la salud f\u00edsica y mental de los trabajadores, pero tambi\u00e9n construir ambientes de trabajo sanos y libres de violencia. Esto permitir\u00e1 aumentar la cantidad y calidad de las prestaciones o servicios estatales\u201d, sostiene el secretario General electo de ATE Nacional, Rodolfo Aguiar.","format":"standard","video":"","gallery":"","source_name":"","source_url":"","via_name":"","via_url":"","override_template":"0","override":[{"template":"1","single_blog_custom":"","parallax":"1","fullscreen":"1","layout":"no-sidebar-narrow","sidebar":"default-sidebar","second_sidebar":"default-sidebar","sticky_sidebar":"1","share_position":"bottom","share_float_style":"share-monocrhome","show_share_counter":"1","show_view_counter":"1","show_featured":"0","show_post_meta":"1","show_post_author":"0","show_post_author_image":"1","show_post_date":"1","post_date_format":"default","post_date_format_custom":"Y\/m\/d","show_post_category":"1","show_post_reading_time":"0","post_reading_time_wpm":"300","show_zoom_button":"0","zoom_button_out_step":"2","zoom_button_in_step":"3","show_post_tag":"1","show_prev_next_post":"0","show_popup_post":"0","number_popup_post":"1","show_author_box":"0","show_post_related":"1","show_inline_post_related":"0"}],"override_image_size":"0","image_override":[{"single_post_thumbnail_size":"crop-500","single_post_gallery_size":"crop-500"}],"trending_post":"0","trending_post_position":"meta","trending_post_label":"Trending","sponsored_post":"0","sponsored_post_label":"Sponsored by","sponsored_post_name":"","sponsored_post_url":"","sponsored_post_logo_enable":"0","sponsored_post_logo":"","sponsored_post_desc":"","disable_ad":"0"},"jnews_primary_category":{"id":"","hide":""},"jnews_social_meta":{"fb_title":"","fb_description":"","fb_image":"","twitter_title":"","twitter_description":"","twitter_image":""},"jnews_review":[],"enable_review":"0","type":"percentage","name":"","summary":"","brand":"","sku":"","good":[{"good_text":""}],"bad":[{"bad_text":""}],"score_override":"","override_value":"","rating":[{"rating_text":"","rating_number":"10"}],"price":[{"shop":"","price":"","link":"","icon":""}],"jnews_override_counter":{"override_view_counter":"0","view_counter_number":"0","override_share_counter":"0","share_counter_number":"0","override_like_counter":"0","like_counter_number":"0","override_dislike_counter":"0","dislike_counter_number":"0"},"jnews_post_split":{"enable_post_split":"0","post_split":[{"template":"1","tag":"h2","numbering":"asc","mode":"normal","first":"0","enable_toc":"0","toc_type":"normal"}]},"footnotes":""},"categories":[756],"tags":[],"class_list":["post-39240","post","type-post","status-publish","format-standard","has-post-thumbnail","hentry","category-consejo-directivo-nacional-cdn"],"jetpack_featured_media_url":"https:\/\/atecordoba.org\/wp-content\/uploads\/2023\/10\/rodyaguiar1-e1696337999817.jpg","_links":{"self":[{"href":"https:\/\/atecordoba.org\/index.php?rest_route=\/wp\/v2\/posts\/39240","targetHints":{"allow":["GET"]}}],"collection":[{"href":"https:\/\/atecordoba.org\/index.php?rest_route=\/wp\/v2\/posts"}],"about":[{"href":"https:\/\/atecordoba.org\/index.php?rest_route=\/wp\/v2\/types\/post"}],"author":[{"embeddable":true,"href":"https:\/\/atecordoba.org\/index.php?rest_route=\/wp\/v2\/users\/7"}],"replies":[{"embeddable":true,"href":"https:\/\/atecordoba.org\/index.php?rest_route=%2Fwp%2Fv2%2Fcomments&post=39240"}],"version-history":[{"count":1,"href":"https:\/\/atecordoba.org\/index.php?rest_route=\/wp\/v2\/posts\/39240\/revisions"}],"predecessor-version":[{"id":39242,"href":"https:\/\/atecordoba.org\/index.php?rest_route=\/wp\/v2\/posts\/39240\/revisions\/39242"}],"wp:featuredmedia":[{"embeddable":true,"href":"https:\/\/atecordoba.org\/index.php?rest_route=\/wp\/v2\/media\/39241"}],"wp:attachment":[{"href":"https:\/\/atecordoba.org\/index.php?rest_route=%2Fwp%2Fv2%2Fmedia&parent=39240"}],"wp:term":[{"taxonomy":"category","embeddable":true,"href":"https:\/\/atecordoba.org\/index.php?rest_route=%2Fwp%2Fv2%2Fcategories&post=39240"},{"taxonomy":"post_tag","embeddable":true,"href":"https:\/\/atecordoba.org\/index.php?rest_route=%2Fwp%2Fv2%2Ftags&post=39240"}],"curies":[{"name":"wp","href":"https:\/\/api.w.org\/{rel}","templated":true}]}}