{"id":39224,"date":"2023-09-29T14:39:59","date_gmt":"2023-09-29T17:39:59","guid":{"rendered":"https:\/\/atecordoba.org\/?p=39224"},"modified":"2023-09-29T14:42:33","modified_gmt":"2023-09-29T17:42:33","slug":"ate-logro-la-reincorporacion-de-cinco-municipales-en-cura-brochero","status":"publish","type":"post","link":"https:\/\/atecordoba.org\/?p=39224","title":{"rendered":"ATE logro la reincorporaci\u00f3n de cinco municipales en Cura Brochero"},"content":{"rendered":"<div class=\"wp-block-image\">\n<figure class=\"aligncenter size-large is-resized\"><img loading=\"lazy\" decoding=\"async\" src=\"https:\/\/atecordoba.org\/wp-content\/uploads\/2023\/09\/brocheroportada-1024x582.jpeg\" alt=\"\" class=\"wp-image-39225\" width=\"768\" height=\"437\" \/><\/figure>\n<\/div>\n\n\n<p>En una audiencia celebrada ayer, ATE alcanz\u00f3 un acuerdo con la Municipalidad de Villa Cura Brochero para reincorporar a cinco compa\u00f1eras y compa\u00f1eros a sus puestos de trabajo, cuyos contratos hab\u00edan sido dados de baja. <\/p>\n\n\n\n<p>El intendente Carlos Oviedo ratific\u00f3 de esta forma que tres trabajadoras y trabajadores reingresan cumplir tareas a la Municipalidad en octubre y otras dos en noviembre por petici\u00f3n de ATE.<\/p>\n\n\n\n<p>La delegaci\u00f3n gremial estuvo integrada por nuestro secretario Gremial electo, Jorge Chalup, el de Organizaci\u00f3n, Javier Bracamonte, el delegado regional de ATE Traslasierra, Hugo Galaburri, y la delegada del Hospital Mina Clavero, Milagros Sozzi.<\/p>\n\n\n\n<p>En la oportunidad, se solicit\u00f3 tambi\u00e9n la implementaci\u00f3n de un aumento salarial del 80% anual para compensar la escalada inflacionaria. El Ejecutivo se comprometi\u00f3 a evaluar el pedido, en tanto dej\u00f3 constancia que ya hubo un recomposici\u00f3n del 35% en el transcurso del a\u00f1o. <\/p>\n\n\n\n<p>La Mesa de Di\u00e1logo se convoc\u00f3 para continuar las conversaciones para el pr\u00f3ximo 17 de octubre. <\/p>\n\n\n\n<p><strong>La Paz<\/strong><\/p>\n\n\n\n<p>Por otro lado, el pasado 27 de septiembre ATE solicit\u00f3 a la Municipalidad de la localidad de La Paz, tambi\u00e9n en el Valle de Traslasierra, el pago de los bonos extraordinarios dispuestos por el gobierno nacional y provincial para todas y todos los trabajadores municipales, independientemente de su situaci\u00f3n contractual, sean planta permanente, contratados, monotributistas o prestadores de servicios.<\/p>\n\n\n<div class=\"wp-block-image\">\n<figure class=\"aligncenter size-large is-resized\"><img loading=\"lazy\" decoding=\"async\" src=\"https:\/\/atecordoba.org\/wp-content\/uploads\/2023\/09\/nota-La-Paz-576x1024.jpg\" alt=\"\" class=\"wp-image-39226\" width=\"432\" height=\"768\" srcset=\"https:\/\/atecordoba.org\/wp-content\/uploads\/2023\/09\/nota-La-Paz-576x1024.jpg 576w, https:\/\/atecordoba.org\/wp-content\/uploads\/2023\/09\/nota-La-Paz-169x300.jpg 169w, https:\/\/atecordoba.org\/wp-content\/uploads\/2023\/09\/nota-La-Paz.jpg 720w\" sizes=\"auto, (max-width: 432px) 100vw, 432px\" \/><\/figure>\n<\/div>\n\n\n<p><\/p>\n","protected":false},"excerpt":{"rendered":"<p>En una audiencia celebrada ayer, ATE alcanz\u00f3 un acuerdo con la Municipalidad de Villa Cura Brochero para reincorporar a cinco compa\u00f1eras y compa\u00f1eros a sus puestos de trabajo, cuyos contratos hab\u00edan sido dados de baja. El intendente Carlos Oviedo ratific\u00f3 de esta forma que tres trabajadoras y trabajadores reingresan cumplir tareas a la Municipalidad en [&hellip;]<\/p>\n","protected":false},"author":7,"featured_media":39225,"comment_status":"open","ping_status":"open","sticky":false,"template":"","format":"standard","meta":{"_exactmetrics_skip_tracking":false,"_exactmetrics_sitenote_active":false,"_exactmetrics_sitenote_note":"","_exactmetrics_sitenote_category":0,"jnews-multi-image_gallery":[],"jnews_single_post":{"subtitle":"El intendente Carlos Oviedo ratific\u00f3 de esta forma que recuperan sus cargos tres trabajadoras y trabajadores en octubre y otras dos en noviembre por petici\u00f3n de ATE.","format":"standard","video":"","gallery":"","source_name":"","source_url":"","via_name":"","via_url":"","override_template":"0","override":[{"template":"1","single_blog_custom":"","parallax":"1","fullscreen":"1","layout":"no-sidebar-narrow","sidebar":"default-sidebar","second_sidebar":"default-sidebar","sticky_sidebar":"1","share_position":"bottom","share_float_style":"share-monocrhome","show_share_counter":"1","show_view_counter":"1","show_featured":"0","show_post_meta":"1","show_post_author":"0","show_post_author_image":"1","show_post_date":"1","post_date_format":"default","post_date_format_custom":"Y\/m\/d","show_post_category":"1","show_post_reading_time":"0","post_reading_time_wpm":"300","show_zoom_button":"0","zoom_button_out_step":"2","zoom_button_in_step":"3","show_post_tag":"1","show_prev_next_post":"0","show_popup_post":"0","number_popup_post":"1","show_author_box":"0","show_post_related":"1","show_inline_post_related":"0"}],"override_image_size":"0","image_override":[{"single_post_thumbnail_size":"crop-500","single_post_gallery_size":"crop-500"}],"trending_post":"0","trending_post_position":"meta","trending_post_label":"Trending","sponsored_post":"0","sponsored_post_label":"Sponsored by","sponsored_post_name":"","sponsored_post_url":"","sponsored_post_logo_enable":"0","sponsored_post_logo":"","sponsored_post_desc":"","disable_ad":"0"},"jnews_primary_category":{"id":"","hide":""},"jnews_social_meta":{"fb_title":"","fb_description":"","fb_image":"","twitter_title":"","twitter_description":"","twitter_image":""},"jnews_review":[],"enable_review":"0","type":"percentage","name":"","summary":"","brand":"","sku":"","good":[{"good_text":""}],"bad":[{"bad_text":""}],"score_override":"","override_value":"","rating":[{"rating_text":"","rating_number":"10"}],"price":[{"shop":"","price":"","link":"","icon":""}],"jnews_override_counter":{"override_view_counter":"0","view_counter_number":"0","override_share_counter":"0","share_counter_number":"0","override_like_counter":"0","like_counter_number":"0","override_dislike_counter":"0","dislike_counter_number":"0"},"jnews_post_split":{"enable_post_split":"0","post_split":[{"template":"1","tag":"h2","numbering":"asc","mode":"normal","first":"0","enable_toc":"0","toc_type":"normal"}]},"footnotes":""},"categories":[20],"tags":[],"class_list":["post-39224","post","type-post","status-publish","format-standard","has-post-thumbnail","hentry","category-municipales"],"jetpack_featured_media_url":"https:\/\/atecordoba.org\/wp-content\/uploads\/2023\/09\/brocheroportada-e1696009194955.jpeg","_links":{"self":[{"href":"https:\/\/atecordoba.org\/index.php?rest_route=\/wp\/v2\/posts\/39224","targetHints":{"allow":["GET"]}}],"collection":[{"href":"https:\/\/atecordoba.org\/index.php?rest_route=\/wp\/v2\/posts"}],"about":[{"href":"https:\/\/atecordoba.org\/index.php?rest_route=\/wp\/v2\/types\/post"}],"author":[{"embeddable":true,"href":"https:\/\/atecordoba.org\/index.php?rest_route=\/wp\/v2\/users\/7"}],"replies":[{"embeddable":true,"href":"https:\/\/atecordoba.org\/index.php?rest_route=%2Fwp%2Fv2%2Fcomments&post=39224"}],"version-history":[{"count":3,"href":"https:\/\/atecordoba.org\/index.php?rest_route=\/wp\/v2\/posts\/39224\/revisions"}],"predecessor-version":[{"id":39230,"href":"https:\/\/atecordoba.org\/index.php?rest_route=\/wp\/v2\/posts\/39224\/revisions\/39230"}],"wp:featuredmedia":[{"embeddable":true,"href":"https:\/\/atecordoba.org\/index.php?rest_route=\/wp\/v2\/media\/39225"}],"wp:attachment":[{"href":"https:\/\/atecordoba.org\/index.php?rest_route=%2Fwp%2Fv2%2Fmedia&parent=39224"}],"wp:term":[{"taxonomy":"category","embeddable":true,"href":"https:\/\/atecordoba.org\/index.php?rest_route=%2Fwp%2Fv2%2Fcategories&post=39224"},{"taxonomy":"post_tag","embeddable":true,"href":"https:\/\/atecordoba.org\/index.php?rest_route=%2Fwp%2Fv2%2Ftags&post=39224"}],"curies":[{"name":"wp","href":"https:\/\/api.w.org\/{rel}","templated":true}]}}