{"id":39206,"date":"2023-09-29T13:33:12","date_gmt":"2023-09-29T16:33:12","guid":{"rendered":"https:\/\/atecordoba.org\/?p=39206"},"modified":"2023-10-04T12:04:54","modified_gmt":"2023-10-04T15:04:54","slug":"comenzo-el-ciclo-de-capacitaciones-para-cumplir-el-fallo-judicial","status":"publish","type":"post","link":"https:\/\/atecordoba.org\/?p=39206","title":{"rendered":"Comenz\u00f3 el ciclo de capacitaciones para cumplir el fallo judicial"},"content":{"rendered":"<div class=\"wp-block-image\">\n<figure class=\"aligncenter size-large is-resized\"><img loading=\"lazy\" decoding=\"async\" src=\"https:\/\/atecordoba.org\/wp-content\/uploads\/2023\/09\/ATEcapacitacion-45-1024x684.jpg\" alt=\"\" class=\"wp-image-39211\" width=\"768\" height=\"513\" srcset=\"https:\/\/atecordoba.org\/wp-content\/uploads\/2023\/09\/ATEcapacitacion-45-1024x684.jpg 1024w, https:\/\/atecordoba.org\/wp-content\/uploads\/2023\/09\/ATEcapacitacion-45-300x200.jpg 300w, https:\/\/atecordoba.org\/wp-content\/uploads\/2023\/09\/ATEcapacitacion-45-768x513.jpg 768w, https:\/\/atecordoba.org\/wp-content\/uploads\/2023\/09\/ATEcapacitacion-45-1536x1025.jpg 1536w, https:\/\/atecordoba.org\/wp-content\/uploads\/2023\/09\/ATEcapacitacion-45-2048x1367.jpg 2048w, https:\/\/atecordoba.org\/wp-content\/uploads\/2023\/09\/ATEcapacitacion-45-750x501.jpg 750w, https:\/\/atecordoba.org\/wp-content\/uploads\/2023\/09\/ATEcapacitacion-45-1140x761.jpg 1140w\" sizes=\"auto, (max-width: 768px) 100vw, 768px\" \/><\/figure>\n<\/div>\n\n\n<p>En cumplimiento del <a href=\"https:\/\/atecordoba.org\/?p=39100\">fallo judicial<\/a> que ordena a los cuatro afiliados a realizar capacitaciones debido a sus agresiones por motivos de g\u00e9nero y violencia pol\u00edtica que sufri\u00f3 la secretaria de Prensa de ATE C\u00f3rdoba, Julia Giuliani, comenz\u00f3 ayer el ciclo de formaci\u00f3n en g\u00e9neros y diversidades que se dictar\u00e1 en tres cap\u00edtulos en la sede del Consejo Directivo Provincial (CDP).<\/p>\n\n\n\n<p>A respecto, la secretaria electa de G\u00e9neros y Diversidades y actual responsable del Departamento, Mar\u00eda Spaventa, explic\u00f3 que &#8220;son tres talleres dictados por compa\u00f1eras de tres instituciones estatales. El primero lo planificamos para este 28 de septiembre, un d\u00eda de lucha feminista, para trabajar conceptos generales de la categor\u00eda g\u00e9nero y tambi\u00e9n sobre las distintas formas de violencia; el segundo sobre la ley Micaela y sus nuevos paradigmas; y el tercero sobre la violencia digital y los contenidos de la ley Olimpia&#8221;.<\/p>\n\n\n\n<figure class=\"wp-block-gallery has-nested-images columns-default is-cropped wp-block-gallery-1 is-layout-flex wp-block-gallery-is-layout-flex\">\n<figure class=\"wp-block-image size-large\"><a href=\"https:\/\/atecordoba.org\/wp-content\/uploads\/2023\/09\/ATEcapacitacion-42-scaled.jpg\" target=\"_blank\" rel=\"noopener\"><img loading=\"lazy\" decoding=\"async\" width=\"1024\" height=\"684\" data-id=\"39213\" src=\"https:\/\/atecordoba.org\/wp-content\/uploads\/2023\/09\/ATEcapacitacion-42-1024x684.jpg\" alt=\"\" class=\"wp-image-39213\" srcset=\"https:\/\/atecordoba.org\/wp-content\/uploads\/2023\/09\/ATEcapacitacion-42-1024x684.jpg 1024w, https:\/\/atecordoba.org\/wp-content\/uploads\/2023\/09\/ATEcapacitacion-42-300x200.jpg 300w, https:\/\/atecordoba.org\/wp-content\/uploads\/2023\/09\/ATEcapacitacion-42-768x513.jpg 768w, https:\/\/atecordoba.org\/wp-content\/uploads\/2023\/09\/ATEcapacitacion-42-1536x1025.jpg 1536w, https:\/\/atecordoba.org\/wp-content\/uploads\/2023\/09\/ATEcapacitacion-42-2048x1367.jpg 2048w, https:\/\/atecordoba.org\/wp-content\/uploads\/2023\/09\/ATEcapacitacion-42-750x501.jpg 750w, https:\/\/atecordoba.org\/wp-content\/uploads\/2023\/09\/ATEcapacitacion-42-1140x761.jpg 1140w\" sizes=\"auto, (max-width: 1024px) 100vw, 1024px\" \/><\/a><\/figure>\n\n\n\n<figure class=\"wp-block-image size-large\"><a href=\"https:\/\/atecordoba.org\/wp-content\/uploads\/2023\/09\/ATEcapacitacion-44-scaled.jpg\" target=\"_blank\" rel=\"noopener\"><img loading=\"lazy\" decoding=\"async\" width=\"1024\" height=\"684\" data-id=\"39214\" src=\"https:\/\/atecordoba.org\/wp-content\/uploads\/2023\/09\/ATEcapacitacion-44-1024x684.jpg\" alt=\"\" class=\"wp-image-39214\" srcset=\"https:\/\/atecordoba.org\/wp-content\/uploads\/2023\/09\/ATEcapacitacion-44-1024x684.jpg 1024w, https:\/\/atecordoba.org\/wp-content\/uploads\/2023\/09\/ATEcapacitacion-44-300x200.jpg 300w, https:\/\/atecordoba.org\/wp-content\/uploads\/2023\/09\/ATEcapacitacion-44-768x513.jpg 768w, https:\/\/atecordoba.org\/wp-content\/uploads\/2023\/09\/ATEcapacitacion-44-1536x1025.jpg 1536w, https:\/\/atecordoba.org\/wp-content\/uploads\/2023\/09\/ATEcapacitacion-44-2048x1367.jpg 2048w, https:\/\/atecordoba.org\/wp-content\/uploads\/2023\/09\/ATEcapacitacion-44-750x501.jpg 750w, https:\/\/atecordoba.org\/wp-content\/uploads\/2023\/09\/ATEcapacitacion-44-1140x761.jpg 1140w\" sizes=\"auto, (max-width: 1024px) 100vw, 1024px\" \/><\/a><\/figure>\n\n\n\n<figure class=\"wp-block-image size-large\"><a href=\"https:\/\/atecordoba.org\/wp-content\/uploads\/2023\/09\/ATEcapacitacion-48-1-scaled.jpg\" target=\"_blank\" rel=\"noopener\"><img loading=\"lazy\" decoding=\"async\" width=\"1024\" height=\"684\" data-id=\"39215\" src=\"https:\/\/atecordoba.org\/wp-content\/uploads\/2023\/09\/ATEcapacitacion-48-1-1024x684.jpg\" alt=\"\" class=\"wp-image-39215\" srcset=\"https:\/\/atecordoba.org\/wp-content\/uploads\/2023\/09\/ATEcapacitacion-48-1-1024x684.jpg 1024w, https:\/\/atecordoba.org\/wp-content\/uploads\/2023\/09\/ATEcapacitacion-48-1-300x200.jpg 300w, https:\/\/atecordoba.org\/wp-content\/uploads\/2023\/09\/ATEcapacitacion-48-1-768x513.jpg 768w, https:\/\/atecordoba.org\/wp-content\/uploads\/2023\/09\/ATEcapacitacion-48-1-1536x1025.jpg 1536w, https:\/\/atecordoba.org\/wp-content\/uploads\/2023\/09\/ATEcapacitacion-48-1-2048x1367.jpg 2048w, https:\/\/atecordoba.org\/wp-content\/uploads\/2023\/09\/ATEcapacitacion-48-1-750x501.jpg 750w, https:\/\/atecordoba.org\/wp-content\/uploads\/2023\/09\/ATEcapacitacion-48-1-1140x761.jpg 1140w\" sizes=\"auto, (max-width: 1024px) 100vw, 1024px\" \/><\/a><\/figure>\n<\/figure>\n\n\n\n<p>&#8220;Todas estas capacitaciones son resultado del trabajo que venimos haciendo peor tambi\u00e9n para dar respuesta a un fallo judicial que ordena a cuatro afiliados de nuestro sindicato a capacitarse de manera obligatoria por ejercer violencia sobre nuestra compa\u00f1era Julia Giuliani. Ella hizo la denuncia correspondiente en un juzgado en R\u00edo Cuarto, que dict\u00f3 sentencia desde una perspectiva de g\u00e9nero. Es un triunfo muy grande y nos llena de fuerza para seguir pele\u00e1ndola porque muchas veces se hacen denuncias que quedan en la nada, debido a los criterios patriarcales que hay en la Justicia&#8221;, celebr\u00f3 Spaventa.<\/p>\n\n\n\n<p>Y explic\u00f3 que las agresiones se produjeron en el marco de la campa\u00f1a electoral lo que habla de la violencia pol\u00edtica que sufri\u00f3 Giuliani. &#8220;Cuando las compa\u00f1eras empezamos a tiene m\u00e1s protagonismo y actuar en lugares de decisi\u00f3n pol\u00edtica, tomando decisiones que amenaza al sistema patriarcal aparecen estas conductas. Planteamos que no vale todo, que hay que cuidar mucho nuestra participaci\u00f3n como instituci\u00f3n y por eso tambi\u00e9n celebramos este fallo judicial&#8221;, afirm\u00f3 la dirigente.<\/p>\n\n\n\n<figure class=\"wp-block-gallery has-nested-images columns-default is-cropped wp-block-gallery-2 is-layout-flex wp-block-gallery-is-layout-flex\">\n<figure class=\"wp-block-image size-large\"><img loading=\"lazy\" decoding=\"async\" width=\"1024\" height=\"684\" data-id=\"39218\" src=\"https:\/\/atecordoba.org\/wp-content\/uploads\/2023\/09\/ATEcapacitacion-30-1024x684.jpg\" alt=\"\" class=\"wp-image-39218\" srcset=\"https:\/\/atecordoba.org\/wp-content\/uploads\/2023\/09\/ATEcapacitacion-30-1024x684.jpg 1024w, https:\/\/atecordoba.org\/wp-content\/uploads\/2023\/09\/ATEcapacitacion-30-300x200.jpg 300w, https:\/\/atecordoba.org\/wp-content\/uploads\/2023\/09\/ATEcapacitacion-30-768x513.jpg 768w, https:\/\/atecordoba.org\/wp-content\/uploads\/2023\/09\/ATEcapacitacion-30-1536x1025.jpg 1536w, https:\/\/atecordoba.org\/wp-content\/uploads\/2023\/09\/ATEcapacitacion-30-2048x1367.jpg 2048w, https:\/\/atecordoba.org\/wp-content\/uploads\/2023\/09\/ATEcapacitacion-30-750x501.jpg 750w, https:\/\/atecordoba.org\/wp-content\/uploads\/2023\/09\/ATEcapacitacion-30-1140x761.jpg 1140w\" sizes=\"auto, (max-width: 1024px) 100vw, 1024px\" \/><\/figure>\n\n\n\n<figure class=\"wp-block-image size-large\"><img loading=\"lazy\" decoding=\"async\" width=\"1024\" height=\"684\" data-id=\"39217\" src=\"https:\/\/atecordoba.org\/wp-content\/uploads\/2023\/09\/ATEcapacitacion-33-1024x684.jpg\" alt=\"\" class=\"wp-image-39217\" srcset=\"https:\/\/atecordoba.org\/wp-content\/uploads\/2023\/09\/ATEcapacitacion-33-1024x684.jpg 1024w, https:\/\/atecordoba.org\/wp-content\/uploads\/2023\/09\/ATEcapacitacion-33-300x200.jpg 300w, https:\/\/atecordoba.org\/wp-content\/uploads\/2023\/09\/ATEcapacitacion-33-768x513.jpg 768w, https:\/\/atecordoba.org\/wp-content\/uploads\/2023\/09\/ATEcapacitacion-33-1536x1025.jpg 1536w, https:\/\/atecordoba.org\/wp-content\/uploads\/2023\/09\/ATEcapacitacion-33-2048x1367.jpg 2048w, https:\/\/atecordoba.org\/wp-content\/uploads\/2023\/09\/ATEcapacitacion-33-750x501.jpg 750w, https:\/\/atecordoba.org\/wp-content\/uploads\/2023\/09\/ATEcapacitacion-33-1140x761.jpg 1140w\" sizes=\"auto, (max-width: 1024px) 100vw, 1024px\" \/><\/figure>\n\n\n\n<figure class=\"wp-block-image size-large\"><img loading=\"lazy\" decoding=\"async\" width=\"1024\" height=\"684\" data-id=\"39216\" src=\"https:\/\/atecordoba.org\/wp-content\/uploads\/2023\/09\/ATEcapacitacion-35-1024x684.jpg\" alt=\"\" class=\"wp-image-39216\" srcset=\"https:\/\/atecordoba.org\/wp-content\/uploads\/2023\/09\/ATEcapacitacion-35-1024x684.jpg 1024w, https:\/\/atecordoba.org\/wp-content\/uploads\/2023\/09\/ATEcapacitacion-35-300x200.jpg 300w, https:\/\/atecordoba.org\/wp-content\/uploads\/2023\/09\/ATEcapacitacion-35-768x513.jpg 768w, https:\/\/atecordoba.org\/wp-content\/uploads\/2023\/09\/ATEcapacitacion-35-1536x1025.jpg 1536w, https:\/\/atecordoba.org\/wp-content\/uploads\/2023\/09\/ATEcapacitacion-35-2048x1367.jpg 2048w, https:\/\/atecordoba.org\/wp-content\/uploads\/2023\/09\/ATEcapacitacion-35-750x501.jpg 750w, https:\/\/atecordoba.org\/wp-content\/uploads\/2023\/09\/ATEcapacitacion-35-1140x761.jpg 1140w\" sizes=\"auto, (max-width: 1024px) 100vw, 1024px\" \/><\/figure>\n<\/figure>\n\n\n\n<p><strong>No quieren cumplir el fallo<\/strong><\/p>\n\n\n\n<p>Vale se\u00f1alar que los cuatro afiliados presentaron una nota diciendo que no iban a presentar. <\/p>\n\n\n\n<p>&#8220;Es grave -consider\u00f3 Spaventa- porque desconocen al Departamento de G\u00e9neros y desconocen un fallo judicial y acent\u00faa precisamente por qu\u00e9 fueron condenados. Act\u00faan de manera machista en vez de reconocer el error y dejar de justificar que todo vale porque es pol\u00edtica. Con una disculpa y con cumplir la capacitaci\u00f3n era el gesto necesario para dar vuelta la p\u00e1gina, sobre todo porque fue una campa\u00f1a muy agresiva. Somos todas y todos estatales y afiliados a un sindicato que est\u00e1 a la vanguardia de la defensa de los derechos de las mujeres y diversidades, ahora tenemos que ver c\u00f3mo sigue esto en la justicia&#8221;.<\/p>\n\n\n\n<p>La responsable de G\u00e9neros y Diversidades de ATE C\u00f3rdoba advirti\u00f3 en ese sentido que &#8220;los cambios vinieron para quedarse, somos un colectivo de mujeres que se esfuerzan para estar a la altura de las circunstancias, en el marco de un proceso de cambios a nivel mundial donde avanzamos en la conquista de derechos para las mujeres. Por eso este 28 de septiembre tambi\u00e9n estuvimos en las calles dici\u00e9ndole a la derecha que nosotras no vamos a retroceder&#8221;.<\/p>\n","protected":false},"excerpt":{"rendered":"<p>En cumplimiento del fallo judicial que ordena a los cuatro afiliados a realizar capacitaciones debido a sus agresiones por motivos de g\u00e9nero y violencia pol\u00edtica que sufri\u00f3 la secretaria de Prensa de ATE C\u00f3rdoba, Julia Giuliani, comenz\u00f3 ayer el ciclo de formaci\u00f3n en g\u00e9neros y diversidades que se dictar\u00e1 en tres cap\u00edtulos en la sede [&hellip;]<\/p>\n","protected":false},"author":7,"featured_media":39212,"comment_status":"open","ping_status":"open","sticky":false,"template":"","format":"standard","meta":{"_exactmetrics_skip_tracking":false,"_exactmetrics_sitenote_active":false,"_exactmetrics_sitenote_note":"","_exactmetrics_sitenote_category":0,"jnews-multi-image_gallery":[],"jnews_single_post":{"subtitle":"La secretaria electa de G\u00e9neros y Diversidades de ATE C\u00f3rdoba advirti\u00f3 que \"los cambios vinieron para quedarse, somos un colectivo de mujeres que se esfuerzan para estar a la altura de las circunstancias, en el marco de un proceso de cambios a nivel mundial donde avanzamos en la conquista de derechos para las mujeres. Por eso este 28 de septiembre tambi\u00e9n estuvimos en las calles dici\u00e9ndole a la derecha que nosotras no vamos a retroceder\".","format":"standard","video":"","gallery":"","source_name":"","source_url":"","via_name":"","via_url":"","override_template":"0","override":[{"template":"1","single_blog_custom":"","parallax":"1","fullscreen":"1","layout":"no-sidebar-narrow","sidebar":"default-sidebar","second_sidebar":"default-sidebar","sticky_sidebar":"1","share_position":"bottom","share_float_style":"share-monocrhome","show_share_counter":"1","show_view_counter":"1","show_featured":"0","show_post_meta":"1","show_post_author":"0","show_post_author_image":"1","show_post_date":"1","post_date_format":"default","post_date_format_custom":"Y\/m\/d","show_post_category":"1","show_post_reading_time":"0","post_reading_time_wpm":"300","show_zoom_button":"0","zoom_button_out_step":"2","zoom_button_in_step":"3","show_post_tag":"1","show_prev_next_post":"0","show_popup_post":"0","number_popup_post":"1","show_author_box":"0","show_post_related":"1","show_inline_post_related":"0"}],"override_image_size":"0","image_override":[{"single_post_thumbnail_size":"crop-500","single_post_gallery_size":"crop-500"}],"trending_post":"0","trending_post_position":"meta","trending_post_label":"Trending","sponsored_post":"0","sponsored_post_label":"Sponsored by","sponsored_post_name":"","sponsored_post_url":"","sponsored_post_logo_enable":"0","sponsored_post_logo":"","sponsored_post_desc":"","disable_ad":"0"},"jnews_primary_category":{"id":"","hide":""},"jnews_social_meta":{"fb_title":"G\u00e9neros y Diversidades: Comenz\u00f3 el ciclo de capacitaciones para cumplir el fallo judicial","fb_description":"","fb_image":"","twitter_title":"","twitter_description":"","twitter_image":""},"jnews_review":[],"enable_review":"0","type":"percentage","name":"","summary":"","brand":"","sku":"","good":[{"good_text":""}],"bad":[{"bad_text":""}],"score_override":"","override_value":"","rating":[{"rating_text":"","rating_number":"10"}],"price":[{"shop":"","price":"","link":"","icon":""}],"jnews_override_counter":{"override_view_counter":"0","view_counter_number":"0","override_share_counter":"0","share_counter_number":"0","override_like_counter":"0","like_counter_number":"0","override_dislike_counter":"0","dislike_counter_number":"0"},"jnews_post_split":{"enable_post_split":"0","post_split":[{"template":"1","tag":"h2","numbering":"asc","mode":"normal","first":"0","enable_toc":"0","toc_type":"normal"}]},"footnotes":""},"categories":[325],"tags":[],"class_list":["post-39206","post","type-post","status-publish","format-standard","has-post-thumbnail","hentry","category-generos-y-diversidades"],"jetpack_featured_media_url":"https:\/\/atecordoba.org\/wp-content\/uploads\/2023\/09\/ATEcapacitacion-48-scaled-e1696005185770.jpg","_links":{"self":[{"href":"https:\/\/atecordoba.org\/index.php?rest_route=\/wp\/v2\/posts\/39206","targetHints":{"allow":["GET"]}}],"collection":[{"href":"https:\/\/atecordoba.org\/index.php?rest_route=\/wp\/v2\/posts"}],"about":[{"href":"https:\/\/atecordoba.org\/index.php?rest_route=\/wp\/v2\/types\/post"}],"author":[{"embeddable":true,"href":"https:\/\/atecordoba.org\/index.php?rest_route=\/wp\/v2\/users\/7"}],"replies":[{"embeddable":true,"href":"https:\/\/atecordoba.org\/index.php?rest_route=%2Fwp%2Fv2%2Fcomments&post=39206"}],"version-history":[{"count":4,"href":"https:\/\/atecordoba.org\/index.php?rest_route=\/wp\/v2\/posts\/39206\/revisions"}],"predecessor-version":[{"id":39293,"href":"https:\/\/atecordoba.org\/index.php?rest_route=\/wp\/v2\/posts\/39206\/revisions\/39293"}],"wp:featuredmedia":[{"embeddable":true,"href":"https:\/\/atecordoba.org\/index.php?rest_route=\/wp\/v2\/media\/39212"}],"wp:attachment":[{"href":"https:\/\/atecordoba.org\/index.php?rest_route=%2Fwp%2Fv2%2Fmedia&parent=39206"}],"wp:term":[{"taxonomy":"category","embeddable":true,"href":"https:\/\/atecordoba.org\/index.php?rest_route=%2Fwp%2Fv2%2Fcategories&post=39206"},{"taxonomy":"post_tag","embeddable":true,"href":"https:\/\/atecordoba.org\/index.php?rest_route=%2Fwp%2Fv2%2Ftags&post=39206"}],"curies":[{"name":"wp","href":"https:\/\/api.w.org\/{rel}","templated":true}]}}