{"id":39199,"date":"2023-09-28T13:22:45","date_gmt":"2023-09-28T16:22:45","guid":{"rendered":"https:\/\/atecordoba.org\/?p=39199"},"modified":"2023-09-28T13:23:52","modified_gmt":"2023-09-28T16:23:52","slug":"giuliani-participo-ayer-de-un-panel-de-sindicalistas-sobre-el-rol-del-estado-en-la-unc","status":"publish","type":"post","link":"https:\/\/atecordoba.org\/?p=39199","title":{"rendered":"Giuliani particip\u00f3 ayer de un panel de sindicalistas sobre el rol del Estado en la UNC"},"content":{"rendered":"<div class=\"wp-block-image\">\n<figure class=\"aligncenter size-large is-resized\"><img loading=\"lazy\" decoding=\"async\" src=\"https:\/\/atecordoba.org\/wp-content\/uploads\/2023\/09\/Imagen-de-WhatsApp-2023-09-28-a-las-11.01.33-1024x771.jpg\" alt=\"\" class=\"wp-image-39200\" width=\"768\" height=\"578\" srcset=\"https:\/\/atecordoba.org\/wp-content\/uploads\/2023\/09\/Imagen-de-WhatsApp-2023-09-28-a-las-11.01.33-1024x771.jpg 1024w, https:\/\/atecordoba.org\/wp-content\/uploads\/2023\/09\/Imagen-de-WhatsApp-2023-09-28-a-las-11.01.33-300x226.jpg 300w, https:\/\/atecordoba.org\/wp-content\/uploads\/2023\/09\/Imagen-de-WhatsApp-2023-09-28-a-las-11.01.33-768x578.jpg 768w, https:\/\/atecordoba.org\/wp-content\/uploads\/2023\/09\/Imagen-de-WhatsApp-2023-09-28-a-las-11.01.33-1536x1156.jpg 1536w, https:\/\/atecordoba.org\/wp-content\/uploads\/2023\/09\/Imagen-de-WhatsApp-2023-09-28-a-las-11.01.33-750x564.jpg 750w, https:\/\/atecordoba.org\/wp-content\/uploads\/2023\/09\/Imagen-de-WhatsApp-2023-09-28-a-las-11.01.33-1140x858.jpg 1140w, https:\/\/atecordoba.org\/wp-content\/uploads\/2023\/09\/Imagen-de-WhatsApp-2023-09-28-a-las-11.01.33.jpg 1600w\" sizes=\"auto, (max-width: 768px) 100vw, 768px\" \/><\/figure>\n<\/div>\n\n\n<p>Ayer por la tarde se realiz\u00f3 una charla abierta, organizada por la Faculta de Ciencias Sociales de la Universidad Nacional de C\u00f3rdoba, titulado &nbsp;\u201cAdministraci\u00f3n P\u00fablica y escenarios actuales: Un relevamiento de los nudos cr\u00edticos desde las voces de sus protagonistas trabajadorxs organizadxs\u201d.<\/p>\n\n\n\n<p>En la oportunidad, nuestro secretario General, Federico Giuliani comparti\u00f3 la mesa junto a Leticia Medina (ADIUC \u2013 Intersindical de Mujeres), Juan Monserrat (UEPC) y Gast\u00f3n Vecchiani (UTS).<\/p>\n\n\n<div class=\"wp-block-image\">\n<figure class=\"alignright size-large is-resized\"><img loading=\"lazy\" decoding=\"async\" src=\"https:\/\/atecordoba.org\/wp-content\/uploads\/2023\/09\/Imagen-de-WhatsApp-2023-09-28-a-las-11.01.31-1024x771.jpg\" alt=\"\" class=\"wp-image-39201\" width=\"512\" height=\"386\" srcset=\"https:\/\/atecordoba.org\/wp-content\/uploads\/2023\/09\/Imagen-de-WhatsApp-2023-09-28-a-las-11.01.31-1024x771.jpg 1024w, https:\/\/atecordoba.org\/wp-content\/uploads\/2023\/09\/Imagen-de-WhatsApp-2023-09-28-a-las-11.01.31-300x226.jpg 300w, https:\/\/atecordoba.org\/wp-content\/uploads\/2023\/09\/Imagen-de-WhatsApp-2023-09-28-a-las-11.01.31-768x578.jpg 768w, https:\/\/atecordoba.org\/wp-content\/uploads\/2023\/09\/Imagen-de-WhatsApp-2023-09-28-a-las-11.01.31-1536x1156.jpg 1536w, https:\/\/atecordoba.org\/wp-content\/uploads\/2023\/09\/Imagen-de-WhatsApp-2023-09-28-a-las-11.01.31-750x564.jpg 750w, https:\/\/atecordoba.org\/wp-content\/uploads\/2023\/09\/Imagen-de-WhatsApp-2023-09-28-a-las-11.01.31-1140x858.jpg 1140w, https:\/\/atecordoba.org\/wp-content\/uploads\/2023\/09\/Imagen-de-WhatsApp-2023-09-28-a-las-11.01.31.jpg 1600w\" sizes=\"auto, (max-width: 512px) 100vw, 512px\" \/><\/figure>\n<\/div>\n\n\n<p>Giuliani destac\u00f3 la invitaci\u00f3n y remarc\u00f3 que &#8220;venimos a plantear que para que exista un Estado presente deben haber trabajadoras y trabajadores con salarios dignos, planta permanente y estabilidad laboral y con condiciones dignas de laburo. No va a haber un Estado con pol\u00edticas p\u00fablicas para nuestro pueblo si en esta perspectiva de la elecci\u00f3n ganan Milei o Bullrich&#8221;.<\/p>\n\n\n\n<p>Y remarc\u00f3 que &#8220;este tipo de debates le dan un volumen a la acci\u00f3n sindical cotidiana desde ATE en C\u00f3rdoba Capital&#8221;.<\/p>\n\n\n\n<p>La conferencia se desarroll\u00f3 en un clima fraterno donde cada uno de los exponentes dio su mirada sobre la coyuntura, realiz\u00e1ndose un rico intercambio con los estudiantes presentes. <\/p>\n\n\n\n<p>en su turno, Giuliani dio su mirada hist\u00f3rica asegurando que &#8220;previo al Rodrigazo de 1975 la distribuci\u00f3n del ingreso era del 50% y 50%. A partir de ah\u00ed vino la dictadura, donde el proceso de distribuci\u00f3n&nbsp; fue empeorando hasta que reci\u00e9n con N\u00e9stor Kirchner comenzamos a acomodarnos un poco&#8221;.<\/p>\n\n\n\n<p>Y aport\u00f3 su experiencia como dirigente sindical de los estatales al afirmar que &#8220;el Estado es un espacio en disputa, hay sectores neoliberales y neofascistas que plantean un Estado m\u00ednimo que solo se dedique a garantizar la transferencia de recursos de los sectores populares a las c\u00fapulas de capital concentrado. Y otros que lo entendemos como una herramienta ordenadora que garantice derechos&nbsp; al poblaci\u00f3n&#8221;.<\/p>\n","protected":false},"excerpt":{"rendered":"<p>Ayer por la tarde se realiz\u00f3 una charla abierta, organizada por la Faculta de Ciencias Sociales de la Universidad Nacional de C\u00f3rdoba, titulado &nbsp;\u201cAdministraci\u00f3n P\u00fablica y escenarios actuales: Un relevamiento de los nudos cr\u00edticos desde las voces de sus protagonistas trabajadorxs organizadxs\u201d. En la oportunidad, nuestro secretario General, Federico Giuliani comparti\u00f3 la mesa junto a [&hellip;]<\/p>\n","protected":false},"author":7,"featured_media":39202,"comment_status":"open","ping_status":"open","sticky":false,"template":"","format":"standard","meta":{"_exactmetrics_skip_tracking":false,"_exactmetrics_sitenote_active":false,"_exactmetrics_sitenote_note":"","_exactmetrics_sitenote_category":0,"jnews-multi-image_gallery":[],"jnews_single_post":{"subtitle":"Giuliani destac\u00f3 la invitaci\u00f3n y remarc\u00f3 que \"venimos a plantear que para que exista un Estado presente deben haber trabajadoras y trabajadores con salarios dignos, planta permanente y estabilidad laboral y con condiciones dignas de laburo. No va a haber un Estado con pol\u00edticas p\u00fablicas para nuestro pueblo si en esta perspectiva de la elecci\u00f3n ganan Milei o Bullrich\".","format":"standard","video":"","gallery":"","source_name":"","source_url":"","via_name":"","via_url":"","override_template":"0","override":[{"template":"1","single_blog_custom":"","parallax":"1","fullscreen":"1","layout":"no-sidebar-narrow","sidebar":"default-sidebar","second_sidebar":"default-sidebar","sticky_sidebar":"1","share_position":"bottom","share_float_style":"share-monocrhome","show_share_counter":"1","show_view_counter":"1","show_featured":"0","show_post_meta":"1","show_post_author":"0","show_post_author_image":"1","show_post_date":"1","post_date_format":"default","post_date_format_custom":"Y\/m\/d","show_post_category":"1","show_post_reading_time":"0","post_reading_time_wpm":"300","show_zoom_button":"0","zoom_button_out_step":"2","zoom_button_in_step":"3","show_post_tag":"1","show_prev_next_post":"0","show_popup_post":"0","number_popup_post":"1","show_author_box":"0","show_post_related":"1","show_inline_post_related":"0"}],"override_image_size":"0","image_override":[{"single_post_thumbnail_size":"crop-500","single_post_gallery_size":"crop-500"}],"trending_post":"0","trending_post_position":"meta","trending_post_label":"Trending","sponsored_post":"0","sponsored_post_label":"Sponsored by","sponsored_post_name":"","sponsored_post_url":"","sponsored_post_logo_enable":"0","sponsored_post_logo":"","sponsored_post_desc":"","disable_ad":"0"},"jnews_primary_category":{"id":"","hide":""},"jnews_social_meta":{"fb_title":"","fb_description":"","fb_image":"","twitter_title":"","twitter_description":"","twitter_image":""},"jnews_review":[],"enable_review":"0","type":"percentage","name":"","summary":"","brand":"","sku":"","good":[{"good_text":""}],"bad":[{"bad_text":""}],"score_override":"","override_value":"","rating":[{"rating_text":"","rating_number":"10"}],"price":[{"shop":"","price":"","link":"","icon":""}],"jnews_override_counter":{"override_view_counter":"0","view_counter_number":"0","override_share_counter":"0","share_counter_number":"0","override_like_counter":"0","like_counter_number":"0","override_dislike_counter":"0","dislike_counter_number":"0"},"jnews_post_split":{"enable_post_split":"0","post_split":[{"template":"1","tag":"h2","numbering":"asc","mode":"normal","first":"0","enable_toc":"0","toc_type":"normal"}]},"footnotes":""},"categories":[10],"tags":[],"class_list":["post-39199","post","type-post","status-publish","format-standard","has-post-thumbnail","hentry","category-accion-politica"],"jetpack_featured_media_url":"https:\/\/atecordoba.org\/wp-content\/uploads\/2023\/09\/PORTADA-3-e1695918158929.jpg","_links":{"self":[{"href":"https:\/\/atecordoba.org\/index.php?rest_route=\/wp\/v2\/posts\/39199","targetHints":{"allow":["GET"]}}],"collection":[{"href":"https:\/\/atecordoba.org\/index.php?rest_route=\/wp\/v2\/posts"}],"about":[{"href":"https:\/\/atecordoba.org\/index.php?rest_route=\/wp\/v2\/types\/post"}],"author":[{"embeddable":true,"href":"https:\/\/atecordoba.org\/index.php?rest_route=\/wp\/v2\/users\/7"}],"replies":[{"embeddable":true,"href":"https:\/\/atecordoba.org\/index.php?rest_route=%2Fwp%2Fv2%2Fcomments&post=39199"}],"version-history":[{"count":2,"href":"https:\/\/atecordoba.org\/index.php?rest_route=\/wp\/v2\/posts\/39199\/revisions"}],"predecessor-version":[{"id":39204,"href":"https:\/\/atecordoba.org\/index.php?rest_route=\/wp\/v2\/posts\/39199\/revisions\/39204"}],"wp:featuredmedia":[{"embeddable":true,"href":"https:\/\/atecordoba.org\/index.php?rest_route=\/wp\/v2\/media\/39202"}],"wp:attachment":[{"href":"https:\/\/atecordoba.org\/index.php?rest_route=%2Fwp%2Fv2%2Fmedia&parent=39199"}],"wp:term":[{"taxonomy":"category","embeddable":true,"href":"https:\/\/atecordoba.org\/index.php?rest_route=%2Fwp%2Fv2%2Fcategories&post=39199"},{"taxonomy":"post_tag","embeddable":true,"href":"https:\/\/atecordoba.org\/index.php?rest_route=%2Fwp%2Fv2%2Ftags&post=39199"}],"curies":[{"name":"wp","href":"https:\/\/api.w.org\/{rel}","templated":true}]}}