{"id":39175,"date":"2023-09-27T15:02:41","date_gmt":"2023-09-27T18:02:41","guid":{"rendered":"https:\/\/atecordoba.org\/?p=39175"},"modified":"2023-09-27T15:03:18","modified_gmt":"2023-09-27T18:03:18","slug":"28s-ate-y-los-feminismos-populares-en-las-calles-y-contra-la-derecha","status":"publish","type":"post","link":"https:\/\/atecordoba.org\/?p=39175","title":{"rendered":"#28S: ATE y los feminismos populares ma\u00f1ana en las calles y contra la derecha"},"content":{"rendered":"<div class=\"wp-block-image\">\n<figure class=\"aligncenter size-large is-resized\"><img loading=\"lazy\" decoding=\"async\" src=\"https:\/\/atecordoba.org\/wp-content\/uploads\/2023\/09\/Imagen-de-WhatsApp-2023-09-27-a-las-13.09.46-1024x1024.jpg\" alt=\"\" class=\"wp-image-39176\" width=\"512\" height=\"512\" srcset=\"https:\/\/atecordoba.org\/wp-content\/uploads\/2023\/09\/Imagen-de-WhatsApp-2023-09-27-a-las-13.09.46-1024x1024.jpg 1024w, https:\/\/atecordoba.org\/wp-content\/uploads\/2023\/09\/Imagen-de-WhatsApp-2023-09-27-a-las-13.09.46-300x300.jpg 300w, https:\/\/atecordoba.org\/wp-content\/uploads\/2023\/09\/Imagen-de-WhatsApp-2023-09-27-a-las-13.09.46-150x150.jpg 150w, https:\/\/atecordoba.org\/wp-content\/uploads\/2023\/09\/Imagen-de-WhatsApp-2023-09-27-a-las-13.09.46-768x768.jpg 768w, https:\/\/atecordoba.org\/wp-content\/uploads\/2023\/09\/Imagen-de-WhatsApp-2023-09-27-a-las-13.09.46-560x560.jpg 560w, https:\/\/atecordoba.org\/wp-content\/uploads\/2023\/09\/Imagen-de-WhatsApp-2023-09-27-a-las-13.09.46-75x75.jpg 75w, https:\/\/atecordoba.org\/wp-content\/uploads\/2023\/09\/Imagen-de-WhatsApp-2023-09-27-a-las-13.09.46-350x350.jpg 350w, https:\/\/atecordoba.org\/wp-content\/uploads\/2023\/09\/Imagen-de-WhatsApp-2023-09-27-a-las-13.09.46-750x750.jpg 750w, https:\/\/atecordoba.org\/wp-content\/uploads\/2023\/09\/Imagen-de-WhatsApp-2023-09-27-a-las-13.09.46.jpg 1080w\" sizes=\"auto, (max-width: 512px) 100vw, 512px\" \/><\/figure>\n<\/div>\n\n\n<p>ATE C\u00f3rdoba convoca a una Jornada de Lucha a realizarse ma\u00f1ana <strong>28 de septiembre Dia de Acci\u00f3n Global por el Aborto Legal,<\/strong>&nbsp;con cese de actividades en todo el pa\u00eds a partir de las 14:00 horas, en defensa de los derechos de mujeres y diversidades y las pol\u00edticas p\u00fablicas para su ejercicio efectivo.<\/p>\n\n\n\n<p>En todo el pa\u00eds habr\u00e1 movilizaciones y concentraciones. En C\u00f3rdoba nos concentramos 17.30 en ATE, Entre R\u00edos 450, para marchar al Museo de&nbsp;Antropolog\u00eda, Hip\u00f3lito Yrigoyen 174.<\/p>\n\n\n\n<p><strong>Llenemos las calles<\/strong><\/p>\n\n\n<div class=\"wp-block-image\">\n<figure class=\"alignright size-large is-resized\"><img loading=\"lazy\" decoding=\"async\" src=\"https:\/\/atecordoba.org\/wp-content\/uploads\/2023\/09\/4-1024x1024.jpg\" alt=\"\" class=\"wp-image-39177\" width=\"353\" height=\"353\" srcset=\"https:\/\/atecordoba.org\/wp-content\/uploads\/2023\/09\/4-1024x1024.jpg 1024w, https:\/\/atecordoba.org\/wp-content\/uploads\/2023\/09\/4-300x300.jpg 300w, https:\/\/atecordoba.org\/wp-content\/uploads\/2023\/09\/4-150x150.jpg 150w, https:\/\/atecordoba.org\/wp-content\/uploads\/2023\/09\/4-768x768.jpg 768w, https:\/\/atecordoba.org\/wp-content\/uploads\/2023\/09\/4-560x560.jpg 560w, https:\/\/atecordoba.org\/wp-content\/uploads\/2023\/09\/4-75x75.jpg 75w, https:\/\/atecordoba.org\/wp-content\/uploads\/2023\/09\/4-350x350.jpg 350w, https:\/\/atecordoba.org\/wp-content\/uploads\/2023\/09\/4-750x750.jpg 750w, https:\/\/atecordoba.org\/wp-content\/uploads\/2023\/09\/4.jpg 1080w\" sizes=\"auto, (max-width: 353px) 100vw, 353px\" \/><\/figure>\n<\/div>\n\n\n<p>\u201cContra el avance de las derechas llenemos las calles. Eso nos convoc\u00f3 urgente a este proceso asambleario de unidad con el que vamos a construir este 28S. Estamos en alerta porque en el marco de la campa\u00f1a electoral las fuerzas pol\u00edticas de derecha expresan, sin tapujos, que vienen por nuestros derechos\u201d, indic\u00f3&nbsp;la Secretaria electa de la Secretar\u00eda de G\u00e9nero y Diversidad de ATE Nacional, Clarisa Gambera,.<\/p>\n\n\n\n<p>Ante la preocupaci\u00f3n de los discursos de odio de algunxs de los principales espacios pol\u00edticos de nuestro pa\u00eds, los feminismos junto a las distintas centrales y sindicatos se organizaron y establecieron una fecha conjunta que expresa la uni\u00f3n.&nbsp;<\/p>\n\n\n\n<p>\u201cNo podemos permitir que con total liviandad ataquen al movimiento feminista, bastardeen la democracia y se lleven puesto los derechos que hemos conquistado con organizaci\u00f3n y lucha en las calles. En una falta de respeto absoluta y un atropello a la memoria colectiva de nuestro pa\u00eds. Por eso nos organizamos, por eso salimos y vamos a estar en las calles, este 28 y las veces que sean necesarias\u201d, se\u00f1al\u00f3&nbsp;Mercedes Cabezas, Secretaria General Adjunta electa de ATE.<\/p>\n\n\n\n<p>El modelo asambleario para fijar una fecha y una agenda conjunta de reclamos no es nueva: basta con recordar c\u00f3mo se gest\u00f3 \u201cNi una Menos\u201d una de las fechas paradigm\u00e1ticas dentro de la ola del nuevo feminismo popular en nuestro pa\u00eds.<\/p>\n\n\n\n<p><strong>Sostener lo que conseguimos<\/strong><\/p>\n\n\n\n<p>\u201cEstamos convencidas de que tenemos la responsabilidad de volver a poner una agenda transversal con aquello que nos deben y en defensa de lo que pudimos conquistar, que nunca es con menos derechos. Tambi\u00e9n desde nuestra identidad de estatalxs porque es con nosotras que son posibles las pol\u00edticas p\u00fablicas. Queremos un Estado mejor, un Estado al servicio del pueblo, un Estado con&nbsp; perspectiva de g\u00e9nero. No es posible garantizar igualdad de oportunidades sin el Estado promoviendo pol\u00edticas p\u00fablicas, garantizando el acceso. La deuda sigue siendo con nosotras pero es con m\u00e1s democracia que vamos a enfrentar esta etapa\u201d, reafirm\u00f3 Gambera.<\/p>\n\n\n\n<figure class=\"wp-block-gallery has-nested-images columns-default is-cropped wp-block-gallery-1 is-layout-flex wp-block-gallery-is-layout-flex\">\n<figure class=\"wp-block-image size-large\"><a href=\"https:\/\/atecordoba.org\/wp-content\/uploads\/2023\/09\/2-2.jpg\" target=\"_blank\" rel=\"noopener\"><img loading=\"lazy\" decoding=\"async\" width=\"1024\" height=\"1024\" data-id=\"39179\" src=\"https:\/\/atecordoba.org\/wp-content\/uploads\/2023\/09\/2-2-1024x1024.jpg\" alt=\"\" class=\"wp-image-39179\" srcset=\"https:\/\/atecordoba.org\/wp-content\/uploads\/2023\/09\/2-2-1024x1024.jpg 1024w, https:\/\/atecordoba.org\/wp-content\/uploads\/2023\/09\/2-2-300x300.jpg 300w, https:\/\/atecordoba.org\/wp-content\/uploads\/2023\/09\/2-2-150x150.jpg 150w, https:\/\/atecordoba.org\/wp-content\/uploads\/2023\/09\/2-2-768x768.jpg 768w, https:\/\/atecordoba.org\/wp-content\/uploads\/2023\/09\/2-2-560x560.jpg 560w, https:\/\/atecordoba.org\/wp-content\/uploads\/2023\/09\/2-2-75x75.jpg 75w, https:\/\/atecordoba.org\/wp-content\/uploads\/2023\/09\/2-2-350x350.jpg 350w, https:\/\/atecordoba.org\/wp-content\/uploads\/2023\/09\/2-2-750x750.jpg 750w, https:\/\/atecordoba.org\/wp-content\/uploads\/2023\/09\/2-2.jpg 1080w\" sizes=\"auto, (max-width: 1024px) 100vw, 1024px\" \/><\/a><\/figure>\n\n\n\n<figure class=\"wp-block-image size-large\"><a href=\"https:\/\/atecordoba.org\/wp-content\/uploads\/2023\/09\/3-2.jpg\" target=\"_blank\" rel=\"noopener\"><img loading=\"lazy\" decoding=\"async\" width=\"1024\" height=\"1024\" data-id=\"39180\" src=\"https:\/\/atecordoba.org\/wp-content\/uploads\/2023\/09\/3-2-1024x1024.jpg\" alt=\"\" class=\"wp-image-39180\" srcset=\"https:\/\/atecordoba.org\/wp-content\/uploads\/2023\/09\/3-2-1024x1024.jpg 1024w, https:\/\/atecordoba.org\/wp-content\/uploads\/2023\/09\/3-2-300x300.jpg 300w, https:\/\/atecordoba.org\/wp-content\/uploads\/2023\/09\/3-2-150x150.jpg 150w, https:\/\/atecordoba.org\/wp-content\/uploads\/2023\/09\/3-2-768x768.jpg 768w, https:\/\/atecordoba.org\/wp-content\/uploads\/2023\/09\/3-2-560x560.jpg 560w, https:\/\/atecordoba.org\/wp-content\/uploads\/2023\/09\/3-2-75x75.jpg 75w, https:\/\/atecordoba.org\/wp-content\/uploads\/2023\/09\/3-2-350x350.jpg 350w, https:\/\/atecordoba.org\/wp-content\/uploads\/2023\/09\/3-2-750x750.jpg 750w, https:\/\/atecordoba.org\/wp-content\/uploads\/2023\/09\/3-2.jpg 1080w\" sizes=\"auto, (max-width: 1024px) 100vw, 1024px\" \/><\/a><\/figure>\n\n\n\n<figure class=\"wp-block-image size-large\"><a href=\"https:\/\/atecordoba.org\/wp-content\/uploads\/2023\/09\/1.jpg\" target=\"_blank\" rel=\"noopener\"><img loading=\"lazy\" decoding=\"async\" width=\"1024\" height=\"1024\" data-id=\"39181\" src=\"https:\/\/atecordoba.org\/wp-content\/uploads\/2023\/09\/1-1024x1024.jpg\" alt=\"\" class=\"wp-image-39181\" srcset=\"https:\/\/atecordoba.org\/wp-content\/uploads\/2023\/09\/1-1024x1024.jpg 1024w, https:\/\/atecordoba.org\/wp-content\/uploads\/2023\/09\/1-300x300.jpg 300w, https:\/\/atecordoba.org\/wp-content\/uploads\/2023\/09\/1-150x150.jpg 150w, https:\/\/atecordoba.org\/wp-content\/uploads\/2023\/09\/1-768x768.jpg 768w, https:\/\/atecordoba.org\/wp-content\/uploads\/2023\/09\/1-560x560.jpg 560w, https:\/\/atecordoba.org\/wp-content\/uploads\/2023\/09\/1-75x75.jpg 75w, https:\/\/atecordoba.org\/wp-content\/uploads\/2023\/09\/1-350x350.jpg 350w, https:\/\/atecordoba.org\/wp-content\/uploads\/2023\/09\/1-750x750.jpg 750w, https:\/\/atecordoba.org\/wp-content\/uploads\/2023\/09\/1.jpg 1080w\" sizes=\"auto, (max-width: 1024px) 100vw, 1024px\" \/><\/a><\/figure>\n<\/figure>\n\n\n\n<p>En esa l\u00ednea Cabezas indic\u00f3: \u201cEl aborto legal, seguro y gratuito nos supo unir como movimiento para materializar una demanda y que las personas gestantes de menos recursos no sigan muriendo. Estuvimos en la escena p\u00fablica y llevamos los debates tambi\u00e9n al \u00e1mbito privado. Fue una demanda hist\u00f3rica que se potenci\u00f3 en la calle. Ahora volvemos a encontrarnos para sostener eso que supimos conseguir pero, tambi\u00e9n para decirles que no pasar\u00e1n, porque siempre que hay ajuste la pagamos las y los trabajadores\u201d.<\/p>\n\n\n\n<p>Por \u00faltimo, la secretaria electa de g\u00e9nero dijo:&nbsp; \u201cLa deuda sigue siendo con nosotras pero es con m\u00e1s democracia que vamos a enfrentar esta etapa. Por eso, la apuesta feminista de poner por delante la agenda, darnos procesos asamblearios, construir espacios intersindicales. Todas estrategias para construir unidad y la fuerza necesaria para decirle a la derecha ahora con fuerza feminista \u00a1Nunca M\u00e1s!\u00bb.<\/p>\n","protected":false},"excerpt":{"rendered":"<p>ATE C\u00f3rdoba convoca a una Jornada de Lucha a realizarse ma\u00f1ana 28 de septiembre Dia de Acci\u00f3n Global por el Aborto Legal,&nbsp;con cese de actividades en todo el pa\u00eds a partir de las 14:00 horas, en defensa de los derechos de mujeres y diversidades y las pol\u00edticas p\u00fablicas para su ejercicio efectivo. En todo el [&hellip;]<\/p>\n","protected":false},"author":7,"featured_media":39182,"comment_status":"open","ping_status":"open","sticky":false,"template":"","format":"standard","meta":{"_exactmetrics_skip_tracking":false,"_exactmetrics_sitenote_active":false,"_exactmetrics_sitenote_note":"","_exactmetrics_sitenote_category":0,"jnews-multi-image_gallery":[],"jnews_single_post":{"subtitle":"Ante la preocupaci\u00f3n de los discursos de odio de algunxs de los principales espacios pol\u00edticos de nuestro pa\u00eds, los feminismos junto a las distintas centrales y sindicatos se organizaron y establecieron una fecha conjunta que expresa la uni\u00f3n.\u00a0","format":"standard","video":"","gallery":"","source_name":"","source_url":"","via_name":"","via_url":"","override_template":"0","override":[{"template":"1","single_blog_custom":"","parallax":"1","fullscreen":"1","layout":"no-sidebar-narrow","sidebar":"default-sidebar","second_sidebar":"default-sidebar","sticky_sidebar":"1","share_position":"bottom","share_float_style":"share-monocrhome","show_share_counter":"1","show_view_counter":"1","show_featured":"0","show_post_meta":"1","show_post_author":"0","show_post_author_image":"1","show_post_date":"1","post_date_format":"default","post_date_format_custom":"Y\/m\/d","show_post_category":"1","show_post_reading_time":"0","post_reading_time_wpm":"300","show_zoom_button":"0","zoom_button_out_step":"2","zoom_button_in_step":"3","show_post_tag":"1","show_prev_next_post":"0","show_popup_post":"0","number_popup_post":"1","show_author_box":"0","show_post_related":"1","show_inline_post_related":"0"}],"override_image_size":"0","image_override":[{"single_post_thumbnail_size":"crop-500","single_post_gallery_size":"crop-500"}],"trending_post":"0","trending_post_position":"meta","trending_post_label":"Trending","sponsored_post":"0","sponsored_post_label":"Sponsored by","sponsored_post_name":"","sponsored_post_url":"","sponsored_post_logo_enable":"0","sponsored_post_logo":"","sponsored_post_desc":"","disable_ad":"0"},"jnews_primary_category":{"id":"","hide":""},"jnews_social_meta":{"fb_title":"","fb_description":"","fb_image":"","twitter_title":"","twitter_description":"","twitter_image":""},"jnews_review":[],"enable_review":"0","type":"percentage","name":"","summary":"","brand":"","sku":"","good":[{"good_text":""}],"bad":[{"bad_text":""}],"score_override":"","override_value":"","rating":[{"rating_text":"","rating_number":"10"}],"price":[{"shop":"","price":"","link":"","icon":""}],"jnews_override_counter":{"override_view_counter":"0","view_counter_number":"0","override_share_counter":"0","share_counter_number":"0","override_like_counter":"0","like_counter_number":"0","override_dislike_counter":"0","dislike_counter_number":"0"},"jnews_post_split":{"enable_post_split":"0","post_split":[{"template":"1","tag":"h2","numbering":"asc","mode":"normal","first":"0","enable_toc":"0","toc_type":"normal"}]},"footnotes":""},"categories":[325],"tags":[],"class_list":["post-39175","post","type-post","status-publish","format-standard","has-post-thumbnail","hentry","category-generos-y-diversidades"],"jetpack_featured_media_url":"https:\/\/atecordoba.org\/wp-content\/uploads\/2023\/09\/portada-2.jpg","_links":{"self":[{"href":"https:\/\/atecordoba.org\/index.php?rest_route=\/wp\/v2\/posts\/39175","targetHints":{"allow":["GET"]}}],"collection":[{"href":"https:\/\/atecordoba.org\/index.php?rest_route=\/wp\/v2\/posts"}],"about":[{"href":"https:\/\/atecordoba.org\/index.php?rest_route=\/wp\/v2\/types\/post"}],"author":[{"embeddable":true,"href":"https:\/\/atecordoba.org\/index.php?rest_route=\/wp\/v2\/users\/7"}],"replies":[{"embeddable":true,"href":"https:\/\/atecordoba.org\/index.php?rest_route=%2Fwp%2Fv2%2Fcomments&post=39175"}],"version-history":[{"count":2,"href":"https:\/\/atecordoba.org\/index.php?rest_route=\/wp\/v2\/posts\/39175\/revisions"}],"predecessor-version":[{"id":39185,"href":"https:\/\/atecordoba.org\/index.php?rest_route=\/wp\/v2\/posts\/39175\/revisions\/39185"}],"wp:featuredmedia":[{"embeddable":true,"href":"https:\/\/atecordoba.org\/index.php?rest_route=\/wp\/v2\/media\/39182"}],"wp:attachment":[{"href":"https:\/\/atecordoba.org\/index.php?rest_route=%2Fwp%2Fv2%2Fmedia&parent=39175"}],"wp:term":[{"taxonomy":"category","embeddable":true,"href":"https:\/\/atecordoba.org\/index.php?rest_route=%2Fwp%2Fv2%2Fcategories&post=39175"},{"taxonomy":"post_tag","embeddable":true,"href":"https:\/\/atecordoba.org\/index.php?rest_route=%2Fwp%2Fv2%2Ftags&post=39175"}],"curies":[{"name":"wp","href":"https:\/\/api.w.org\/{rel}","templated":true}]}}