{"id":39149,"date":"2023-09-27T12:11:17","date_gmt":"2023-09-27T15:11:17","guid":{"rendered":"https:\/\/atecordoba.org\/?p=39149"},"modified":"2023-09-27T12:12:22","modified_gmt":"2023-09-27T15:12:22","slug":"criminalizacion-de-la-protesta-marcha-a-tribunales-federales-este-viernes-por-las-y-los-27-universitarios-a-juicio-por-una-toma-en-la-unc","status":"publish","type":"post","link":"https:\/\/atecordoba.org\/?p=39149","title":{"rendered":"Criminalizaci\u00f3n de la protesta: marcha a Tribunales Federales este viernes por las y los 27 universitarios a juicio por una toma en la UNC"},"content":{"rendered":"<div class=\"wp-block-image\">\n<figure class=\"aligncenter size-full is-resized\"><img loading=\"lazy\" decoding=\"async\" src=\"https:\/\/atecordoba.org\/wp-content\/uploads\/2023\/09\/estudiantes.png\" alt=\"\" class=\"wp-image-39150\" width=\"723\" height=\"419\" \/><\/figure>\n<\/div>\n\n\n<p>Este viernes 29 de septiembre est\u00e1 convocada una marcha a la sede de Tribunales Federales de C\u00f3rdoba en repudio a la criminalizaci\u00f3n de la protesta en la Universidad Nacional de C\u00f3rdoba, cuando se realizar\u00e1 la audiencia preliminar por el juicio a 27 estudiantes que protagonizaron la toma del Pabell\u00f3n Argentina en 2018, durante el macrismo, en reclamo mejoras en la educaci\u00f3n p\u00fablica y en apoyo a la lucha salarial docente,<\/p>\n\n\n\n<p>En ese marco, ATE C\u00f3rdoba adhiere a la protesta, bajo la consigna &#8220;Absoluci\u00f3n ya a les 27 estudiantes de la UNC y en defensa de la educaci\u00f3n p\u00fablica&#8221;. La concentraci\u00f3n se llevar\u00e1 a cabo en Av. Concepci\u00f3n Arenal y Wenceslao Paunero, a partir de las 8 horas.<\/p>\n\n\n\n<p>&#8220;La justicia, por supuesto, toma nota de los aires reaccionarios y avanz\u00f3 de nuevo con este juicio, por eso es muy importante estar en la calle para frenarlo ya que quieren cuestionar ante todo el derecho a organizarnos por nuestros&nbsp;derechos&#8221;, advierte la convocatoria p\u00fablica.<\/p>\n\n\n\n<p>Para adherir al reclamo se est\u00e1 realizando una juntada de firmas en apoyo a las y los estudiantes perseguidos por luchar.<\/p>\n\n\n\n<p>Para firmar debe ingresarse al siguiente enlace <a href=\"https:\/\/forms.gle\/bTSeg8jFt6eyvTeA7\">https:\/\/forms.gle\/bTSeg8jFt6eyvTeA7<\/a><\/p>\n\n\n\n<p><\/p>\n\n\n\n<p><\/p>\n","protected":false},"excerpt":{"rendered":"<p>Este viernes 29 de septiembre est\u00e1 convocada una marcha a la sede de Tribunales Federales de C\u00f3rdoba en repudio a la criminalizaci\u00f3n de la protesta en la Universidad Nacional de C\u00f3rdoba, cuando se realizar\u00e1 la audiencia preliminar por el juicio a 27 estudiantes que protagonizaron la toma del Pabell\u00f3n Argentina en 2018, durante el macrismo, [&hellip;]<\/p>\n","protected":false},"author":7,"featured_media":39150,"comment_status":"open","ping_status":"open","sticky":false,"template":"","format":"standard","meta":{"_exactmetrics_skip_tracking":false,"_exactmetrics_sitenote_active":false,"_exactmetrics_sitenote_note":"","_exactmetrics_sitenote_category":0,"jnews-multi-image_gallery":[],"jnews_single_post":{"subtitle":"\"La justicia por supuesto que toma nota de los aires reaccionarios y avanz\u00f3 de nuevo con este juicio, por eso es muy importante estar en la calle para frenarlo ya que quieren cuestionar ante todo el derecho a organizarnos por nuestros derechos\", advierte la convocatoria p\u00fablica.","format":"standard","video":"","gallery":"","source_name":"","source_url":"","via_name":"","via_url":"","override_template":"0","override":[{"template":"1","single_blog_custom":"","parallax":"1","fullscreen":"1","layout":"no-sidebar-narrow","sidebar":"default-sidebar","second_sidebar":"default-sidebar","sticky_sidebar":"1","share_position":"bottom","share_float_style":"share-monocrhome","show_share_counter":"1","show_view_counter":"1","show_featured":"0","show_post_meta":"1","show_post_author":"0","show_post_author_image":"1","show_post_date":"1","post_date_format":"default","post_date_format_custom":"Y\/m\/d","show_post_category":"1","show_post_reading_time":"0","post_reading_time_wpm":"300","show_zoom_button":"0","zoom_button_out_step":"2","zoom_button_in_step":"3","show_post_tag":"1","show_prev_next_post":"0","show_popup_post":"0","number_popup_post":"1","show_author_box":"0","show_post_related":"1","show_inline_post_related":"0"}],"override_image_size":"0","image_override":[{"single_post_thumbnail_size":"crop-500","single_post_gallery_size":"crop-500"}],"trending_post":"0","trending_post_position":"meta","trending_post_label":"Trending","sponsored_post":"0","sponsored_post_label":"Sponsored by","sponsored_post_name":"","sponsored_post_url":"","sponsored_post_logo_enable":"0","sponsored_post_logo":"","sponsored_post_desc":"","disable_ad":"0"},"jnews_primary_category":{"id":"","hide":""},"jnews_social_meta":{"fb_title":"","fb_description":"","fb_image":"","twitter_title":"","twitter_description":"","twitter_image":""},"jnews_review":[],"enable_review":"0","type":"percentage","name":"","summary":"","brand":"","sku":"","good":[{"good_text":""}],"bad":[{"bad_text":""}],"score_override":"","override_value":"","rating":[{"rating_text":"","rating_number":"10"}],"price":[{"shop":"","price":"","link":"","icon":""}],"jnews_override_counter":{"override_view_counter":"0","view_counter_number":"0","override_share_counter":"0","share_counter_number":"0","override_like_counter":"0","like_counter_number":"0","override_dislike_counter":"0","dislike_counter_number":"0"},"jnews_post_split":{"enable_post_split":"0","post_split":[{"template":"1","tag":"h2","numbering":"asc","mode":"normal","first":"0","enable_toc":"0","toc_type":"normal"}]},"footnotes":""},"categories":[10],"tags":[],"class_list":["post-39149","post","type-post","status-publish","format-standard","has-post-thumbnail","hentry","category-accion-politica"],"jetpack_featured_media_url":"https:\/\/atecordoba.org\/wp-content\/uploads\/2023\/09\/estudiantes-e1695827445554.png","_links":{"self":[{"href":"https:\/\/atecordoba.org\/index.php?rest_route=\/wp\/v2\/posts\/39149","targetHints":{"allow":["GET"]}}],"collection":[{"href":"https:\/\/atecordoba.org\/index.php?rest_route=\/wp\/v2\/posts"}],"about":[{"href":"https:\/\/atecordoba.org\/index.php?rest_route=\/wp\/v2\/types\/post"}],"author":[{"embeddable":true,"href":"https:\/\/atecordoba.org\/index.php?rest_route=\/wp\/v2\/users\/7"}],"replies":[{"embeddable":true,"href":"https:\/\/atecordoba.org\/index.php?rest_route=%2Fwp%2Fv2%2Fcomments&post=39149"}],"version-history":[{"count":2,"href":"https:\/\/atecordoba.org\/index.php?rest_route=\/wp\/v2\/posts\/39149\/revisions"}],"predecessor-version":[{"id":39152,"href":"https:\/\/atecordoba.org\/index.php?rest_route=\/wp\/v2\/posts\/39149\/revisions\/39152"}],"wp:featuredmedia":[{"embeddable":true,"href":"https:\/\/atecordoba.org\/index.php?rest_route=\/wp\/v2\/media\/39150"}],"wp:attachment":[{"href":"https:\/\/atecordoba.org\/index.php?rest_route=%2Fwp%2Fv2%2Fmedia&parent=39149"}],"wp:term":[{"taxonomy":"category","embeddable":true,"href":"https:\/\/atecordoba.org\/index.php?rest_route=%2Fwp%2Fv2%2Fcategories&post=39149"},{"taxonomy":"post_tag","embeddable":true,"href":"https:\/\/atecordoba.org\/index.php?rest_route=%2Fwp%2Fv2%2Ftags&post=39149"}],"curies":[{"name":"wp","href":"https:\/\/api.w.org\/{rel}","templated":true}]}}